{"id":8790,"date":"2026-01-27T13:50:03","date_gmt":"2026-01-27T12:50:03","guid":{"rendered":"https:\/\/www.saulaie.com\/blog\/?p=8790"},"modified":"2026-01-27T14:19:46","modified_gmt":"2026-01-27T13:19:46","slug":"bien-choisir-sa-teinte-de-ceramique","status":"publish","type":"post","link":"https:\/\/www.saulaie.com\/blog\/bien-choisir-sa-teinte-de-ceramique\/","title":{"rendered":"Bien choisir sa teinte de c\u00e9ramique"},"content":{"rendered":"\t\t<div data-elementor-type=\"wp-post\" data-elementor-id=\"8790\" class=\"elementor elementor-8790\" data-elementor-post-type=\"post\">\n\t\t\t\t<div data-particle_enable=\"false\" data-particle-mobile-disabled=\"false\" class=\"elementor-element elementor-element-310b76a e-flex e-con-boxed e-con e-parent\" data-id=\"310b76a\" data-element_type=\"container\">\n\t\t\t\t\t<div class=\"e-con-inner\">\n\t\t\t\t<div class=\"elementor-element elementor-element-37b14b9 elementor-widget elementor-widget-text-editor\" data-id=\"37b14b9\" data-element_type=\"widget\" data-widget_type=\"text-editor.default\">\n\t\t\t\t<div class=\"elementor-widget-container\">\n\t\t\t\t\t\t\t\t\t<h1><strong>Comment choisir, en quelques mots ?<\/strong><\/h1><ul><li><strong>Noir mat<\/strong> : minimalisme chic, tr\u00e8s contemporain, contraste net avec le bois.<\/li><li><strong>Marbre noir vein\u00e9<\/strong> : signature d\u00e9corative, caract\u00e8re, esprit galerie \/ h\u00f4tel particulier.<\/li><li><strong>Marbre blanc vein\u00e9<\/strong> : lumi\u00e8re, \u00e9l\u00e9gance intemporelle, sensation d\u2019espace.<\/li><li><strong>Ardoise<\/strong> : min\u00e9ral textur\u00e9, chaleur contemporaine, sophistication naturelle.<\/li><li><strong>Brun oxyd\u00e9\u00a0<\/strong>: teinte chaude et patin\u00e9e, esprit m\u00e9tal travaill\u00e9\/atelier chic, parfait pour cr\u00e9er un contraste sophistiqu\u00e9 avec le bois tout en restant tr\u00e8s intemporel.<\/li><\/ul>\t\t\t\t\t\t\t\t<\/div>\n\t\t\t\t<\/div>\n\t\t<div data-particle_enable=\"false\" data-particle-mobile-disabled=\"false\" class=\"elementor-element elementor-element-d4773c9 e-grid e-con-full e-con e-child\" data-id=\"d4773c9\" data-element_type=\"container\">\n\t\t\t\t<div class=\"elementor-element elementor-element-0e468cc elementor-widget elementor-widget-image\" data-id=\"0e468cc\" data-element_type=\"widget\" data-widget_type=\"image.default\">\n\t\t\t\t<div class=\"elementor-widget-container\">\n\t\t\t\t\t\t\t\t\t\t\t\t\t\t\t\t<a href=\"https:\/\/www.saulaie.com\/fr\/8432-banc-l120-cm-teinte-noyer-assise-cuir-caramel-albatre.html\" target=\"_blank\">\n\t\t\t\t\t\t\t<img fetchpriority=\"high\" decoding=\"async\" width=\"550\" height=\"231\" src=\"https:\/\/www.saulaie.com\/blog\/wp-content\/uploads\/2026\/01\/ceramique-choix-noirmat2.jpg\" class=\"attachment-large size-large wp-image-8795\" alt=\"\" srcset=\"https:\/\/www.saulaie.com\/blog\/wp-content\/uploads\/2026\/01\/ceramique-choix-noirmat2.jpg 550w, https:\/\/www.saulaie.com\/blog\/wp-content\/uploads\/2026\/01\/ceramique-choix-noirmat2-300x126.jpg 300w\" sizes=\"(max-width: 550px) 100vw, 550px\" \/>\t\t\t\t\t\t\t\t<\/a>\n\t\t\t\t\t\t\t\t\t\t\t\t\t\t\t<\/div>\n\t\t\t\t<\/div>\n\t\t\t\t<div class=\"elementor-element elementor-element-99c92e1 elementor-widget elementor-widget-text-editor\" data-id=\"99c92e1\" data-element_type=\"widget\" data-widget_type=\"text-editor.default\">\n\t\t\t\t<div class=\"elementor-widget-container\">\n\t\t\t\t\t\t\t\t\t<h2><strong>Noir mat<\/strong><\/h2><p>Le noir mat est un choix d\u2019\u00e9vidence pour qui recherche une <b>\u00e9l\u00e9gance graphique<\/b>, presque architecturale. Il capte la lumi\u00e8re sans la renvoyer, ce qui cr\u00e9e une pr\u00e9sence dense, feutr\u00e9e, tr\u00e8s contemporaine.\u00a0<\/p><p>Il met en valeur les lignes du mobilier et souligne les volumes, sans effet d\u00e9coratif superflu. Associ\u00e9 au bois, il joue le contraste le plus pur : chaleur organique contre min\u00e9ralit\u00e9 profonde. C\u2019est le parti pris du luxe discret, celui qui ne cherche pas \u00e0 s\u00e9duire, mais \u00e0 durer.<\/p>\t\t\t\t\t\t\t\t<\/div>\n\t\t\t\t<\/div>\n\t\t\t\t<\/div>\n\t\t\t\t\t<\/div>\n\t\t\t\t<\/div>\n\t\t<div data-particle_enable=\"false\" data-particle-mobile-disabled=\"false\" class=\"elementor-element elementor-element-b72ad27 e-flex e-con-boxed e-con e-parent\" data-id=\"b72ad27\" data-element_type=\"container\">\n\t\t\t\t\t<div class=\"e-con-inner\">\n\t\t\t\t<div class=\"elementor-element elementor-element-ae579be elementor-widget elementor-widget-text-editor\" data-id=\"ae579be\" data-element_type=\"widget\" data-widget_type=\"text-editor.default\">\n\t\t\t\t<div class=\"elementor-widget-container\">\n\t\t\t\t\t\t\t\t\t<h2><strong>Marbre noir vein\u00e9<\/strong><\/h2><p>Le marbre noir vein\u00e9 introduit une dimension plus expressive, plus \u201ccouture\u201d. Les veines \u2014 jamais parfaitement r\u00e9guli\u00e8res \u2014 apportent un rythme naturel qui anime la surface, tout en conservant une base sombre et sophistiqu\u00e9e. C\u2019est la c\u00e9ramique qui \u00e9voque les <b>appartements haussmanniens revisit\u00e9s<\/b>, les h\u00f4tels particuliers modernis\u00e9s, les atmosph\u00e8res de galerie. Elle dialogue parfaitement avec des tonalit\u00e9s bois profondes, des m\u00e9taux (laiton bross\u00e9, noir), des textiles textur\u00e9s. Le r\u00e9sultat : une pi\u00e8ce au caract\u00e8re affirm\u00e9, avec une \u00e9l\u00e9gance dramatique ma\u00eetris\u00e9e.<\/p><h2><strong>Marbre blanc vein\u00e9<\/strong><\/h2><p>Le marbre blanc vein\u00e9 est l\u2019option lumineuse par excellence. Il ouvre l\u2019espace, refl\u00e8te la clart\u00e9, et apporte une sensation imm\u00e9diate de<b> fra\u00eecheur sophistiqu\u00e9e<\/b>. Son veinage d\u00e9licat cr\u00e9e un d\u00e9cor subtil, jamais ostentatoire, et sa lecture visuelle est particuli\u00e8rement raffin\u00e9e dans des int\u00e9rieurs calmes : blancs cass\u00e9s, beiges, gris chauds, bois clairs ou noyer. C\u2019est une c\u00e9ramique qui \u201cfait respirer\u201d une pi\u00e8ce, tout en donnant un niveau de finition tr\u00e8s premium. Id\u00e9ale pour une ambiance intemporelle, \u00e9l\u00e9gante et sereine.<\/p>\t\t\t\t\t\t\t\t<\/div>\n\t\t\t\t<\/div>\n\t\t<div data-particle_enable=\"false\" data-particle-mobile-disabled=\"false\" class=\"elementor-element elementor-element-52bc894 e-grid e-con-full e-con e-child\" data-id=\"52bc894\" data-element_type=\"container\">\n\t\t\t\t<div class=\"elementor-element elementor-element-0fbdc7d elementor-widget elementor-widget-image\" data-id=\"0fbdc7d\" data-element_type=\"widget\" data-widget_type=\"image.default\">\n\t\t\t\t<div class=\"elementor-widget-container\">\n\t\t\t\t\t\t\t\t\t\t\t\t\t\t\t\t<a href=\"https:\/\/www.saulaie.com\/fr\/8432-banc-l120-cm-teinte-noyer-assise-cuir-caramel-albatre.html\" target=\"_blank\">\n\t\t\t\t\t\t\t<img decoding=\"async\" width=\"550\" height=\"231\" src=\"https:\/\/www.saulaie.com\/blog\/wp-content\/uploads\/2026\/01\/ceramique-choix-noirveine2-1.jpg\" class=\"attachment-large size-large wp-image-8806\" alt=\"\" srcset=\"https:\/\/www.saulaie.com\/blog\/wp-content\/uploads\/2026\/01\/ceramique-choix-noirveine2-1.jpg 550w, https:\/\/www.saulaie.com\/blog\/wp-content\/uploads\/2026\/01\/ceramique-choix-noirveine2-1-300x126.jpg 300w\" sizes=\"(max-width: 550px) 100vw, 550px\" \/>\t\t\t\t\t\t\t\t<\/a>\n\t\t\t\t\t\t\t\t\t\t\t\t\t\t\t<\/div>\n\t\t\t\t<\/div>\n\t\t\t\t<div class=\"elementor-element elementor-element-7bad4c0 elementor-widget elementor-widget-image\" data-id=\"7bad4c0\" data-element_type=\"widget\" data-widget_type=\"image.default\">\n\t\t\t\t<div class=\"elementor-widget-container\">\n\t\t\t\t\t\t\t\t\t\t\t\t\t\t\t<img decoding=\"async\" width=\"550\" height=\"231\" src=\"https:\/\/www.saulaie.com\/blog\/wp-content\/uploads\/2026\/01\/ceramique-choix-blancveine2-1.jpg\" class=\"attachment-large size-large wp-image-8804\" alt=\"\" srcset=\"https:\/\/www.saulaie.com\/blog\/wp-content\/uploads\/2026\/01\/ceramique-choix-blancveine2-1.jpg 550w, https:\/\/www.saulaie.com\/blog\/wp-content\/uploads\/2026\/01\/ceramique-choix-blancveine2-1-300x126.jpg 300w\" sizes=\"(max-width: 550px) 100vw, 550px\" \/>\t\t\t\t\t\t\t\t\t\t\t\t\t\t\t<\/div>\n\t\t\t\t<\/div>\n\t\t\t\t<\/div>\n\t\t\t\t\t<\/div>\n\t\t\t\t<\/div>\n\t\t<div data-particle_enable=\"false\" data-particle-mobile-disabled=\"false\" class=\"elementor-element elementor-element-b629e26 e-flex e-con-boxed e-con e-parent\" data-id=\"b629e26\" data-element_type=\"container\">\n\t\t\t\t\t<div class=\"e-con-inner\">\n\t\t<div data-particle_enable=\"false\" data-particle-mobile-disabled=\"false\" class=\"elementor-element elementor-element-46c3ff8 e-grid e-con-full e-con e-child\" data-id=\"46c3ff8\" data-element_type=\"container\">\n\t\t\t\t<div class=\"elementor-element elementor-element-3c9f719 elementor-widget elementor-widget-image\" data-id=\"3c9f719\" data-element_type=\"widget\" data-widget_type=\"image.default\">\n\t\t\t\t<div class=\"elementor-widget-container\">\n\t\t\t\t\t\t\t\t\t\t\t\t\t\t\t\t<a href=\"https:\/\/www.saulaie.com\/fr\/8432-banc-l120-cm-teinte-noyer-assise-cuir-caramel-albatre.html\" target=\"_blank\">\n\t\t\t\t\t\t\t<img loading=\"lazy\" decoding=\"async\" width=\"550\" height=\"231\" src=\"https:\/\/www.saulaie.com\/blog\/wp-content\/uploads\/2026\/01\/ceramique-choix-ardoise.jpg\" class=\"attachment-large size-large wp-image-8807\" alt=\"\" srcset=\"https:\/\/www.saulaie.com\/blog\/wp-content\/uploads\/2026\/01\/ceramique-choix-ardoise.jpg 550w, https:\/\/www.saulaie.com\/blog\/wp-content\/uploads\/2026\/01\/ceramique-choix-ardoise-300x126.jpg 300w\" sizes=\"(max-width: 550px) 100vw, 550px\" \/>\t\t\t\t\t\t\t\t<\/a>\n\t\t\t\t\t\t\t\t\t\t\t\t\t\t\t<\/div>\n\t\t\t\t<\/div>\n\t\t\t\t<div class=\"elementor-element elementor-element-7c20300 elementor-widget elementor-widget-text-editor\" data-id=\"7c20300\" data-element_type=\"widget\" data-widget_type=\"text-editor.default\">\n\t\t\t\t<div class=\"elementor-widget-container\">\n\t\t\t\t\t\t\t\t\t<h2><strong>Ardoise<\/strong><\/h2><p>L\u2019effet ardoise est une interpr\u00e9tation plus min\u00e9rale, plus textur\u00e9e. Visuellement, il convoque la pierre naturelle, les mati\u00e8res brutes, <b>l\u2019authenticit\u00e9 contemporaine<\/b>. Sa profondeur tient moins au contraste qu\u2019\u00e0 la nuance : une surface qui semble vivante, l\u00e9g\u00e8rement nuanc\u00e9e, avec une sophistication non lisse, non \u201cparfaite\u201d. Elle s\u2019inscrit tr\u00e8s bien dans des univers wabi-sabi, contemporains chaleureux, ou architecturaux adoucis par le bois. C\u2019est le choix de ceux qui veulent une pr\u00e9sence forte mais organique, et une esth\u00e9tique qui se patine dans le regard plut\u00f4t que d\u2019imposer un effet.<\/p>\t\t\t\t\t\t\t\t<\/div>\n\t\t\t\t<\/div>\n\t\t\t\t<\/div>\n\t\t\t\t\t<\/div>\n\t\t\t\t<\/div>\n\t\t<div data-particle_enable=\"false\" data-particle-mobile-disabled=\"false\" class=\"elementor-element elementor-element-240d3c0 e-flex e-con-boxed e-con e-parent\" data-id=\"240d3c0\" data-element_type=\"container\">\n\t\t\t\t\t<div class=\"e-con-inner\">\n\t\t\t\t<div class=\"elementor-element elementor-element-b632652 elementor-widget elementor-widget-image\" data-id=\"b632652\" data-element_type=\"widget\" data-widget_type=\"image.default\">\n\t\t\t\t<div class=\"elementor-widget-container\">\n\t\t\t\t\t\t\t\t\t\t\t\t\t\t\t\t<a href=\"https:\/\/www.saulaie.com\/fr\/2966-chaise-scandinave-teinte-naturelle-et-tissu-chevron-bleu-zelie.html\" target=\"_blank\">\n\t\t\t\t\t\t\t<img loading=\"lazy\" decoding=\"async\" width=\"800\" height=\"350\" src=\"https:\/\/www.saulaie.com\/blog\/wp-content\/uploads\/2026\/01\/ceramique-choix-2-1024x448.jpg\" class=\"attachment-large size-large wp-image-8793\" alt=\"ceramique\" srcset=\"https:\/\/www.saulaie.com\/blog\/wp-content\/uploads\/2026\/01\/ceramique-choix-2-1024x448.jpg 1024w, https:\/\/www.saulaie.com\/blog\/wp-content\/uploads\/2026\/01\/ceramique-choix-2-300x131.jpg 300w, https:\/\/www.saulaie.com\/blog\/wp-content\/uploads\/2026\/01\/ceramique-choix-2-768x336.jpg 768w, https:\/\/www.saulaie.com\/blog\/wp-content\/uploads\/2026\/01\/ceramique-choix-2.jpg 1150w\" sizes=\"(max-width: 800px) 100vw, 800px\" \/>\t\t\t\t\t\t\t\t<\/a>\n\t\t\t\t\t\t\t\t\t\t\t\t\t\t\t<\/div>\n\t\t\t\t<\/div>\n\t\t\t\t\t<\/div>\n\t\t\t\t<\/div>\n\t\t<div data-particle_enable=\"false\" data-particle-mobile-disabled=\"false\" class=\"elementor-element elementor-element-322402d e-flex e-con-boxed e-con e-parent\" data-id=\"322402d\" data-element_type=\"container\">\n\t\t\t\t\t<div class=\"e-con-inner\">\n\t\t<div data-particle_enable=\"false\" data-particle-mobile-disabled=\"false\" class=\"elementor-element elementor-element-51d50e2 e-grid e-con-full e-con e-child\" data-id=\"51d50e2\" data-element_type=\"container\">\n\t\t\t\t<div class=\"elementor-element elementor-element-77e2242 elementor-widget elementor-widget-image\" data-id=\"77e2242\" data-element_type=\"widget\" data-widget_type=\"image.default\">\n\t\t\t\t<div class=\"elementor-widget-container\">\n\t\t\t\t\t\t\t\t\t\t\t\t\t\t\t\t<a href=\"https:\/\/www.saulaie.com\/fr\/8432-banc-l120-cm-teinte-noyer-assise-cuir-caramel-albatre.html\" target=\"_blank\">\n\t\t\t\t\t\t\t<img loading=\"lazy\" decoding=\"async\" width=\"550\" height=\"418\" src=\"https:\/\/www.saulaie.com\/blog\/wp-content\/uploads\/2026\/01\/ceramique-choix-brunox2.jpg\" class=\"attachment-large size-large wp-image-8808\" alt=\"\" srcset=\"https:\/\/www.saulaie.com\/blog\/wp-content\/uploads\/2026\/01\/ceramique-choix-brunox2.jpg 550w, https:\/\/www.saulaie.com\/blog\/wp-content\/uploads\/2026\/01\/ceramique-choix-brunox2-300x228.jpg 300w\" sizes=\"(max-width: 550px) 100vw, 550px\" \/>\t\t\t\t\t\t\t\t<\/a>\n\t\t\t\t\t\t\t\t\t\t\t\t\t\t\t<\/div>\n\t\t\t\t<\/div>\n\t\t\t\t<div class=\"elementor-element elementor-element-060a2e4 elementor-widget elementor-widget-text-editor\" data-id=\"060a2e4\" data-element_type=\"widget\" data-widget_type=\"text-editor.default\">\n\t\t\t\t<div class=\"elementor-widget-container\">\n\t\t\t\t\t\t\t\t\t<h2><strong>Brun oxyd\u00e9<\/strong><\/h2><p>Le brun oxyd\u00e9 est une c\u00e9ramique de caract\u00e8re, pens\u00e9e comme une patine plut\u00f4t qu\u2019une couleur unie. \u00c0 partir d\u2019une base noire \/ anthracite, la surface se nuance de <b>voiles chauds<\/b> (bruns tabac, reflets cuivr\u00e9s, touches rouille) qui \u00e9voquent le m\u00e9tal travaill\u00e9 par le temps, ou une pierre aux pigments naturels. Sur la photo, on per\u00e7oit bien cette marmorisation diffuse, irr\u00e9guli\u00e8re, presque poudr\u00e9e, qui donne de la profondeur sans jamais \u201cfaire motif\u201d.<\/p><p>C\u2019est un choix particuli\u00e8rement juste avec le noyer, parce qu\u2019il ne cr\u00e9e pas un contraste dur : il prolonge au contraire la gamme chromatique du bois, dans une harmonie riche et enveloppante. Le r\u00e9sultat est tr\u00e8s \u201cluxe feutr\u00e9\u201d : une pi\u00e8ce qui semble imm\u00e9diatement install\u00e9e, incarn\u00e9e, chaleureuse, avec cette sophistication que l\u2019on associe aux <b>int\u00e9rieurs haut de gamme contemporains<\/b> (mati\u00e8res vraies, nuances subtiles, \u00e9l\u00e9gance non ostentatoire).<\/p><p>En d\u00e9coration, le brun oxyd\u00e9 fonctionne comme un liant : il dialogue aussi bien avec des textiles \u00e9crus et des beiges chauds qu\u2019avec des noirs profonds, des cuirs cognac, ou des touches laiton. C\u2019est la c\u00e9ramique id\u00e9ale quand on cherche une pr\u00e9sence forte, mais vivante, nuanc\u00e9e, et naturellement raffin\u00e9e.<\/p>\t\t\t\t\t\t\t\t<\/div>\n\t\t\t\t<\/div>\n\t\t\t\t<\/div>\n\t\t\t\t\t<\/div>\n\t\t\t\t<\/div>\n\t\t<div data-particle_enable=\"false\" data-particle-mobile-disabled=\"false\" class=\"elementor-element elementor-element-bdf87f8 e-flex e-con-boxed e-con e-parent\" data-id=\"bdf87f8\" data-element_type=\"container\">\n\t\t\t\t\t<div class=\"e-con-inner\">\n\t\t\t\t<div class=\"elementor-element elementor-element-6a54ebf elementor-widget-divider--view-line elementor-widget elementor-widget-divider\" data-id=\"6a54ebf\" data-element_type=\"widget\" data-widget_type=\"divider.default\">\n\t\t\t\t<div class=\"elementor-widget-container\">\n\t\t\t\t\t\t\t<div class=\"elementor-divider\">\n\t\t\t<span class=\"elementor-divider-separator\">\n\t\t\t\t\t\t<\/span>\n\t\t<\/div>\n\t\t\t\t\t\t<\/div>\n\t\t\t\t<\/div>\n\t\t\t\t<div class=\"elementor-element elementor-element-3e79442 elementor-widget elementor-widget-text-editor\" data-id=\"3e79442\" data-element_type=\"widget\" data-widget_type=\"text-editor.default\">\n\t\t\t\t<div class=\"elementor-widget-container\">\n\t\t\t\t\t\t\t\t\t<p>Voici des associations \u201cc\u00e9ramique + bois\u201d que nous vous conseillons :<\/p><p><strong>Noir mat<\/strong><\/p><ul><li><strong>Ch\u00eane clair + noir mat<\/strong> : Contraste graphique, contemporain et lumineux.<\/li><li><strong>Ch\u00eane fonc\u00e9 + noir mat<\/strong> : Monochrome profond, esprit architectural.<\/li><li><strong>Noyer + noir mat<\/strong> : \u00c9l\u00e9gance feutr\u00e9e, chaleur et profondeur.<\/li><\/ul><p>\u00a0<\/p><p><strong>Marbre noir vein\u00e9<\/strong><\/p><ul><li><strong>Ch\u00eane clair + marbre noir vein\u00e9<\/strong> : Chic couture, veinage mis en valeur.<\/li><li><strong>Ch\u00eane fonc\u00e9 + marbre noir vein\u00e9<\/strong> : Intensit\u00e9 premium, pr\u00e9sence tr\u00e8s raffin\u00e9e.<\/li><li><strong>Noyer + marbre noir vein\u00e9<\/strong> : Accord rac\u00e9, ambiance h\u00f4tel particulier.<\/li><\/ul><p>\u00a0<\/p><p><strong>Marbre blanc vein\u00e9<\/strong><\/p><ul><li><strong>Ch\u00eane clair + marbre blanc vein\u00e9<\/strong> : Lumineux, intemporel, tr\u00e8s serein.<\/li><li><strong>Ch\u00eane fonc\u00e9 + marbre blanc vein\u00e9<\/strong> : Contraste \u00e9l\u00e9gant, signature chic.<\/li><li><strong>Noyer + marbre blanc vein\u00e9<\/strong> : Chaleur haut de gamme, \u00e9claircie subtile.<\/li><\/ul><p>\u00a0<\/p><p><strong>Ardoise<\/strong><\/p><ul><li><strong>Ch\u00eane clair + ardoise<\/strong> : Min\u00e9ral chaleureux, contemporain naturel.<\/li><li><strong>Ch\u00eane fonc\u00e9 + ardoise<\/strong> : Profond, textur\u00e9, tr\u00e8s \u201cmati\u00e8res\u201d.<\/li><li><strong>Noyer + ardoise<\/strong> : Sophistication organique, sobri\u00e9t\u00e9 feutr\u00e9e.<\/li><\/ul><p>\u00a0<\/p><p><strong>Brun oxyd\u00e9<\/strong><\/p><ul><li><strong>Ch\u00eane clair + brun oxyd\u00e9<\/strong> : Reflets cuivr\u00e9s, caract\u00e8re d\u00e9coratif.<\/li><li><strong>Ch\u00eane fonc\u00e9 + brun oxyd\u00e9<\/strong> : Ton sur ton nuanc\u00e9, enveloppant.<\/li><li><strong>Noyer + brun oxyd\u00e9<\/strong> : Harmonie parfaite, luxe patin\u00e9.<\/li><\/ul>\t\t\t\t\t\t\t\t<\/div>\n\t\t\t\t<\/div>\n\t\t\t\t\t<\/div>\n\t\t\t\t<\/div>\n\t\t\t\t<\/div>\n\t\t","protected":false},"excerpt":{"rendered":"<p>Comment choisir, en quelques mots ? Noir mat : minimalisme chic, tr\u00e8s contemporain, contraste net avec le bois. Marbre noir vein\u00e9 : signature d\u00e9corative, caract\u00e8re, esprit galerie \/ h\u00f4tel particulier. Marbre blanc vein\u00e9 : lumi\u00e8re, \u00e9l\u00e9gance intemporelle, sensation d\u2019espace. Ardoise : min\u00e9ral textur\u00e9, chaleur contemporaine, sophistication naturelle. Brun oxyd\u00e9\u00a0: teinte chaude et patin\u00e9e, esprit m\u00e9tal [&hellip;]<\/p>\n","protected":false},"author":11,"featured_media":8792,"comment_status":"open","ping_status":"open","sticky":false,"template":"","format":"standard","meta":{"_seopress_robots_primary_cat":"none","_seopress_titles_title":"","_seopress_titles_desc":"","_seopress_robots_index":"","_uag_custom_page_level_css":"","footnotes":""},"categories":[19],"tags":[],"class_list":{"0":"post-8790","1":"post","2":"type-post","3":"status-publish","4":"format-standard","5":"has-post-thumbnail","7":"category-collections"},"uagb_featured_image_src":{"full":["https:\/\/www.saulaie.com\/blog\/wp-content\/uploads\/2026\/01\/ceramique-choix-1.jpg",1791,1168,false],"thumbnail":["https:\/\/www.saulaie.com\/blog\/wp-content\/uploads\/2026\/01\/ceramique-choix-1-150x150.jpg",150,150,true],"medium":["https:\/\/www.saulaie.com\/blog\/wp-content\/uploads\/2026\/01\/ceramique-choix-1-300x196.jpg",300,196,true],"medium_large":["https:\/\/www.saulaie.com\/blog\/wp-content\/uploads\/2026\/01\/ceramique-choix-1-768x501.jpg",768,501,true],"large":["https:\/\/www.saulaie.com\/blog\/wp-content\/uploads\/2026\/01\/ceramique-choix-1-1024x668.jpg",800,522,true],"1536x1536":["https:\/\/www.saulaie.com\/blog\/wp-content\/uploads\/2026\/01\/ceramique-choix-1-1536x1002.jpg",1536,1002,true],"2048x2048":["https:\/\/www.saulaie.com\/blog\/wp-content\/uploads\/2026\/01\/ceramique-choix-1.jpg",1791,1168,false],"gform-image-choice-sm":["https:\/\/www.saulaie.com\/blog\/wp-content\/uploads\/2026\/01\/ceramique-choix-1.jpg",300,196,false],"gform-image-choice-md":["https:\/\/www.saulaie.com\/blog\/wp-content\/uploads\/2026\/01\/ceramique-choix-1.jpg",400,261,false],"gform-image-choice-lg":["https:\/\/www.saulaie.com\/blog\/wp-content\/uploads\/2026\/01\/ceramique-choix-1.jpg",600,391,false]},"uagb_author_info":{"display_name":"Elodie Rossignol","author_link":"https:\/\/www.saulaie.com\/blog\/author\/elodie\/"},"uagb_comment_info":0,"uagb_excerpt":"Comment choisir, en quelques mots ? Noir mat : minimalisme chic, tr\u00e8s contemporain, contraste net avec le bois. Marbre noir vein\u00e9 : signature d\u00e9corative, caract\u00e8re, esprit galerie \/ h\u00f4tel particulier. Marbre blanc vein\u00e9 : lumi\u00e8re, \u00e9l\u00e9gance intemporelle, sensation d\u2019espace. Ardoise : min\u00e9ral textur\u00e9, chaleur contemporaine, sophistication naturelle. Brun oxyd\u00e9\u00a0: teinte chaude et patin\u00e9e, esprit m\u00e9tal\u2026","_links":{"self":[{"href":"https:\/\/www.saulaie.com\/blog\/wp-json\/wp\/v2\/posts\/8790","targetHints":{"allow":["GET"]}}],"collection":[{"href":"https:\/\/www.saulaie.com\/blog\/wp-json\/wp\/v2\/posts"}],"about":[{"href":"https:\/\/www.saulaie.com\/blog\/wp-json\/wp\/v2\/types\/post"}],"author":[{"embeddable":true,"href":"https:\/\/www.saulaie.com\/blog\/wp-json\/wp\/v2\/users\/11"}],"replies":[{"embeddable":true,"href":"https:\/\/www.saulaie.com\/blog\/wp-json\/wp\/v2\/comments?post=8790"}],"version-history":[{"count":28,"href":"https:\/\/www.saulaie.com\/blog\/wp-json\/wp\/v2\/posts\/8790\/revisions"}],"predecessor-version":[{"id":8829,"href":"https:\/\/www.saulaie.com\/blog\/wp-json\/wp\/v2\/posts\/8790\/revisions\/8829"}],"wp:featuredmedia":[{"embeddable":true,"href":"https:\/\/www.saulaie.com\/blog\/wp-json\/wp\/v2\/media\/8792"}],"wp:attachment":[{"href":"https:\/\/www.saulaie.com\/blog\/wp-json\/wp\/v2\/media?parent=8790"}],"wp:term":[{"taxonomy":"category","embeddable":true,"href":"https:\/\/www.saulaie.com\/blog\/wp-json\/wp\/v2\/categories?post=8790"},{"taxonomy":"post_tag","embeddable":true,"href":"https:\/\/www.saulaie.com\/blog\/wp-json\/wp\/v2\/tags?post=8790"}],"curies":[{"name":"wp","href":"https:\/\/api.w.org\/{rel}","templated":true}]}}