{"id":8685,"date":"2025-09-01T14:50:03","date_gmt":"2025-09-01T13:50:03","guid":{"rendered":"https:\/\/www.saulaie.com\/blog\/?p=8685"},"modified":"2025-09-01T15:25:41","modified_gmt":"2025-09-01T14:25:41","slug":"seconde-vie","status":"publish","type":"post","link":"https:\/\/www.saulaie.com\/blog\/seconde-vie\/","title":{"rendered":"Se meubler autrement : bienvenue dans l\u2019univers de la Seconde Vie"},"content":{"rendered":"\t\t<div data-elementor-type=\"wp-post\" data-elementor-id=\"8685\" class=\"elementor elementor-8685\" data-elementor-post-type=\"post\">\n\t\t\t\t<div data-particle_enable=\"false\" data-particle-mobile-disabled=\"false\" class=\"elementor-element elementor-element-11eb6a26 e-flex e-con-boxed e-con e-parent\" data-id=\"11eb6a26\" data-element_type=\"container\">\n\t\t\t\t\t<div class=\"e-con-inner\">\n\t\t\t\t<div class=\"elementor-element elementor-element-272655fd elementor-widget elementor-widget-text-editor\" data-id=\"272655fd\" data-element_type=\"widget\" data-widget_type=\"text-editor.default\">\n\t\t\t\t<div class=\"elementor-widget-container\">\n\t\t\t\t\t\t\t\t\t<p>Donner une seconde vie, c\u2019est inspirer, r\u00e9inventer et valoriser.<\/p><p>Opter pour des <a href=\"https:\/\/www.saulaie.com\/fr\/seconde-vie\" target=\"_blank\" rel=\"noopener\"><strong>meubles seconde vie<\/strong><\/a> n\u2019est plus seulement un choix \u00e9conomique ou \u00e9cologique : c\u2019est un v\u00e9ritable acte de style, conscient et s\u00e9duisant.<\/p><p>En choisissant du <strong>mobilier d\u2019occasion<\/strong> &#8211; qu\u2019il s\u2019agisse de pi\u00e8ces d\u2019exposition ou d\u2019articles pr\u00e9sentant de l\u00e9g\u00e8res imperfections &#8211; vous acc\u00e9dez \u00e0 un savoir-faire d\u2019exception \u00e0 un tarif privil\u00e9gi\u00e9, tout en adoptant une d\u00e9marche responsable.<\/p>\t\t\t\t\t\t\t\t<\/div>\n\t\t\t\t<\/div>\n\t\t\t\t\t<\/div>\n\t\t\t\t<\/div>\n\t\t<div data-particle_enable=\"false\" data-particle-mobile-disabled=\"false\" class=\"elementor-element elementor-element-310b76a e-flex e-con-boxed e-con e-parent\" data-id=\"310b76a\" data-element_type=\"container\">\n\t\t\t\t\t<div class=\"e-con-inner\">\n\t\t<div data-particle_enable=\"false\" data-particle-mobile-disabled=\"false\" class=\"elementor-element elementor-element-d4773c9 e-grid e-con-full e-con e-child\" data-id=\"d4773c9\" data-element_type=\"container\">\n\t\t\t\t<div class=\"elementor-element elementor-element-99c92e1 elementor-widget elementor-widget-text-editor\" data-id=\"99c92e1\" data-element_type=\"widget\" data-widget_type=\"text-editor.default\">\n\t\t\t\t<div class=\"elementor-widget-container\">\n\t\t\t\t\t\t\t\t\t<h2><b>Pourquoi choisir du mobilier de Seconde Vie<\/b><\/h2><p>Chez Maison Saulaie, nous croyons que chaque meuble et objet m\u00e9rite de prolonger son histoire.<\/p><p>Notre s\u00e9lection \u00ab Seconde Vie \u00bb vous invite \u00e0 red\u00e9couvrir le charme du <strong>mobilier durable<\/strong>, authentique et soigneusement choisi, pr\u00eat \u00e0 embellir vos int\u00e9rieurs tout en r\u00e9duisant le gaspillage.<\/p><h3><strong>Une d\u00e9marche durable et responsable<\/strong><\/h3><p>En optant pour du <strong>mobilier d\u2019occasion<\/strong> ou revaloris\u00e9, vous participez activement \u00e0 une <strong>\u00e9conomie circulaire<\/strong>. Moins de production, moins de d\u00e9chets, plus de r\u00e9emploi : un geste simple mais puissant pour la plan\u00e8te.<\/p><h3><strong>Des prix accessibles<\/strong><\/h3><p>Nos articles \u00ab Seconde Vie \u00bb sont propos\u00e9s \u00e0 des tarifs tr\u00e8s attractifs, parfois jusqu\u2019\u00e0 &#8211; 70 % du neuf, tout en conservant la qualit\u00e9 et l\u2019\u00e9l\u00e9gance qui font la r\u00e9putation de la Maison Saulaie.<\/p><h3><strong>Du caract\u00e8re et de l\u2019authenticit\u00e9<\/strong><\/h3><p>Au-del\u00e0 de l\u2019occasion, nous cultivons l\u2019art du beau meuble. Choisir un <strong>meuble seconde vie<\/strong>, c\u2019est faire entrer chez soi une pi\u00e8ce authentique, singuli\u00e8re et respectueuse de l\u2019environnement : du <strong>mobilier durable<\/strong> qui traverse le temps avec \u00e9l\u00e9gance.<\/p>\t\t\t\t\t\t\t\t<\/div>\n\t\t\t\t<\/div>\n\t\t\t\t<div class=\"elementor-element elementor-element-0e468cc elementor-widget elementor-widget-image\" data-id=\"0e468cc\" data-element_type=\"widget\" data-widget_type=\"image.default\">\n\t\t\t\t<div class=\"elementor-widget-container\">\n\t\t\t\t\t\t\t\t\t\t\t\t\t\t\t\t<a href=\"https:\/\/www.saulaie.com\/fr\/seconde-vie\" target=\"_blank\">\n\t\t\t\t\t\t\t<img fetchpriority=\"high\" decoding=\"async\" width=\"550\" height=\"675\" src=\"https:\/\/www.saulaie.com\/blog\/wp-content\/uploads\/2025\/09\/seconde-vie-2.jpg\" class=\"attachment-large size-large wp-image-8699\" alt=\"\" srcset=\"https:\/\/www.saulaie.com\/blog\/wp-content\/uploads\/2025\/09\/seconde-vie-2.jpg 550w, https:\/\/www.saulaie.com\/blog\/wp-content\/uploads\/2025\/09\/seconde-vie-2-244x300.jpg 244w\" sizes=\"(max-width: 550px) 100vw, 550px\" \/>\t\t\t\t\t\t\t\t<\/a>\n\t\t\t\t\t\t\t\t\t\t\t\t\t\t\t<\/div>\n\t\t\t\t<\/div>\n\t\t\t\t<\/div>\n\t\t\t\t\t<\/div>\n\t\t\t\t<\/div>\n\t\t<div data-particle_enable=\"false\" data-particle-mobile-disabled=\"false\" class=\"elementor-element elementor-element-6f2a456 e-flex e-con-boxed e-con e-parent\" data-id=\"6f2a456\" data-element_type=\"container\">\n\t\t\t\t\t<div class=\"e-con-inner\">\n\t\t\t\t<div class=\"elementor-element elementor-element-97cef73 elementor-widget elementor-widget-text-editor\" data-id=\"97cef73\" data-element_type=\"widget\" data-widget_type=\"text-editor.default\">\n\t\t\t\t<div class=\"elementor-widget-container\">\n\t\t\t\t\t\t\t\t\t<h2><strong>Zoom sur quelques pi\u00e8ces embl\u00e9matiques<\/strong><\/h2><ul><li>Canap\u00e9s et fauteuils clubs en cuir : id\u00e9al pour cr\u00e9er une atmosph\u00e8re lounge d\u2019\u00e9poque, sans encombrer l\u2019espace.<\/li><li>Bureaux et meubles en bois massif : issus d\u2019un savoir-faire artisanal et fabriqu\u00e9s dans notre atelier en Mayenne, ils incarnent la quintessence du <strong>mobilier durable<\/strong> et \u00e9co-responsable.<\/li><li>Assises en tissu : des pi\u00e8ces audacieuses, aux teintes profondes, parfaites pour dynamiser un salon ou une salle \u00e0 manger.<\/li><\/ul><p><strong>En r\u00e9sum\u00e9<\/strong><\/p><p>Adopter des <strong>meubles de Seconde Vie<\/strong> de Maison Saulaie, c\u2019est choisir un <strong>mobilier d\u2019occasion<\/strong> haut de gamme et un <strong>mobilier durable<\/strong>, pens\u00e9 pour traverser les ann\u00e9es sans perdre en style.<\/p><p>Une fa\u00e7on \u00e9l\u00e9gante de meubler son int\u00e9rieur, tout en respectant la plan\u00e8te.<\/p>\t\t\t\t\t\t\t\t<\/div>\n\t\t\t\t<\/div>\n\t\t\t\t\t<\/div>\n\t\t\t\t<\/div>\n\t\t<div data-particle_enable=\"false\" data-particle-mobile-disabled=\"false\" class=\"elementor-element elementor-element-240d3c0 e-flex e-con-boxed e-con e-parent\" data-id=\"240d3c0\" data-element_type=\"container\">\n\t\t\t\t\t<div class=\"e-con-inner\">\n\t\t\t\t<div class=\"elementor-element elementor-element-b632652 elementor-widget elementor-widget-image\" data-id=\"b632652\" data-element_type=\"widget\" data-widget_type=\"image.default\">\n\t\t\t\t<div class=\"elementor-widget-container\">\n\t\t\t\t\t\t\t\t\t\t\t\t\t\t\t\t<a href=\"https:\/\/www.saulaie.com\/fr\/seconde-vie\" target=\"_blank\">\n\t\t\t\t\t\t\t<img decoding=\"async\" width=\"800\" height=\"350\" src=\"https:\/\/www.saulaie.com\/blog\/wp-content\/uploads\/2025\/09\/seconde-vie-3-1024x448.jpg\" class=\"attachment-large size-large wp-image-8717\" alt=\"\" srcset=\"https:\/\/www.saulaie.com\/blog\/wp-content\/uploads\/2025\/09\/seconde-vie-3-1024x448.jpg 1024w, https:\/\/www.saulaie.com\/blog\/wp-content\/uploads\/2025\/09\/seconde-vie-3-300x131.jpg 300w, https:\/\/www.saulaie.com\/blog\/wp-content\/uploads\/2025\/09\/seconde-vie-3-768x336.jpg 768w, https:\/\/www.saulaie.com\/blog\/wp-content\/uploads\/2025\/09\/seconde-vie-3.jpg 1150w\" sizes=\"(max-width: 800px) 100vw, 800px\" \/>\t\t\t\t\t\t\t\t<\/a>\n\t\t\t\t\t\t\t\t\t\t\t\t\t\t\t<\/div>\n\t\t\t\t<\/div>\n\t\t\t\t\t<\/div>\n\t\t\t\t<\/div>\n\t\t\t\t<\/div>\n\t\t","protected":false},"excerpt":{"rendered":"<p>Donner une seconde vie, c\u2019est inspirer, r\u00e9inventer et valoriser. Opter pour des meubles seconde vie n\u2019est plus seulement un choix \u00e9conomique ou \u00e9cologique : c\u2019est un v\u00e9ritable acte de style, conscient et s\u00e9duisant. En choisissant du mobilier d\u2019occasion &#8211; qu\u2019il s\u2019agisse de pi\u00e8ces d\u2019exposition ou d\u2019articles pr\u00e9sentant de l\u00e9g\u00e8res imperfections &#8211; vous acc\u00e9dez \u00e0 un [&hellip;]<\/p>\n","protected":false},"author":11,"featured_media":8688,"comment_status":"open","ping_status":"open","sticky":false,"template":"","format":"standard","meta":{"_seopress_robots_primary_cat":"none","_seopress_titles_title":"","_seopress_titles_desc":"","_seopress_robots_index":"","_uag_custom_page_level_css":"","footnotes":""},"categories":[17],"tags":[],"class_list":{"0":"post-8685","1":"post","2":"type-post","3":"status-publish","4":"format-standard","5":"has-post-thumbnail","7":"category-philosophie"},"uagb_featured_image_src":{"full":["https:\/\/www.saulaie.com\/blog\/wp-content\/uploads\/2025\/09\/seconde-vie-1-1.jpg",1150,750,false],"thumbnail":["https:\/\/www.saulaie.com\/blog\/wp-content\/uploads\/2025\/09\/seconde-vie-1-1-150x150.jpg",150,150,true],"medium":["https:\/\/www.saulaie.com\/blog\/wp-content\/uploads\/2025\/09\/seconde-vie-1-1-300x196.jpg",300,196,true],"medium_large":["https:\/\/www.saulaie.com\/blog\/wp-content\/uploads\/2025\/09\/seconde-vie-1-1-768x501.jpg",768,501,true],"large":["https:\/\/www.saulaie.com\/blog\/wp-content\/uploads\/2025\/09\/seconde-vie-1-1-1024x668.jpg",800,522,true],"1536x1536":["https:\/\/www.saulaie.com\/blog\/wp-content\/uploads\/2025\/09\/seconde-vie-1-1.jpg",1150,750,false],"2048x2048":["https:\/\/www.saulaie.com\/blog\/wp-content\/uploads\/2025\/09\/seconde-vie-1-1.jpg",1150,750,false],"gform-image-choice-sm":["https:\/\/www.saulaie.com\/blog\/wp-content\/uploads\/2025\/09\/seconde-vie-1-1-300x300.jpg",300,300,true],"gform-image-choice-md":["https:\/\/www.saulaie.com\/blog\/wp-content\/uploads\/2025\/09\/seconde-vie-1-1-400x400.jpg",400,400,true],"gform-image-choice-lg":["https:\/\/www.saulaie.com\/blog\/wp-content\/uploads\/2025\/09\/seconde-vie-1-1-600x600.jpg",600,600,true]},"uagb_author_info":{"display_name":"Elodie Rossignol","author_link":"https:\/\/www.saulaie.com\/blog\/author\/elodie\/"},"uagb_comment_info":0,"uagb_excerpt":"Donner une seconde vie, c\u2019est inspirer, r\u00e9inventer et valoriser. Opter pour des meubles seconde vie n\u2019est plus seulement un choix \u00e9conomique ou \u00e9cologique : c\u2019est un v\u00e9ritable acte de style, conscient et s\u00e9duisant. En choisissant du mobilier d\u2019occasion &#8211; qu\u2019il s\u2019agisse de pi\u00e8ces d\u2019exposition ou d\u2019articles pr\u00e9sentant de l\u00e9g\u00e8res imperfections &#8211; vous acc\u00e9dez \u00e0 un\u2026","_links":{"self":[{"href":"https:\/\/www.saulaie.com\/blog\/wp-json\/wp\/v2\/posts\/8685","targetHints":{"allow":["GET"]}}],"collection":[{"href":"https:\/\/www.saulaie.com\/blog\/wp-json\/wp\/v2\/posts"}],"about":[{"href":"https:\/\/www.saulaie.com\/blog\/wp-json\/wp\/v2\/types\/post"}],"author":[{"embeddable":true,"href":"https:\/\/www.saulaie.com\/blog\/wp-json\/wp\/v2\/users\/11"}],"replies":[{"embeddable":true,"href":"https:\/\/www.saulaie.com\/blog\/wp-json\/wp\/v2\/comments?post=8685"}],"version-history":[{"count":30,"href":"https:\/\/www.saulaie.com\/blog\/wp-json\/wp\/v2\/posts\/8685\/revisions"}],"predecessor-version":[{"id":8721,"href":"https:\/\/www.saulaie.com\/blog\/wp-json\/wp\/v2\/posts\/8685\/revisions\/8721"}],"wp:featuredmedia":[{"embeddable":true,"href":"https:\/\/www.saulaie.com\/blog\/wp-json\/wp\/v2\/media\/8688"}],"wp:attachment":[{"href":"https:\/\/www.saulaie.com\/blog\/wp-json\/wp\/v2\/media?parent=8685"}],"wp:term":[{"taxonomy":"category","embeddable":true,"href":"https:\/\/www.saulaie.com\/blog\/wp-json\/wp\/v2\/categories?post=8685"},{"taxonomy":"post_tag","embeddable":true,"href":"https:\/\/www.saulaie.com\/blog\/wp-json\/wp\/v2\/tags?post=8685"}],"curies":[{"name":"wp","href":"https:\/\/api.w.org\/{rel}","templated":true}]}}