{"id":8515,"date":"2025-02-20T14:48:02","date_gmt":"2025-02-20T13:48:02","guid":{"rendered":"https:\/\/www.saulaie.com\/blog\/?p=8515"},"modified":"2025-02-20T14:53:43","modified_gmt":"2025-02-20T13:53:43","slug":"nos-tables-extensibles-xxl-elegance-intemporelle-et-praticite-moderne","status":"publish","type":"post","link":"https:\/\/www.saulaie.com\/blog\/nos-tables-extensibles-xxl-elegance-intemporelle-et-praticite-moderne\/","title":{"rendered":"Nos tables extensibles XXL : \u00c9l\u00e9gance intemporelle et praticit\u00e9 moderne"},"content":{"rendered":"\t\t<div data-elementor-type=\"wp-post\" data-elementor-id=\"8515\" class=\"elementor elementor-8515\" data-elementor-post-type=\"post\">\n\t\t\t\t<div data-particle_enable=\"false\" data-particle-mobile-disabled=\"false\" class=\"elementor-element elementor-element-11eb6a26 e-flex e-con-boxed e-con e-parent\" data-id=\"11eb6a26\" data-element_type=\"container\">\n\t\t\t\t\t<div class=\"e-con-inner\">\n\t\t\t\t<div class=\"elementor-element elementor-element-272655fd elementor-widget elementor-widget-text-editor\" data-id=\"272655fd\" data-element_type=\"widget\" data-widget_type=\"text-editor.default\">\n\t\t\t\t<div class=\"elementor-widget-container\">\n\t\t\t\t\t\t\t\t\t<p><span style=\"font-weight: 400;\">Les tables extensibles de Maison Saulaie allient avec brio l&rsquo;esth\u00e9tique classique et la fonctionnalit\u00e9 moderne. Con\u00e7ues pour s&rsquo;adapter \u00e0 tous les espaces et occasions, elles r\u00e9v\u00e8lent un savoir-faire artisanal d&rsquo;exception. D\u00e9couvrez comment ces cr\u00e9ations intemporelles s&rsquo;int\u00e8grent harmonieusement dans votre int\u00e9rieur contemporain.<\/span><\/p><p><!-- \/wp:uagb\/container --><\/p>\t\t\t\t\t\t\t\t<\/div>\n\t\t\t\t<\/div>\n\t\t\t\t<div class=\"elementor-element elementor-element-7cd7ef1 elementor-widget elementor-widget-image\" data-id=\"7cd7ef1\" data-element_type=\"widget\" data-widget_type=\"image.default\">\n\t\t\t\t<div class=\"elementor-widget-container\">\n\t\t\t\t\t\t\t\t\t\t\t\t\t\t\t\t<a href=\"https:\/\/www.saulaie.com\/fr\/8776-table-de-salle-a-manger-a-bandeau-louis-xvi-110x120cm-5-allonges-bertin.html\" target=\"_blank\">\n\t\t\t\t\t\t\t<img fetchpriority=\"high\" decoding=\"async\" width=\"800\" height=\"522\" src=\"https:\/\/www.saulaie.com\/blog\/wp-content\/uploads\/2025\/02\/table-ext-xxl-1024x668.jpg\" class=\"attachment-large size-large wp-image-8517\" alt=\"\" srcset=\"https:\/\/www.saulaie.com\/blog\/wp-content\/uploads\/2025\/02\/table-ext-xxl-1024x668.jpg 1024w, https:\/\/www.saulaie.com\/blog\/wp-content\/uploads\/2025\/02\/table-ext-xxl-300x196.jpg 300w, https:\/\/www.saulaie.com\/blog\/wp-content\/uploads\/2025\/02\/table-ext-xxl-768x501.jpg 768w, https:\/\/www.saulaie.com\/blog\/wp-content\/uploads\/2025\/02\/table-ext-xxl.jpg 1150w\" sizes=\"(max-width: 800px) 100vw, 800px\" \/>\t\t\t\t\t\t\t\t<\/a>\n\t\t\t\t\t\t\t\t\t\t\t\t\t\t\t<\/div>\n\t\t\t\t<\/div>\n\t\t\t\t\t<\/div>\n\t\t\t\t<\/div>\n\t\t<div data-particle_enable=\"false\" data-particle-mobile-disabled=\"false\" class=\"elementor-element elementor-element-310b76a e-flex e-con-boxed e-con e-parent\" data-id=\"310b76a\" data-element_type=\"container\">\n\t\t\t\t\t<div class=\"e-con-inner\">\n\t\t\t\t<div class=\"elementor-element elementor-element-cbc8af9 elementor-widget elementor-widget-text-editor\" data-id=\"cbc8af9\" data-element_type=\"widget\" data-widget_type=\"text-editor.default\">\n\t\t\t\t<div class=\"elementor-widget-container\">\n\t\t\t\t\t\t\t\t\t<h2><b>Caract\u00e9ristiques uniques de la table Louis XVI<\/b><\/h2><h3><b>Design intemporel du style Louis XVI<\/b><\/h3><p><span style=\"font-weight: 400;\">Les <\/span><b>tables extensibles de Maison Saulaie<\/b><span style=\"font-weight: 400;\"> marient avec finesse l&rsquo;esth\u00e9tique classique et la fonctionnalit\u00e9 moderne. Fid\u00e8les au style de cette \u00e9poque, elles arborent des pieds droits cannel\u00e9s et un bandeau \u00e9l\u00e9gant, cr\u00e9ant une allure sobre et raffin\u00e9e.<\/span><\/p><p><span style=\"font-weight: 400;\">Chaque d\u00e9tail est minutieusement travaill\u00e9 par nos artisans, r\u00e9v\u00e9lant la beaut\u00e9 des nuances et des veines du bois massif. Ces \u00e9l\u00e9ments s&rsquo;int\u00e8grent harmonieusement dans les int\u00e9rieurs contemporains, apportant une touche d&rsquo;authenticit\u00e9 \u00e0 votre d\u00e9cor.<\/span><\/p>\t\t\t\t\t\t\t\t<\/div>\n\t\t\t\t<\/div>\n\t\t\t\t\t<\/div>\n\t\t\t\t<\/div>\n\t\t<div data-particle_enable=\"false\" data-particle-mobile-disabled=\"false\" class=\"elementor-element elementor-element-9695398 e-grid e-con-boxed e-con e-parent\" data-id=\"9695398\" data-element_type=\"container\">\n\t\t\t\t\t<div class=\"e-con-inner\">\n\t\t\t\t<div class=\"elementor-element elementor-element-9755d67 elementor-widget elementor-widget-image\" data-id=\"9755d67\" data-element_type=\"widget\" data-widget_type=\"image.default\">\n\t\t\t\t<div class=\"elementor-widget-container\">\n\t\t\t\t\t\t\t\t\t\t\t\t\t\t\t\t<a href=\"https:\/\/www.saulaie.com\/fr\/8776-table-de-salle-a-manger-a-bandeau-louis-xvi-110x120cm-5-allonges-bertin.html\" target=\"_blank\">\n\t\t\t\t\t\t\t<img decoding=\"async\" width=\"550\" height=\"675\" src=\"https:\/\/www.saulaie.com\/blog\/wp-content\/uploads\/2025\/02\/table-ext-xxl-2.jpg\" class=\"attachment-large size-large wp-image-8518\" alt=\"\" srcset=\"https:\/\/www.saulaie.com\/blog\/wp-content\/uploads\/2025\/02\/table-ext-xxl-2.jpg 550w, https:\/\/www.saulaie.com\/blog\/wp-content\/uploads\/2025\/02\/table-ext-xxl-2-244x300.jpg 244w\" sizes=\"(max-width: 550px) 100vw, 550px\" \/>\t\t\t\t\t\t\t\t<\/a>\n\t\t\t\t\t\t\t\t\t\t\t\t\t\t\t<\/div>\n\t\t\t\t<\/div>\n\t\t\t\t<div class=\"elementor-element elementor-element-db9e1b0 eael-table-align-center eael-dt-th-align-left elementor-widget elementor-widget-eael-data-table\" data-id=\"db9e1b0\" data-element_type=\"widget\" data-widget_type=\"eael-data-table.default\">\n\t\t\t\t<div class=\"elementor-widget-container\">\n\t\t\t\t\t\t\t<div class=\"eael-data-table-wrap\" data-table_id=\"db9e1b0\" id=\"eael-data-table-wrapper-db9e1b0\" data-custom_responsive=\"false\">\n\t\t\t<table class=\"tablesorter eael-data-table center\" id=\"eael-data-table-db9e1b0\">\n\t\t\t    <thead>\n\t\t\t        <tr class=\"table-header\">\n\t\t\t\t\t\t\t\t\t            <th class=\" sorting\" id=\"\" colspan=\"\">\n\t\t\t\t\t\t\t\t\t\t\t\t\t\t<span class=\"data-table-header-text\">Nombre de convives<\/span><\/th>\n\t\t\t        \t\t\t\t            <th class=\" sorting\" id=\"\" colspan=\"\">\n\t\t\t\t\t\t\t\t\t\t\t\t\t\t<span class=\"data-table-header-text\">Configuration<\/span><\/th>\n\t\t\t        \t\t\t\t            <th class=\" sorting\" id=\"\" colspan=\"\">\n\t\t\t\t\t\t\t\t\t\t\t\t\t\t<span class=\"data-table-header-text\">Dimensions<\/span><\/th>\n\t\t\t        \t\t\t\t        <\/tr>\n\t\t\t    <\/thead>\n\t\t\t  \t<tbody>\n\t\t\t\t\t\t\t\t\t\t\t<tr>\n\t\t\t\t\t\t\t\t\t\t\t\t\t\t\t\t   \t\t\t\t\t\t\t\t\t\t\t<td colspan=\"\" rowspan=\"\" class=\"\" id=\"\">\n\t\t\t\t\t\t\t\t\t\t\t\t<div class=\"td-content-wrapper\"><div class=\"td-content\">\n\t\t\t\t\t\t\t\t\t\t\t\t\t14 personnes\t\t\t\t\t\t\t\t\t\t\t\t<\/div><\/div>\n\t\t\t\t\t\t\t\t\t\t\t<\/td>\n\t\t\t\t\t\t\t\t\t\t\t\t\t\t\t\t\t\t\t\t\t\t\t\t\t\t\t\t\t   \t\t\t\t\t\t\t\t\t\t\t<td colspan=\"\" rowspan=\"\" class=\"\" id=\"\">\n\t\t\t\t\t\t\t\t\t\t\t\t<div class=\"td-content-wrapper\"><div class=\"td-content\">\n\t\t\t\t\t\t\t\t\t\t\t\t\tTable + 2 all.\t\t\t\t\t\t\t\t\t\t\t\t<\/div><\/div>\n\t\t\t\t\t\t\t\t\t\t\t<\/td>\n\t\t\t\t\t\t\t\t\t\t\t\t\t\t\t\t\t\t\t\t\t\t\t\t\t\t\t\t\t   \t\t\t\t\t\t\t\t\t\t\t<td colspan=\"\" rowspan=\"\" class=\"\" id=\"\">\n\t\t\t\t\t\t\t\t\t\t\t\t<div class=\"td-content-wrapper\"><div class=\"td-content\">\n\t\t\t\t\t\t\t\t\t\t\t\t\t200&#215;110 cm\t\t\t\t\t\t\t\t\t\t\t\t<\/div><\/div>\n\t\t\t\t\t\t\t\t\t\t\t<\/td>\n\t\t\t\t\t\t\t\t\t\t\t\t\t\t\t\t\t\t\t\t\t\t\t\t\t\t<\/tr>\n\t\t\t        \t\t\t\t\t\t<tr>\n\t\t\t\t\t\t\t\t\t\t\t\t\t\t\t\t   \t\t\t\t\t\t\t\t\t\t\t<td colspan=\"\" rowspan=\"\" class=\"\" id=\"\">\n\t\t\t\t\t\t\t\t\t\t\t\t<div class=\"td-content-wrapper\"><div class=\"td-content\">\n\t\t\t\t\t\t\t\t\t\t\t\t\t16 personnes\t\t\t\t\t\t\t\t\t\t\t\t<\/div><\/div>\n\t\t\t\t\t\t\t\t\t\t\t<\/td>\n\t\t\t\t\t\t\t\t\t\t\t\t\t\t\t\t\t\t\t\t\t\t\t\t\t\t\t\t\t   \t\t\t\t\t\t\t\t\t\t\t<td colspan=\"\" rowspan=\"\" class=\"\" id=\"\">\n\t\t\t\t\t\t\t\t\t\t\t\t<div class=\"td-content-wrapper\"><div class=\"td-content\">\n\t\t\t\t\t\t\t\t\t\t\t\t\tTable + 3 all.\t\t\t\t\t\t\t\t\t\t\t\t<\/div><\/div>\n\t\t\t\t\t\t\t\t\t\t\t<\/td>\n\t\t\t\t\t\t\t\t\t\t\t\t\t\t\t\t\t\t\t\t\t\t\t\t\t\t\t\t\t   \t\t\t\t\t\t\t\t\t\t\t<td colspan=\"\" rowspan=\"\" class=\"\" id=\"\">\n\t\t\t\t\t\t\t\t\t\t\t\t<div class=\"td-content-wrapper\"><div class=\"td-content\">\n\t\t\t\t\t\t\t\t\t\t\t\t\t240&#215;110 cm\t\t\t\t\t\t\t\t\t\t\t\t<\/div><\/div>\n\t\t\t\t\t\t\t\t\t\t\t<\/td>\n\t\t\t\t\t\t\t\t\t\t\t\t\t\t\t\t\t\t\t\t\t\t\t\t\t\t<\/tr>\n\t\t\t        \t\t\t\t\t\t<tr>\n\t\t\t\t\t\t\t\t\t\t\t\t\t\t\t\t   \t\t\t\t\t\t\t\t\t\t\t<td colspan=\"\" rowspan=\"\" class=\"\" id=\"\">\n\t\t\t\t\t\t\t\t\t\t\t\t<div class=\"td-content-wrapper\"><div class=\"td-content\">\n\t\t\t\t\t\t\t\t\t\t\t\t\t18 personnes\t\t\t\t\t\t\t\t\t\t\t\t<\/div><\/div>\n\t\t\t\t\t\t\t\t\t\t\t<\/td>\n\t\t\t\t\t\t\t\t\t\t\t\t\t\t\t\t\t\t\t\t\t\t\t\t\t\t\t\t\t   \t\t\t\t\t\t\t\t\t\t\t<td colspan=\"\" rowspan=\"\" class=\"\" id=\"\">\n\t\t\t\t\t\t\t\t\t\t\t\t<div class=\"td-content-wrapper\"><div class=\"td-content\">\n\t\t\t\t\t\t\t\t\t\t\t\t\tTable + 4-5 all.\t\t\t\t\t\t\t\t\t\t\t\t<\/div><\/div>\n\t\t\t\t\t\t\t\t\t\t\t<\/td>\n\t\t\t\t\t\t\t\t\t\t\t\t\t\t\t\t\t\t\t\t\t\t\t\t\t\t\t\t\t   \t\t\t\t\t\t\t\t\t\t\t<td colspan=\"\" rowspan=\"\" class=\"\" id=\"\">\n\t\t\t\t\t\t\t\t\t\t\t\t<div class=\"td-content-wrapper\"><div class=\"td-content\">\n\t\t\t\t\t\t\t\t\t\t\t\t\t280&#215;110 cm\t\t\t\t\t\t\t\t\t\t\t\t<\/div><\/div>\n\t\t\t\t\t\t\t\t\t\t\t<\/td>\n\t\t\t\t\t\t\t\t\t\t\t\t\t\t\t\t\t\t\t\t\t\t\t\t\t\t<\/tr>\n\t\t\t        \t\t\t\t\t\t<tr>\n\t\t\t\t\t\t\t\t\t\t\t\t\t\t\t\t   \t\t\t\t\t\t\t\t\t\t\t<td colspan=\"\" rowspan=\"\" class=\"\" id=\"\">\n\t\t\t\t\t\t\t\t\t\t\t\t<div class=\"td-content-wrapper\"><div class=\"td-content\">\n\t\t\t\t\t\t\t\t\t\t\t\t\t20 personnes\t\t\t\t\t\t\t\t\t\t\t\t<\/div><\/div>\n\t\t\t\t\t\t\t\t\t\t\t<\/td>\n\t\t\t\t\t\t\t\t\t\t\t\t\t\t\t\t\t\t\t\t\t\t\t\t\t\t\t\t\t   \t\t\t\t\t\t\t\t\t\t\t<td colspan=\"\" rowspan=\"\" class=\"\" id=\"\">\n\t\t\t\t\t\t\t\t\t\t\t\t<div class=\"td-content-wrapper\"><div class=\"td-content\">\n\t\t\t\t\t\t\t\t\t\t\t\t\tTable + 4-5 all.\t\t\t\t\t\t\t\t\t\t\t\t<\/div><\/div>\n\t\t\t\t\t\t\t\t\t\t\t<\/td>\n\t\t\t\t\t\t\t\t\t\t\t\t\t\t\t\t\t\t\t\t\t\t\t\t\t\t\t\t\t   \t\t\t\t\t\t\t\t\t\t\t<td colspan=\"\" rowspan=\"\" class=\"\" id=\"\">\n\t\t\t\t\t\t\t\t\t\t\t\t<div class=\"td-content-wrapper\"><div class=\"td-content\">\n\t\t\t\t\t\t\t\t\t\t\t\t\t320&#215;110 cm\t\t\t\t\t\t\t\t\t\t\t\t<\/div><\/div>\n\t\t\t\t\t\t\t\t\t\t\t<\/td>\n\t\t\t\t\t\t\t\t\t\t\t\t\t\t\t\t\t\t\t\t\t\t\t\t\t\t<\/tr>\n\t\t\t        \t\t\t    <\/tbody>\n\t\t\t<\/table>\n\t\t<\/div>\n\t  \t\t\t\t\t<\/div>\n\t\t\t\t<\/div>\n\t\t\t\t\t<\/div>\n\t\t\t\t<\/div>\n\t\t<div data-particle_enable=\"false\" data-particle-mobile-disabled=\"false\" class=\"elementor-element elementor-element-b1fe456 e-flex e-con-boxed e-con e-parent\" data-id=\"b1fe456\" data-element_type=\"container\">\n\t\t\t\t\t<div class=\"e-con-inner\">\n\t\t\t\t<div class=\"elementor-element elementor-element-de205d0 elementor-widget elementor-widget-text-editor\" data-id=\"de205d0\" data-element_type=\"widget\" data-widget_type=\"text-editor.default\">\n\t\t\t\t<div class=\"elementor-widget-container\">\n\t\t\t\t\t\t\t\t\t<h2><b>Fabrication artisanale et sur-mesure<\/b><\/h2><p><span style=\"font-weight: 400;\">La fabrication de nos <\/span><b>tables extensibles Louis XVI<\/b><span style=\"font-weight: 400;\"> est le fruit d&rsquo;un savoir-faire artisanal pr\u00e9cieusement transmis au fil des g\u00e9n\u00e9rations. Nos artisans qualifi\u00e9s, v\u00e9ritables garants de l&rsquo;excellence, mettent en \u0153uvre des techniques d&rsquo;assemblage traditionnelles pour assurer la solidit\u00e9 et la long\u00e9vit\u00e9 de chaque pi\u00e8ce.<\/span><\/p><p><span style=\"font-weight: 400;\">De la s\u00e9lection rigoureuse des bois, choisis pour leur grain fin et leur solidit\u00e9, \u00e0 la finition soign\u00e9e, chaque \u00e9tape du processus t\u00e9moigne de l&rsquo;expertise de nos artisans. Leur exp\u00e9rience et leur passion se refl\u00e8tent dans la qualit\u00e9 de nos tables, con\u00e7ues pour traverser le temps et devenir de pr\u00e9cieux h\u00e9ritages familiaux.<\/span><\/p><h3><b>Utilisation de bois massif fran\u00e7ais issu de for\u00eats g\u00e9r\u00e9es durablement<\/b><\/h3><p><span style=\"font-weight: 400;\">Pour la r\u00e9alisation de nos <\/span><b>tables extensibles Louis XVI<\/b><span style=\"font-weight: 400;\">, nous accordons une importance particuli\u00e8re au choix des mat\u00e9riaux. Nous utilisons exclusivement du bois massif provenant de for\u00eats fran\u00e7aises g\u00e9r\u00e9es de mani\u00e8re durable, refl\u00e9tant notre engagement envers la qualit\u00e9 et l&rsquo;\u00e9co-responsabilit\u00e9.<\/span><\/p><p><span style=\"font-weight: 400;\">En s\u00e9lectionnant du bois issu de sources responsables, nous contribuons \u00e0 pr\u00e9server notre patrimoine forestier tout en garantissant la solidit\u00e9 et la beaut\u00e9 de nos cr\u00e9ations. Cette d\u00e9marche s&rsquo;inscrit dans une logique de consommation \u00e9thique, offrant \u00e0 nos clients la satisfaction d&rsquo;acqu\u00e9rir un meuble authentique et respectueux de l&rsquo;environnement.<\/span><\/p>\t\t\t\t\t\t\t\t<\/div>\n\t\t\t\t<\/div>\n\t\t\t\t\t<\/div>\n\t\t\t\t<\/div>\n\t\t<div data-particle_enable=\"false\" data-particle-mobile-disabled=\"false\" class=\"elementor-element elementor-element-0dbd0da e-grid e-con-full e-con e-parent\" data-id=\"0dbd0da\" data-element_type=\"container\">\n\t\t\t\t<div class=\"elementor-element elementor-element-18b0594 elementor-widget elementor-widget-text-editor\" data-id=\"18b0594\" data-element_type=\"widget\" data-widget_type=\"text-editor.default\">\n\t\t\t\t<div class=\"elementor-widget-container\">\n\t\t\t\t\t\t\t\t\t<h2><b>Int\u00e9gration dans l&rsquo;espace moderne<\/b><\/h2>\n<p><span style=\"font-weight: 400;\">Pour mettre en valeur votre <\/span><b>table extensible Louis XVI<\/b><span style=\"font-weight: 400;\"> et cr\u00e9er un ensemble harmonieux, voici quelques conseils d&rsquo;agencement. Associez-la \u00e0 des chaises assorties aux lignes \u00e9pur\u00e9es pour un look intemporel, ou optez pour un mix and match audacieux avec des assises au design plus contemporain.<\/span><\/p>\n<p><span style=\"font-weight: 400;\">N&rsquo;h\u00e9sitez pas \u00e0 accessoiriser votre table avec des \u00e9l\u00e9ments d\u00e9coratifs comme des chandeliers, des vases ou des compositions florales pour apporter une touche d&rsquo;\u00e9l\u00e9gance. Nos experts sont \u00e0 votre \u00e9coute pour vous guider dans vos choix et vous aider \u00e0 cr\u00e9er un espace convivial et raffin\u00e9 autour de votre table Louis XVI.<\/span><\/p>\n<h3><b>Adaptabilit\u00e9 aux espaces r\u00e9duits gr\u00e2ce \u00e0 ses dimensions modulables<\/b><\/h3>\n<p><span style=\"font-weight: 400;\">Conscients des contraintes li\u00e9es aux espaces restreints, nous avons con\u00e7u nos <\/span><b>tables extensibles Louis XVI<\/b><span style=\"font-weight: 400;\"> pour s&rsquo;adapter \u00e0 tous les int\u00e9rieurs. Leurs dimensions modulables vous permettent d&rsquo;ajuster la taille de votre table en fonction de la superficie disponible.<\/span><\/p>\n<p><span style=\"font-weight: 400;\">Une fois repli\u00e9e, la table pr\u00e9sente un encombrement minimal, vous permettant de lib\u00e9rer de l&rsquo;espace si n\u00e9cessaire. Cette flexibilit\u00e9 est appr\u00e9ci\u00e9e dans les appartements urbains o\u00f9 chaque m\u00e8tre carr\u00e9 compte. Gr\u00e2ce \u00e0 sa polyvalence, la table extensible Louis XVI s&rsquo;av\u00e8re \u00eatre une solution judicieuse pour les espaces compacts, alliant fonctionnalit\u00e9 et esth\u00e9tique dans un m\u00eame meuble.<\/span><\/p>\n<p><span style=\"font-weight: 400;\">En somme, les tables extensibles Louis XVI de Maison Saulaie incarnent l&rsquo;alliance parfaite entre tradition et modernit\u00e9. Leur fabrication artisanale, \u00e0 partir de bois massif fran\u00e7ais issu de for\u00eats durables, assure une qualit\u00e9 et une long\u00e9vit\u00e9 exceptionnelles.<\/span><\/p>\n<p><span style=\"font-weight: 400;\">L&rsquo;adaptabilit\u00e9 de ces tables aux espaces restreints et leur polyvalence refl\u00e8tent notre engagement \u00e0 offrir des meubles intemporels qui s&rsquo;int\u00e8grent ais\u00e9ment dans les int\u00e9rieurs contemporains. Bien plus qu&rsquo;un simple meuble, une <\/span><b>table extensible<\/b><span style=\"font-weight: 400;\"> Louis XVI Maison Saulaie est un investissement p\u00e9renne, promesse de moments conviviaux inoubliables. Et si elle devenait la pi\u00e8ce ma\u00eetresse de votre salle \u00e0 manger ?<\/span><\/p>\n<p><\/p>\t\t\t\t\t\t\t\t<\/div>\n\t\t\t\t<\/div>\n\t\t\t\t<div class=\"elementor-element elementor-element-b850925 elementor-widget elementor-widget-image\" data-id=\"b850925\" data-element_type=\"widget\" data-widget_type=\"image.default\">\n\t\t\t\t<div class=\"elementor-widget-container\">\n\t\t\t\t\t\t\t\t\t\t\t\t\t\t\t\t<a href=\"https:\/\/www.saulaie.com\/fr\/8776-table-de-salle-a-manger-a-bandeau-louis-xvi-110x120cm-5-allonges-bertin.html\" target=\"_blank\">\n\t\t\t\t\t\t\t<img decoding=\"async\" width=\"550\" height=\"675\" src=\"https:\/\/www.saulaie.com\/blog\/wp-content\/uploads\/2025\/02\/table-ext-xxl-3.jpg\" class=\"attachment-large size-large wp-image-8519\" alt=\"\" srcset=\"https:\/\/www.saulaie.com\/blog\/wp-content\/uploads\/2025\/02\/table-ext-xxl-3.jpg 550w, https:\/\/www.saulaie.com\/blog\/wp-content\/uploads\/2025\/02\/table-ext-xxl-3-244x300.jpg 244w\" sizes=\"(max-width: 550px) 100vw, 550px\" \/>\t\t\t\t\t\t\t\t<\/a>\n\t\t\t\t\t\t\t\t\t\t\t\t\t\t\t<\/div>\n\t\t\t\t<\/div>\n\t\t\t\t<\/div>\n\t\t\t\t<\/div>\n\t\t","protected":false},"excerpt":{"rendered":"<p>Les tables extensibles de Maison Saulaie allient avec brio l&rsquo;esth\u00e9tique classique et la fonctionnalit\u00e9 moderne. Con\u00e7ues pour s&rsquo;adapter \u00e0 tous les espaces et occasions, elles r\u00e9v\u00e8lent un savoir-faire artisanal d&rsquo;exception. D\u00e9couvrez comment ces cr\u00e9ations intemporelles s&rsquo;int\u00e8grent harmonieusement dans votre int\u00e9rieur contemporain. Caract\u00e9ristiques uniques de la table Louis XVI Design intemporel du style Louis XVI Les [&hellip;]<\/p>\n","protected":false},"author":11,"featured_media":8528,"comment_status":"open","ping_status":"open","sticky":false,"template":"","format":"standard","meta":{"_seopress_robots_primary_cat":"none","_seopress_titles_title":"","_seopress_titles_desc":"","_seopress_robots_index":"","_uag_custom_page_level_css":"","footnotes":""},"categories":[19],"tags":[],"class_list":{"0":"post-8515","1":"post","2":"type-post","3":"status-publish","4":"format-standard","5":"has-post-thumbnail","7":"category-collections"},"uagb_featured_image_src":{"full":["https:\/\/www.saulaie.com\/blog\/wp-content\/uploads\/2025\/02\/table-ext-xxl-4.jpg",1150,750,false],"thumbnail":["https:\/\/www.saulaie.com\/blog\/wp-content\/uploads\/2025\/02\/table-ext-xxl-4-150x150.jpg",150,150,true],"medium":["https:\/\/www.saulaie.com\/blog\/wp-content\/uploads\/2025\/02\/table-ext-xxl-4-300x196.jpg",300,196,true],"medium_large":["https:\/\/www.saulaie.com\/blog\/wp-content\/uploads\/2025\/02\/table-ext-xxl-4-768x501.jpg",768,501,true],"large":["https:\/\/www.saulaie.com\/blog\/wp-content\/uploads\/2025\/02\/table-ext-xxl-4-1024x668.jpg",800,522,true],"1536x1536":["https:\/\/www.saulaie.com\/blog\/wp-content\/uploads\/2025\/02\/table-ext-xxl-4.jpg",1150,750,false],"2048x2048":["https:\/\/www.saulaie.com\/blog\/wp-content\/uploads\/2025\/02\/table-ext-xxl-4.jpg",1150,750,false],"gform-image-choice-sm":["https:\/\/www.saulaie.com\/blog\/wp-content\/uploads\/2025\/02\/table-ext-xxl-4-300x300.jpg",300,300,true],"gform-image-choice-md":["https:\/\/www.saulaie.com\/blog\/wp-content\/uploads\/2025\/02\/table-ext-xxl-4-400x400.jpg",400,400,true],"gform-image-choice-lg":["https:\/\/www.saulaie.com\/blog\/wp-content\/uploads\/2025\/02\/table-ext-xxl-4-600x600.jpg",600,600,true]},"uagb_author_info":{"display_name":"Elodie Rossignol","author_link":"https:\/\/www.saulaie.com\/blog\/author\/elodie\/"},"uagb_comment_info":0,"uagb_excerpt":"Les tables extensibles de Maison Saulaie allient avec brio l&rsquo;esth\u00e9tique classique et la fonctionnalit\u00e9 moderne. Con\u00e7ues pour s&rsquo;adapter \u00e0 tous les espaces et occasions, elles r\u00e9v\u00e8lent un savoir-faire artisanal d&rsquo;exception. D\u00e9couvrez comment ces cr\u00e9ations intemporelles s&rsquo;int\u00e8grent harmonieusement dans votre int\u00e9rieur contemporain. Caract\u00e9ristiques uniques de la table Louis XVI Design intemporel du style Louis XVI Les\u2026","_links":{"self":[{"href":"https:\/\/www.saulaie.com\/blog\/wp-json\/wp\/v2\/posts\/8515","targetHints":{"allow":["GET"]}}],"collection":[{"href":"https:\/\/www.saulaie.com\/blog\/wp-json\/wp\/v2\/posts"}],"about":[{"href":"https:\/\/www.saulaie.com\/blog\/wp-json\/wp\/v2\/types\/post"}],"author":[{"embeddable":true,"href":"https:\/\/www.saulaie.com\/blog\/wp-json\/wp\/v2\/users\/11"}],"replies":[{"embeddable":true,"href":"https:\/\/www.saulaie.com\/blog\/wp-json\/wp\/v2\/comments?post=8515"}],"version-history":[{"count":9,"href":"https:\/\/www.saulaie.com\/blog\/wp-json\/wp\/v2\/posts\/8515\/revisions"}],"predecessor-version":[{"id":8527,"href":"https:\/\/www.saulaie.com\/blog\/wp-json\/wp\/v2\/posts\/8515\/revisions\/8527"}],"wp:featuredmedia":[{"embeddable":true,"href":"https:\/\/www.saulaie.com\/blog\/wp-json\/wp\/v2\/media\/8528"}],"wp:attachment":[{"href":"https:\/\/www.saulaie.com\/blog\/wp-json\/wp\/v2\/media?parent=8515"}],"wp:term":[{"taxonomy":"category","embeddable":true,"href":"https:\/\/www.saulaie.com\/blog\/wp-json\/wp\/v2\/categories?post=8515"},{"taxonomy":"post_tag","embeddable":true,"href":"https:\/\/www.saulaie.com\/blog\/wp-json\/wp\/v2\/tags?post=8515"}],"curies":[{"name":"wp","href":"https:\/\/api.w.org\/{rel}","templated":true}]}}