{"id":7424,"date":"2023-03-03T12:24:10","date_gmt":"2023-03-03T11:24:10","guid":{"rendered":"https:\/\/blog.saulaie.com\/?p=7424"},"modified":"2023-03-03T12:38:10","modified_gmt":"2023-03-03T11:38:10","slug":"table-extensible-quel-modele-choisir-pour-la-salle-a-manger","status":"publish","type":"post","link":"https:\/\/www.saulaie.com\/blog\/table-extensible-quel-modele-choisir-pour-la-salle-a-manger\/","title":{"rendered":"Table extensible : quel mod\u00e8le choisir pour la salle \u00e0 manger ?"},"content":{"rendered":"\n<div class=\"wp-block-columns is-layout-flex wp-container-core-columns-is-layout-9d6595d7 wp-block-columns-is-layout-flex\">\n<div class=\"wp-block-column is-layout-flow wp-block-column-is-layout-flow\"><\/div>\n\n\n\n<div class=\"wp-block-column is-layout-flow wp-block-column-is-layout-flow\">\n<p class=\"has-text-align-center\">V\u00e9ritable lieu de retrouvailles, la salle \u00e0 manger doit parfois jouer les \u00e9quilibristes pour pousser les murs et accueillir une, deux, voire cinq personnes de plus qu\u2019\u00e0 l\u2019accoutum\u00e9e.&nbsp; Parce que la vie, ce n\u2019est pas d\u2019\u00eatre toujours le m\u00eame nombre \u00e0 table&#8230; et pourtant la pi\u00e8ce n\u2019est pas extensible. Alors quelle astuce pour se retrouver autour d&rsquo;une grande tabl\u00e9e ?<\/p>\n<\/div>\n\n\n\n<div class=\"wp-block-column is-layout-flow wp-block-column-is-layout-flow\"><\/div>\n<\/div>\n\n\n\n<div class=\"wp-block-columns is-layout-flex wp-container-core-columns-is-layout-9d6595d7 wp-block-columns-is-layout-flex\">\n<div class=\"wp-block-column is-layout-flow wp-block-column-is-layout-flow\">\n<figure class=\"wp-block-gallery has-nested-images columns-default is-cropped wp-block-gallery-1 is-layout-flex wp-block-gallery-is-layout-flex\">\n<figure class=\"wp-block-image size-large\"><a href=\"https:\/\/www.saulaie.com\/blog\/wp-content\/uploads\/2023\/03\/tables-extensibles-2.jpg\"><img fetchpriority=\"high\" decoding=\"async\" width=\"1024\" height=\"657\" data-id=\"7433\" src=\"https:\/\/www.saulaie.com\/blog\/wp-content\/uploads\/2023\/03\/tables-extensibles-2-1024x657.jpg\" alt=\"\" class=\"wp-image-7433\" srcset=\"https:\/\/www.saulaie.com\/blog\/wp-content\/uploads\/2023\/03\/tables-extensibles-2-1024x657.jpg 1024w, https:\/\/www.saulaie.com\/blog\/wp-content\/uploads\/2023\/03\/tables-extensibles-2-300x192.jpg 300w, https:\/\/www.saulaie.com\/blog\/wp-content\/uploads\/2023\/03\/tables-extensibles-2-768x493.jpg 768w, https:\/\/www.saulaie.com\/blog\/wp-content\/uploads\/2023\/03\/tables-extensibles-2-705x452.jpg 705w, https:\/\/www.saulaie.com\/blog\/wp-content\/uploads\/2023\/03\/tables-extensibles-2.jpg 1130w\" sizes=\"(max-width: 1024px) 100vw, 1024px\" \/><\/a><\/figure>\n\n\n\n<figure class=\"wp-block-image size-large\"><a href=\"https:\/\/www.saulaie.com\/fr\/5059-table-extensible-en-chene-naturel-et-ceramique-effet-ardoise-140x100-cm-allonges-ceramique-albatre.html\" target=\"_blank\" rel=\"noreferrer noopener\"><img decoding=\"async\" width=\"1024\" height=\"657\" data-id=\"7435\" src=\"https:\/\/www.saulaie.com\/blog\/wp-content\/uploads\/2023\/03\/tables-extensibles-3-1024x657.jpg\" alt=\"\" class=\"wp-image-7435\" srcset=\"https:\/\/www.saulaie.com\/blog\/wp-content\/uploads\/2023\/03\/tables-extensibles-3-1024x657.jpg 1024w, https:\/\/www.saulaie.com\/blog\/wp-content\/uploads\/2023\/03\/tables-extensibles-3-300x192.jpg 300w, https:\/\/www.saulaie.com\/blog\/wp-content\/uploads\/2023\/03\/tables-extensibles-3-768x493.jpg 768w, https:\/\/www.saulaie.com\/blog\/wp-content\/uploads\/2023\/03\/tables-extensibles-3-705x452.jpg 705w, https:\/\/www.saulaie.com\/blog\/wp-content\/uploads\/2023\/03\/tables-extensibles-3.jpg 1130w\" sizes=\"(max-width: 1024px) 100vw, 1024px\" \/><\/a><\/figure>\n\n\n\n<figure class=\"wp-block-image size-large\"><a href=\"https:\/\/www.saulaie.com\/blog\/wp-content\/uploads\/2023\/03\/tables-extensibles-4.jpg\"><img decoding=\"async\" width=\"1024\" height=\"657\" data-id=\"7434\" src=\"https:\/\/www.saulaie.com\/blog\/wp-content\/uploads\/2023\/03\/tables-extensibles-4-1024x657.jpg\" alt=\"\" class=\"wp-image-7434\" srcset=\"https:\/\/www.saulaie.com\/blog\/wp-content\/uploads\/2023\/03\/tables-extensibles-4-1024x657.jpg 1024w, https:\/\/www.saulaie.com\/blog\/wp-content\/uploads\/2023\/03\/tables-extensibles-4-300x192.jpg 300w, https:\/\/www.saulaie.com\/blog\/wp-content\/uploads\/2023\/03\/tables-extensibles-4-768x493.jpg 768w, https:\/\/www.saulaie.com\/blog\/wp-content\/uploads\/2023\/03\/tables-extensibles-4-705x452.jpg 705w, https:\/\/www.saulaie.com\/blog\/wp-content\/uploads\/2023\/03\/tables-extensibles-4.jpg 1130w\" sizes=\"(max-width: 1024px) 100vw, 1024px\" \/><\/a><\/figure>\n<\/figure>\n<\/div>\n<\/div>\n\n\n\n<div class=\"wp-block-columns is-layout-flex wp-container-core-columns-is-layout-9d6595d7 wp-block-columns-is-layout-flex\">\n<div class=\"wp-block-column is-layout-flow wp-block-column-is-layout-flow\">\n<h2 class=\"has-text-align-center wp-block-heading\">Pourquoi faire le choix d\u2019une table extensible ?<\/h2>\n<\/div>\n<\/div>\n\n\n\n<div class=\"wp-block-columns is-layout-flex wp-container-core-columns-is-layout-9d6595d7 wp-block-columns-is-layout-flex\">\n<div class=\"wp-block-column is-layout-flow wp-block-column-is-layout-flow\">\n<p>Cherchez une table de salle \u00e0 manger qui s\u2019adapte \u00e0 vos envies : une <strong>table extensible<\/strong> ! Qui permettra d&rsquo;asseoir 12 personnes (et m\u00eame plus). Qui sera disponible dans de nombreux mod\u00e8les et \u00e0 prix juste. Plus besoin de choisir le pratique au m\u00e9pris de l\u2019esth\u00e9tique : choisissez les mat\u00e9riaux et le design qui vous pla\u00eet, nous vous assurons une table exceptionnelle. Comment ? Elle est fabriqu\u00e9e de A \u00e0 Z par des menuisiers \u00e9b\u00e9nistes chevronn\u00e9s.<\/p>\n<\/div>\n\n\n\n<div class=\"wp-block-column is-layout-flow wp-block-column-is-layout-flow\">\n<p>Il est parfois difficile de d\u00e9terminer les dimensions id\u00e9ales de la <strong>table de salle \u00e0 manger<\/strong> \u00e0 installer dans son espace de repas. En effet, diff\u00e9rents crit\u00e8res essentiels sont \u00e0 prendre en compte, comme l\u2019espace dont vous disposez, l\u2019usage que vous ferez de votre meuble, mais aussi le nombre moyen de convives que vous souhaitez installer autour de votre table. C\u2019est pourquoi la table extensible est dans bien des cas une solution qui r\u00e9pond au maximum de cas de figures.<\/p>\n<\/div>\n<\/div>\n\n\n\n<div class=\"wp-block-columns is-layout-flex wp-container-core-columns-is-layout-9d6595d7 wp-block-columns-is-layout-flex\">\n<div class=\"wp-block-column is-layout-flow wp-block-column-is-layout-flow\">\n<h2 class=\"has-text-align-center wp-block-heading\">Le guide pour choisir sa table extensible<\/h2>\n<\/div>\n<\/div>\n\n\n\n<div class=\"wp-block-columns is-layout-flex wp-container-core-columns-is-layout-9d6595d7 wp-block-columns-is-layout-flex\">\n<div class=\"wp-block-column is-layout-flow wp-block-column-is-layout-flow\">\n<p>Compos\u00e9e de pieds et d\u2019un plateau central fixe, la table extensible est dot\u00e9e d\u2019une rallonge \u00e0 chaque extr\u00e9mit\u00e9, que vous pourrez ajouter \u00e0 votre guise et selon vos besoins. Comment concevoir une<strong> table extensible<\/strong> parfaite ?<\/p>\n<\/div>\n\n\n\n<div class=\"wp-block-column is-layout-flow wp-block-column-is-layout-flow\">\n<p>Partez d\u2019un design qui vous pla\u00eet : une table rectangulaire, oblongue ou ovale. Puis, choisissez les mat\u00e9riaux en fonction de vos envies : bois ou bois et c\u00e9ramique. Enfin, d\u00e9finissez la dimension id\u00e9ale en version ferm\u00e9e : on parlera en nombre de personnes (4, 6 ou 8 personnes).<\/p>\n<\/div>\n<\/div>\n\n\n\n<div class=\"wp-block-columns is-layout-flex wp-container-core-columns-is-layout-9d6595d7 wp-block-columns-is-layout-flex\">\n<div class=\"wp-block-column is-layout-flow wp-block-column-is-layout-flow\"><div class=\"wp-block-image\">\n<figure class=\"aligncenter size-full\"><a href=\"https:\/\/www.saulaie.com\/blog\/wp-content\/uploads\/2023\/03\/tables-extensibles-5-3.jpg\"><img loading=\"lazy\" decoding=\"async\" width=\"550\" height=\"331\" src=\"https:\/\/www.saulaie.com\/blog\/wp-content\/uploads\/2023\/03\/tables-extensibles-5-3.jpg\" alt=\"\" class=\"wp-image-7443\" srcset=\"https:\/\/www.saulaie.com\/blog\/wp-content\/uploads\/2023\/03\/tables-extensibles-5-3.jpg 550w, https:\/\/www.saulaie.com\/blog\/wp-content\/uploads\/2023\/03\/tables-extensibles-5-3-300x181.jpg 300w\" sizes=\"(max-width: 550px) 100vw, 550px\" \/><\/a><\/figure>\n<\/div><\/div>\n\n\n\n<div class=\"wp-block-column is-layout-flow wp-block-column-is-layout-flow\">\n<p>La <a href=\"https:\/\/www.saulaie.com\/fr\/7892-table-extensible-en-chene-naturel-allonges-chene-140x100-cm-snack.html\" target=\"_blank\" rel=\"noreferrer noopener\"><strong>table extensible ovale<\/strong> Snack<\/a> en\u00a0ch\u00eane\u00a0massif est par exemple livr\u00e9e avec ses 2 allonges pour pouvoir recevoir jusqu&rsquo;\u00e0 14 personnes. Elle coulisse sur un syst\u00e8me en aluminium pour vous permettre d&rsquo;ajouter son ou ses allonges en ch\u00eane.<\/p>\n\n\n\n<p>Pour les largeurs 160, 180 et 210 cm, une b\u00e9quille en ch\u00eane s&rsquo;ajoute \u00e0 votre table lorsque les allonges sont en place.<\/p>\n<\/div>\n<\/div>\n\n\n\n<div class=\"wp-block-columns is-layout-flex wp-container-core-columns-is-layout-9d6595d7 wp-block-columns-is-layout-flex\">\n<div class=\"wp-block-column is-layout-flow wp-block-column-is-layout-flow\">\n<p class=\"has-text-align-center\">Ferm\u00e9e, la <strong>table de salle \u00e0 manger extensible<\/strong> prend peu de place et pourra servir de table de repas \u00e0 petit effectif, ou de bureau. Et pour pr\u00e9parer l\u2019arriv\u00e9e de vos invit\u00e9s, vous n\u2019avez plus qu\u2019\u00e0 la d\u00e9plier. Ainsi, elle vous permet \u00e0 la fois de recevoir confortablement vos proches mais \u00e9galement de travailler sereinement ou de laisser cours \u00e0 vos loisirs cr\u00e9atifs.<\/p>\n<\/div>\n<\/div>\n\n\n\n<div class=\"wp-block-columns is-layout-flex wp-container-core-columns-is-layout-9d6595d7 wp-block-columns-is-layout-flex\">\n<div class=\"wp-block-column is-layout-flow wp-block-column-is-layout-flow\"><div class=\"wp-block-image\">\n<figure class=\"aligncenter size-large\"><a href=\"https:\/\/www.saulaie.com\/fr\/3899-table-extensible-en-chene-naturel-allonges-chene-180x100-cm-albatre.html\" target=\"_blank\" rel=\"noreferrer noopener\"><img loading=\"lazy\" decoding=\"async\" width=\"1024\" height=\"657\" src=\"https:\/\/www.saulaie.com\/blog\/wp-content\/uploads\/2023\/03\/tables-extensibles-6-1024x657.jpg\" alt=\"\" class=\"wp-image-7447\" srcset=\"https:\/\/www.saulaie.com\/blog\/wp-content\/uploads\/2023\/03\/tables-extensibles-6-1024x657.jpg 1024w, https:\/\/www.saulaie.com\/blog\/wp-content\/uploads\/2023\/03\/tables-extensibles-6-300x192.jpg 300w, https:\/\/www.saulaie.com\/blog\/wp-content\/uploads\/2023\/03\/tables-extensibles-6-768x493.jpg 768w, https:\/\/www.saulaie.com\/blog\/wp-content\/uploads\/2023\/03\/tables-extensibles-6-705x452.jpg 705w, https:\/\/www.saulaie.com\/blog\/wp-content\/uploads\/2023\/03\/tables-extensibles-6.jpg 1130w\" sizes=\"(max-width: 1024px) 100vw, 1024px\" \/><\/a><\/figure>\n<\/div><\/div>\n<\/div>\n","protected":false},"excerpt":{"rendered":"<p>V\u00e9ritable lieu de retrouvailles, la salle \u00e0 manger doit parfois jouer les \u00e9quilibristes pour pousser les murs et accueillir une, deux, voire cinq personnes de plus qu\u2019\u00e0 l\u2019accoutum\u00e9e.&nbsp; Parce que la vie, ce n\u2019est pas d\u2019\u00eatre toujours le m\u00eame nombre \u00e0 table&#8230; et pourtant la pi\u00e8ce n\u2019est pas extensible. Alors quelle astuce pour se retrouver [&hellip;]<\/p>\n","protected":false},"author":11,"featured_media":7428,"comment_status":"open","ping_status":"open","sticky":false,"template":"","format":"standard","meta":{"_seopress_robots_primary_cat":"none","_seopress_titles_title":"","_seopress_titles_desc":"","_seopress_robots_index":"","_uag_custom_page_level_css":"","footnotes":""},"categories":[19],"tags":[],"class_list":{"0":"post-7424","1":"post","2":"type-post","3":"status-publish","4":"format-standard","5":"has-post-thumbnail","7":"category-collections"},"uagb_featured_image_src":{"full":["https:\/\/www.saulaie.com\/blog\/wp-content\/uploads\/2023\/03\/tables-extensibles.jpg",1100,726,false],"thumbnail":["https:\/\/www.saulaie.com\/blog\/wp-content\/uploads\/2023\/03\/tables-extensibles-150x150.jpg",150,150,true],"medium":["https:\/\/www.saulaie.com\/blog\/wp-content\/uploads\/2023\/03\/tables-extensibles-300x198.jpg",300,198,true],"medium_large":["https:\/\/www.saulaie.com\/blog\/wp-content\/uploads\/2023\/03\/tables-extensibles-768x507.jpg",768,507,true],"large":["https:\/\/www.saulaie.com\/blog\/wp-content\/uploads\/2023\/03\/tables-extensibles-1024x676.jpg",800,528,true],"1536x1536":["https:\/\/www.saulaie.com\/blog\/wp-content\/uploads\/2023\/03\/tables-extensibles.jpg",1100,726,false],"2048x2048":["https:\/\/www.saulaie.com\/blog\/wp-content\/uploads\/2023\/03\/tables-extensibles.jpg",1100,726,false],"gform-image-choice-sm":["https:\/\/www.saulaie.com\/blog\/wp-content\/uploads\/2023\/03\/tables-extensibles.jpg",300,198,false],"gform-image-choice-md":["https:\/\/www.saulaie.com\/blog\/wp-content\/uploads\/2023\/03\/tables-extensibles.jpg",400,264,false],"gform-image-choice-lg":["https:\/\/www.saulaie.com\/blog\/wp-content\/uploads\/2023\/03\/tables-extensibles.jpg",600,396,false]},"uagb_author_info":{"display_name":"Elodie Rossignol","author_link":"https:\/\/www.saulaie.com\/blog\/author\/elodie\/"},"uagb_comment_info":1,"uagb_excerpt":"V\u00e9ritable lieu de retrouvailles, la salle \u00e0 manger doit parfois jouer les \u00e9quilibristes pour pousser les murs et accueillir une, deux, voire cinq personnes de plus qu\u2019\u00e0 l\u2019accoutum\u00e9e.&nbsp; Parce que la vie, ce n\u2019est pas d\u2019\u00eatre toujours le m\u00eame nombre \u00e0 table&#8230; et pourtant la pi\u00e8ce n\u2019est pas extensible. Alors quelle astuce pour se retrouver\u2026","_links":{"self":[{"href":"https:\/\/www.saulaie.com\/blog\/wp-json\/wp\/v2\/posts\/7424","targetHints":{"allow":["GET"]}}],"collection":[{"href":"https:\/\/www.saulaie.com\/blog\/wp-json\/wp\/v2\/posts"}],"about":[{"href":"https:\/\/www.saulaie.com\/blog\/wp-json\/wp\/v2\/types\/post"}],"author":[{"embeddable":true,"href":"https:\/\/www.saulaie.com\/blog\/wp-json\/wp\/v2\/users\/11"}],"replies":[{"embeddable":true,"href":"https:\/\/www.saulaie.com\/blog\/wp-json\/wp\/v2\/comments?post=7424"}],"version-history":[{"count":11,"href":"https:\/\/www.saulaie.com\/blog\/wp-json\/wp\/v2\/posts\/7424\/revisions"}],"predecessor-version":[{"id":7450,"href":"https:\/\/www.saulaie.com\/blog\/wp-json\/wp\/v2\/posts\/7424\/revisions\/7450"}],"wp:featuredmedia":[{"embeddable":true,"href":"https:\/\/www.saulaie.com\/blog\/wp-json\/wp\/v2\/media\/7428"}],"wp:attachment":[{"href":"https:\/\/www.saulaie.com\/blog\/wp-json\/wp\/v2\/media?parent=7424"}],"wp:term":[{"taxonomy":"category","embeddable":true,"href":"https:\/\/www.saulaie.com\/blog\/wp-json\/wp\/v2\/categories?post=7424"},{"taxonomy":"post_tag","embeddable":true,"href":"https:\/\/www.saulaie.com\/blog\/wp-json\/wp\/v2\/tags?post=7424"}],"curies":[{"name":"wp","href":"https:\/\/api.w.org\/{rel}","templated":true}]}}