{"id":7322,"date":"2023-02-03T15:34:01","date_gmt":"2023-02-03T14:34:01","guid":{"rendered":"https:\/\/blog.saulaie.com\/?p=7322"},"modified":"2023-07-10T13:26:43","modified_gmt":"2023-07-10T12:26:43","slug":"ebenisterie-nos-montages-sont-traditionnels","status":"publish","type":"post","link":"https:\/\/www.saulaie.com\/blog\/ebenisterie-nos-montages-sont-traditionnels\/","title":{"rendered":"\u00c9b\u00e9nisterie : nos montages sont traditionnels"},"content":{"rendered":"\n<div class=\"wp-block-columns is-layout-flex wp-container-core-columns-is-layout-9d6595d7 wp-block-columns-is-layout-flex\">\n<div class=\"wp-block-column is-layout-flow wp-block-column-is-layout-flow\"><\/div>\n\n\n\n<div class=\"wp-block-column is-layout-flow wp-block-column-is-layout-flow\">\n<p class=\"has-text-align-center\">Avec l&rsquo;int\u00e9gration de nos ateliers de fabrication, nous mettons un point d&rsquo;honneur \u00e0 renouer avec les m\u00e9thodes de <strong>fabrication traditionnelle<\/strong> pour assembler les diff\u00e9rentes pi\u00e8ces qui composent nos meubles. Conscients de l&rsquo;incontestable richesse des savoir-faire qui fondent notre <strong>patrimoine<\/strong>, nous oeuvrons ainsi \u00e0 leur pr\u00e9servation. Chacune de nos cr\u00e9ation sont empreintes de ces techniques d&rsquo;exception.<\/p>\n<\/div>\n\n\n\n<div class=\"wp-block-column is-layout-flow wp-block-column-is-layout-flow\"><\/div>\n<\/div>\n\n\n<div class=\"wp-block-image\">\n<figure class=\"aligncenter size-large\"><a href=\"https:\/\/www.saulaie.com\/blog\/wp-content\/uploads\/2023\/02\/tenon-mortaise-2.jpg\"><img fetchpriority=\"high\" decoding=\"async\" width=\"1024\" height=\"393\" src=\"https:\/\/www.saulaie.com\/blog\/wp-content\/uploads\/2023\/02\/tenon-mortaise-2-1024x393.jpg\" alt=\"\" class=\"wp-image-7328\" srcset=\"https:\/\/www.saulaie.com\/blog\/wp-content\/uploads\/2023\/02\/tenon-mortaise-2-1024x393.jpg 1024w, https:\/\/www.saulaie.com\/blog\/wp-content\/uploads\/2023\/02\/tenon-mortaise-2-300x115.jpg 300w, https:\/\/www.saulaie.com\/blog\/wp-content\/uploads\/2023\/02\/tenon-mortaise-2-768x295.jpg 768w, https:\/\/www.saulaie.com\/blog\/wp-content\/uploads\/2023\/02\/tenon-mortaise-2-705x271.jpg 705w, https:\/\/www.saulaie.com\/blog\/wp-content\/uploads\/2023\/02\/tenon-mortaise-2.jpg 1130w\" sizes=\"(max-width: 1024px) 100vw, 1024px\" \/><\/a><\/figure>\n<\/div>\n\n\n<div class=\"wp-block-columns is-layout-flex wp-container-core-columns-is-layout-9d6595d7 wp-block-columns-is-layout-flex\">\n<div class=\"wp-block-column is-layout-flow wp-block-column-is-layout-flow\">\n<p>Au sein de nos ateliers, nous sommes fervents d\u00e9fenseurs de l\u2019<strong>assemblage \u00e0 queue d\u2019aronde<\/strong> et de l\u2019<strong>assemblage \u00e0 tenon et mortaise<\/strong>. Symboles de tradition et de qualit\u00e9, elles sont reconnues \u00e0 l\u2019\u00e9preuve du temps pour un r\u00e9sultat aussi solide qu\u2019\u00e9l\u00e9gant.<br>Nos <a href=\"https:\/\/www.saulaie.com\/fr\/10200-bureau-design?collection%5Balbatre%5D=albatre\" target=\"_blank\" rel=\"noreferrer noopener\">bureaux Alb\u00e2tre<\/a> b\u00e9n\u00e9ficient par exemple de l&rsquo;assemblage tenon et mortaise pour relier les traverses et les pieds.<\/p>\n\n\n\n<p>Pour l&rsquo;assemblage des tiroirs des <a href=\"https:\/\/www.saulaie.com\/fr\/bureau-scandinave?collection%5Bsnack%5D=snack\" target=\"_blank\" rel=\"noreferrer noopener\">bureaux Snack<\/a>, l&rsquo;autre assemblage die \u00ab\u00a0\u00e0 queue d&rsquo;aronde\u00a0\u00bb est privil\u00e9gi\u00e9e.<br><\/p>\n<\/div>\n\n\n\n<div class=\"wp-block-column is-layout-flow wp-block-column-is-layout-flow\"><div class=\"wp-block-image\">\n<figure class=\"aligncenter size-full\"><a href=\"https:\/\/www.saulaie.com\/blog\/wp-content\/uploads\/2023\/02\/tenon-mortaise-3.jpg\"><img decoding=\"async\" width=\"550\" height=\"479\" src=\"https:\/\/www.saulaie.com\/blog\/wp-content\/uploads\/2023\/02\/tenon-mortaise-3.jpg\" alt=\"\" class=\"wp-image-7331\" srcset=\"https:\/\/www.saulaie.com\/blog\/wp-content\/uploads\/2023\/02\/tenon-mortaise-3.jpg 550w, https:\/\/www.saulaie.com\/blog\/wp-content\/uploads\/2023\/02\/tenon-mortaise-3-300x261.jpg 300w\" sizes=\"(max-width: 550px) 100vw, 550px\" \/><\/a><\/figure>\n<\/div><\/div>\n<\/div>\n\n\n\n<div class=\"wp-block-columns is-layout-flex wp-container-core-columns-is-layout-9d6595d7 wp-block-columns-is-layout-flex\">\n<div class=\"wp-block-column is-layout-flow wp-block-column-is-layout-flow\"><div class=\"wp-block-image\">\n<figure class=\"aligncenter size-full\"><a href=\"https:\/\/www.saulaie.com\/blog\/wp-content\/uploads\/2023\/02\/tenon-mortaise-4.jpg\"><img decoding=\"async\" width=\"550\" height=\"479\" src=\"https:\/\/www.saulaie.com\/blog\/wp-content\/uploads\/2023\/02\/tenon-mortaise-4.jpg\" alt=\"\" class=\"wp-image-7332\" srcset=\"https:\/\/www.saulaie.com\/blog\/wp-content\/uploads\/2023\/02\/tenon-mortaise-4.jpg 550w, https:\/\/www.saulaie.com\/blog\/wp-content\/uploads\/2023\/02\/tenon-mortaise-4-300x261.jpg 300w\" sizes=\"(max-width: 550px) 100vw, 550px\" \/><\/a><\/figure>\n<\/div><\/div>\n\n\n\n<div class=\"wp-block-column is-layout-flow wp-block-column-is-layout-flow\">\n<p>En pratique, qu\u2019est-ce ? Il s\u2019agit de l\u2019imbrication de deux pi\u00e8ces de bois qui vont \u00eatre travaill\u00e9es pour que l\u2019une s\u2019encastre dans l\u2019autre, au millim\u00e8tre pr\u00e8s !<\/p>\n\n\n\n<p>Ces m\u00e9thodes \u00e9taient autrefois consolid\u00e9es par l\u2019ajout d\u2019une cheville. Celle-ci est aujourd\u2019hui remplac\u00e9e par une vis habilement camoufl\u00e9e.<\/p>\n\n\n\n<p>Ces techniques assurent \u00e0 nos <a href=\"https:\/\/www.saulaie.com\/blog\/2022\/08\/09\/bien-entretenir-ses-meubles-en-bois\/\" data-type=\"post\" data-id=\"6192\">meubles une tenue irr\u00e9prochable dans le temps.<\/a><\/p>\n<\/div>\n<\/div>\n\n\n\n<div class=\"wp-block-columns is-layout-flex wp-container-core-columns-is-layout-9d6595d7 wp-block-columns-is-layout-flex\">\n<div class=\"wp-block-column is-layout-flow wp-block-column-is-layout-flow\"><div class=\"wp-block-image\">\n<figure class=\"aligncenter size-large\"><a href=\"https:\/\/www.saulaie.com\/blog\/wp-content\/uploads\/2023\/02\/tenon-mortaise-5.jpg\"><img loading=\"lazy\" decoding=\"async\" width=\"1024\" height=\"510\" src=\"https:\/\/www.saulaie.com\/blog\/wp-content\/uploads\/2023\/02\/tenon-mortaise-5-1024x510.jpg\" alt=\"\" class=\"wp-image-7337\" srcset=\"https:\/\/www.saulaie.com\/blog\/wp-content\/uploads\/2023\/02\/tenon-mortaise-5-1024x510.jpg 1024w, https:\/\/www.saulaie.com\/blog\/wp-content\/uploads\/2023\/02\/tenon-mortaise-5-300x149.jpg 300w, https:\/\/www.saulaie.com\/blog\/wp-content\/uploads\/2023\/02\/tenon-mortaise-5-768x383.jpg 768w, https:\/\/www.saulaie.com\/blog\/wp-content\/uploads\/2023\/02\/tenon-mortaise-5-705x351.jpg 705w, https:\/\/www.saulaie.com\/blog\/wp-content\/uploads\/2023\/02\/tenon-mortaise-5.jpg 1130w\" sizes=\"(max-width: 1024px) 100vw, 1024px\" \/><\/a><\/figure>\n<\/div><\/div>\n<\/div>\n","protected":false},"excerpt":{"rendered":"<p>Avec l&rsquo;int\u00e9gration de nos ateliers de fabrication, nous mettons un point d&rsquo;honneur \u00e0 renouer avec les m\u00e9thodes de fabrication traditionnelle pour assembler les diff\u00e9rentes pi\u00e8ces qui composent nos meubles. Conscients de l&rsquo;incontestable richesse des savoir-faire qui fondent notre patrimoine, nous oeuvrons ainsi \u00e0 leur pr\u00e9servation. Chacune de nos cr\u00e9ation sont empreintes de ces techniques d&rsquo;exception. [&hellip;]<\/p>\n","protected":false},"author":11,"featured_media":7342,"comment_status":"open","ping_status":"open","sticky":false,"template":"","format":"standard","meta":{"_seopress_robots_primary_cat":"none","_seopress_titles_title":"","_seopress_titles_desc":"","_seopress_robots_index":"","_uag_custom_page_level_css":"","footnotes":""},"categories":[19,17],"tags":[],"class_list":{"0":"post-7322","1":"post","2":"type-post","3":"status-publish","4":"format-standard","5":"has-post-thumbnail","7":"category-collections","8":"category-philosophie"},"uagb_featured_image_src":{"full":["https:\/\/www.saulaie.com\/blog\/wp-content\/uploads\/2023\/02\/tenon-mortaise-6.jpg",1100,726,false],"thumbnail":["https:\/\/www.saulaie.com\/blog\/wp-content\/uploads\/2023\/02\/tenon-mortaise-6-150x150.jpg",150,150,true],"medium":["https:\/\/www.saulaie.com\/blog\/wp-content\/uploads\/2023\/02\/tenon-mortaise-6-300x198.jpg",300,198,true],"medium_large":["https:\/\/www.saulaie.com\/blog\/wp-content\/uploads\/2023\/02\/tenon-mortaise-6-768x507.jpg",768,507,true],"large":["https:\/\/www.saulaie.com\/blog\/wp-content\/uploads\/2023\/02\/tenon-mortaise-6-1024x676.jpg",800,528,true],"1536x1536":["https:\/\/www.saulaie.com\/blog\/wp-content\/uploads\/2023\/02\/tenon-mortaise-6.jpg",1100,726,false],"2048x2048":["https:\/\/www.saulaie.com\/blog\/wp-content\/uploads\/2023\/02\/tenon-mortaise-6.jpg",1100,726,false],"gform-image-choice-sm":["https:\/\/www.saulaie.com\/blog\/wp-content\/uploads\/2023\/02\/tenon-mortaise-6.jpg",300,198,false],"gform-image-choice-md":["https:\/\/www.saulaie.com\/blog\/wp-content\/uploads\/2023\/02\/tenon-mortaise-6.jpg",400,264,false],"gform-image-choice-lg":["https:\/\/www.saulaie.com\/blog\/wp-content\/uploads\/2023\/02\/tenon-mortaise-6.jpg",600,396,false]},"uagb_author_info":{"display_name":"Elodie Rossignol","author_link":"https:\/\/www.saulaie.com\/blog\/author\/elodie\/"},"uagb_comment_info":0,"uagb_excerpt":"Avec l&rsquo;int\u00e9gration de nos ateliers de fabrication, nous mettons un point d&rsquo;honneur \u00e0 renouer avec les m\u00e9thodes de fabrication traditionnelle pour assembler les diff\u00e9rentes pi\u00e8ces qui composent nos meubles. Conscients de l&rsquo;incontestable richesse des savoir-faire qui fondent notre patrimoine, nous oeuvrons ainsi \u00e0 leur pr\u00e9servation. Chacune de nos cr\u00e9ation sont empreintes de ces techniques d&rsquo;exception.\u2026","_links":{"self":[{"href":"https:\/\/www.saulaie.com\/blog\/wp-json\/wp\/v2\/posts\/7322","targetHints":{"allow":["GET"]}}],"collection":[{"href":"https:\/\/www.saulaie.com\/blog\/wp-json\/wp\/v2\/posts"}],"about":[{"href":"https:\/\/www.saulaie.com\/blog\/wp-json\/wp\/v2\/types\/post"}],"author":[{"embeddable":true,"href":"https:\/\/www.saulaie.com\/blog\/wp-json\/wp\/v2\/users\/11"}],"replies":[{"embeddable":true,"href":"https:\/\/www.saulaie.com\/blog\/wp-json\/wp\/v2\/comments?post=7322"}],"version-history":[{"count":16,"href":"https:\/\/www.saulaie.com\/blog\/wp-json\/wp\/v2\/posts\/7322\/revisions"}],"predecessor-version":[{"id":7780,"href":"https:\/\/www.saulaie.com\/blog\/wp-json\/wp\/v2\/posts\/7322\/revisions\/7780"}],"wp:featuredmedia":[{"embeddable":true,"href":"https:\/\/www.saulaie.com\/blog\/wp-json\/wp\/v2\/media\/7342"}],"wp:attachment":[{"href":"https:\/\/www.saulaie.com\/blog\/wp-json\/wp\/v2\/media?parent=7322"}],"wp:term":[{"taxonomy":"category","embeddable":true,"href":"https:\/\/www.saulaie.com\/blog\/wp-json\/wp\/v2\/categories?post=7322"},{"taxonomy":"post_tag","embeddable":true,"href":"https:\/\/www.saulaie.com\/blog\/wp-json\/wp\/v2\/tags?post=7322"}],"curies":[{"name":"wp","href":"https:\/\/api.w.org\/{rel}","templated":true}]}}