{"id":7017,"date":"2022-10-05T09:56:45","date_gmt":"2022-10-05T08:56:45","guid":{"rendered":"https:\/\/blog.saulaie.com\/?p=7017"},"modified":"2022-12-02T14:35:23","modified_gmt":"2022-12-02T13:35:23","slug":"de-nos-ateliers-est-nee-notre-nouvelle-collection","status":"publish","type":"post","link":"https:\/\/www.saulaie.com\/blog\/de-nos-ateliers-est-nee-notre-nouvelle-collection\/","title":{"rendered":"De nos ateliers est n\u00e9e notre nouvelle collection"},"content":{"rendered":"\n<div class=\"wp-block-columns is-layout-flex wp-container-core-columns-is-layout-9d6595d7 wp-block-columns-is-layout-flex\">\n<div class=\"wp-block-column is-layout-flow wp-block-column-is-layout-flow\"><\/div>\n\n\n\n<div class=\"wp-block-column is-layout-flow wp-block-column-is-layout-flow\">\n<p class=\"has-text-align-center\">Notre nouvelle collection est 100 % issue de nos propres <strong>ateliers de fabrication<\/strong> en France et en Europe.<\/p>\n\n\n\n<p class=\"has-text-align-center\">Nos collections de meubles en bois dites \u00ab\u00a0design\u00a0\u00bb sont majoritairement con\u00e7ues en France, en Mayenne, o\u00f9 l&rsquo;on y travaille le<strong> ch\u00eane et le noyer.<\/strong><\/p>\n\n\n\n<p class=\"has-text-align-center\">Pour les meubles en bois de nos collections type ancien et plus r\u00e9tro, nous faisons appel au savoir-faire des artisans portugais.&nbsp;<\/p>\n<\/div>\n\n\n\n<div class=\"wp-block-column is-layout-flow wp-block-column-is-layout-flow\"><\/div>\n<\/div>\n\n\n<div class=\"wp-block-image\">\n<figure class=\"aligncenter size-large\"><a href=\"https:\/\/www.saulaie.com\/blog\/wp-content\/uploads\/2022\/10\/nouvelle-co-2022.jpg\"><img fetchpriority=\"high\" decoding=\"async\" width=\"1024\" height=\"832\" src=\"https:\/\/www.saulaie.com\/blog\/wp-content\/uploads\/2022\/10\/nouvelle-co-2022-1024x832.jpg\" alt=\"\" class=\"wp-image-7019\" srcset=\"https:\/\/www.saulaie.com\/blog\/wp-content\/uploads\/2022\/10\/nouvelle-co-2022-1024x832.jpg 1024w, https:\/\/www.saulaie.com\/blog\/wp-content\/uploads\/2022\/10\/nouvelle-co-2022-300x244.jpg 300w, https:\/\/www.saulaie.com\/blog\/wp-content\/uploads\/2022\/10\/nouvelle-co-2022-768x624.jpg 768w, https:\/\/www.saulaie.com\/blog\/wp-content\/uploads\/2022\/10\/nouvelle-co-2022-705x573.jpg 705w, https:\/\/www.saulaie.com\/blog\/wp-content\/uploads\/2022\/10\/nouvelle-co-2022.jpg 1130w\" sizes=\"(max-width: 1024px) 100vw, 1024px\" \/><\/a><\/figure>\n<\/div>\n\n\n<div class=\"wp-block-columns is-layout-flex wp-container-core-columns-is-layout-9d6595d7 wp-block-columns-is-layout-flex\">\n<div class=\"wp-block-column is-layout-flow wp-block-column-is-layout-flow\">\n<h2 class=\"has-text-align-center wp-block-heading\">Pourquoi le Portugal ?<\/h2>\n<\/div>\n<\/div>\n\n\n\n<div class=\"wp-block-columns is-layout-flex wp-container-core-columns-is-layout-9d6595d7 wp-block-columns-is-layout-flex\">\n<div class=\"wp-block-column is-layout-flow wp-block-column-is-layout-flow\">\n<p>Parce que la qualit\u00e9 de leur travail dans l&rsquo;\u00e9b\u00e9nisterie et la tapisserie est mondialement reconnue.<\/p>\n\n\n\n<p>Nous travaillons avec deux ateliers qui se compl\u00e8tent. L&rsquo;un fabrique nos meubles en bois, l&rsquo;autre s\u2019occupe de tapisser nos chaises et fauteuils en cuir et tissu&#8230;&nbsp;<\/p>\n\n\n\n<p>Tout le processus de <strong>fabrication est artisanal<\/strong>, loin du travail \u00e0 la cha\u00eene r\u00e9alis\u00e9 \u00e0 l\u2019autre bout de la Terre, et avec un code de travail \u00e9thique pour les artisans. Bref, des valeurs de respect qui correspondent aux n\u00f4tres !<\/p>\n<\/div>\n\n\n\n<div class=\"wp-block-column is-layout-flow wp-block-column-is-layout-flow\">\n<p>Leur expertise nous permet de garantir des meubles de qualit\u00e9, qui durent.<\/p>\n\n\n\n<p>La pr\u00e9paration de cette <strong>nouvelle collection<\/strong> nous a fait nous rendre au Portugal pour plusieurs visites de l\u2019atelier. <\/p>\n\n\n\n<p>Gr\u00e2ce \u00e0 ces rencontres, nous&nbsp;avons pu pr\u00e9parer les <strong>prototypes de nos mod\u00e8les<\/strong> et corriger leurs petits d\u00e9fauts pour ainsi parfaire nos (vos) futurs iconiques !<\/p>\n<\/div>\n<\/div>\n\n\n\n<div class=\"wp-block-columns is-layout-flex wp-container-core-columns-is-layout-9d6595d7 wp-block-columns-is-layout-flex\">\n<div class=\"wp-block-column is-layout-flow wp-block-column-is-layout-flow\"><div class=\"wp-block-image\">\n<figure class=\"aligncenter size-large\"><a href=\"https:\/\/www.saulaie.com\/blog\/wp-content\/uploads\/2022\/10\/nouvelle-co-2022-1.jpg\" target=\"_blank\" rel=\"noreferrer noopener\"><img decoding=\"async\" width=\"1024\" height=\"326\" src=\"https:\/\/www.saulaie.com\/blog\/wp-content\/uploads\/2022\/10\/nouvelle-co-2022-1-1024x326.jpg\" alt=\"\" class=\"wp-image-7026\" srcset=\"https:\/\/www.saulaie.com\/blog\/wp-content\/uploads\/2022\/10\/nouvelle-co-2022-1-1024x326.jpg 1024w, https:\/\/www.saulaie.com\/blog\/wp-content\/uploads\/2022\/10\/nouvelle-co-2022-1-300x96.jpg 300w, https:\/\/www.saulaie.com\/blog\/wp-content\/uploads\/2022\/10\/nouvelle-co-2022-1-768x245.jpg 768w, https:\/\/www.saulaie.com\/blog\/wp-content\/uploads\/2022\/10\/nouvelle-co-2022-1-705x225.jpg 705w, https:\/\/www.saulaie.com\/blog\/wp-content\/uploads\/2022\/10\/nouvelle-co-2022-1.jpg 1130w\" sizes=\"(max-width: 1024px) 100vw, 1024px\" \/><\/a><\/figure>\n<\/div><\/div>\n<\/div>\n","protected":false},"excerpt":{"rendered":"<p>Notre nouvelle collection est 100 % issue de nos propres ateliers de fabrication en France et en Europe. Nos collections de meubles en bois dites \u00ab\u00a0design\u00a0\u00bb sont majoritairement con\u00e7ues en France, en Mayenne, o\u00f9 l&rsquo;on y travaille le ch\u00eane et le noyer. Pour les meubles en bois de nos collections type ancien et plus r\u00e9tro, [&hellip;]<\/p>\n","protected":false},"author":11,"featured_media":7043,"comment_status":"open","ping_status":"open","sticky":false,"template":"","format":"standard","meta":{"_seopress_robots_primary_cat":"17","_seopress_titles_title":"","_seopress_titles_desc":"","_seopress_robots_index":"","_uag_custom_page_level_css":"","footnotes":""},"categories":[19,17],"tags":[],"class_list":{"0":"post-7017","1":"post","2":"type-post","3":"status-publish","4":"format-standard","5":"has-post-thumbnail","7":"category-collections","8":"category-philosophie"},"uagb_featured_image_src":{"full":["https:\/\/www.saulaie.com\/blog\/wp-content\/uploads\/2022\/10\/carte-europe-nouvelle-co-3.jpg",1100,726,false],"thumbnail":["https:\/\/www.saulaie.com\/blog\/wp-content\/uploads\/2022\/10\/carte-europe-nouvelle-co-3-150x150.jpg",150,150,true],"medium":["https:\/\/www.saulaie.com\/blog\/wp-content\/uploads\/2022\/10\/carte-europe-nouvelle-co-3-300x198.jpg",300,198,true],"medium_large":["https:\/\/www.saulaie.com\/blog\/wp-content\/uploads\/2022\/10\/carte-europe-nouvelle-co-3-768x507.jpg",768,507,true],"large":["https:\/\/www.saulaie.com\/blog\/wp-content\/uploads\/2022\/10\/carte-europe-nouvelle-co-3-1024x676.jpg",800,528,true],"1536x1536":["https:\/\/www.saulaie.com\/blog\/wp-content\/uploads\/2022\/10\/carte-europe-nouvelle-co-3.jpg",1100,726,false],"2048x2048":["https:\/\/www.saulaie.com\/blog\/wp-content\/uploads\/2022\/10\/carte-europe-nouvelle-co-3.jpg",1100,726,false],"gform-image-choice-sm":["https:\/\/www.saulaie.com\/blog\/wp-content\/uploads\/2022\/10\/carte-europe-nouvelle-co-3.jpg",300,198,false],"gform-image-choice-md":["https:\/\/www.saulaie.com\/blog\/wp-content\/uploads\/2022\/10\/carte-europe-nouvelle-co-3.jpg",400,264,false],"gform-image-choice-lg":["https:\/\/www.saulaie.com\/blog\/wp-content\/uploads\/2022\/10\/carte-europe-nouvelle-co-3.jpg",600,396,false]},"uagb_author_info":{"display_name":"Elodie Rossignol","author_link":"https:\/\/www.saulaie.com\/blog\/author\/elodie\/"},"uagb_comment_info":0,"uagb_excerpt":"Notre nouvelle collection est 100 % issue de nos propres ateliers de fabrication en France et en Europe. Nos collections de meubles en bois dites \u00ab\u00a0design\u00a0\u00bb sont majoritairement con\u00e7ues en France, en Mayenne, o\u00f9 l&rsquo;on y travaille le ch\u00eane et le noyer. Pour les meubles en bois de nos collections type ancien et plus r\u00e9tro,\u2026","_links":{"self":[{"href":"https:\/\/www.saulaie.com\/blog\/wp-json\/wp\/v2\/posts\/7017","targetHints":{"allow":["GET"]}}],"collection":[{"href":"https:\/\/www.saulaie.com\/blog\/wp-json\/wp\/v2\/posts"}],"about":[{"href":"https:\/\/www.saulaie.com\/blog\/wp-json\/wp\/v2\/types\/post"}],"author":[{"embeddable":true,"href":"https:\/\/www.saulaie.com\/blog\/wp-json\/wp\/v2\/users\/11"}],"replies":[{"embeddable":true,"href":"https:\/\/www.saulaie.com\/blog\/wp-json\/wp\/v2\/comments?post=7017"}],"version-history":[{"count":3,"href":"https:\/\/www.saulaie.com\/blog\/wp-json\/wp\/v2\/posts\/7017\/revisions"}],"predecessor-version":[{"id":7044,"href":"https:\/\/www.saulaie.com\/blog\/wp-json\/wp\/v2\/posts\/7017\/revisions\/7044"}],"wp:featuredmedia":[{"embeddable":true,"href":"https:\/\/www.saulaie.com\/blog\/wp-json\/wp\/v2\/media\/7043"}],"wp:attachment":[{"href":"https:\/\/www.saulaie.com\/blog\/wp-json\/wp\/v2\/media?parent=7017"}],"wp:term":[{"taxonomy":"category","embeddable":true,"href":"https:\/\/www.saulaie.com\/blog\/wp-json\/wp\/v2\/categories?post=7017"},{"taxonomy":"post_tag","embeddable":true,"href":"https:\/\/www.saulaie.com\/blog\/wp-json\/wp\/v2\/tags?post=7017"}],"curies":[{"name":"wp","href":"https:\/\/api.w.org\/{rel}","templated":true}]}}