{"id":7003,"date":"2022-10-03T09:06:26","date_gmt":"2022-10-03T08:06:26","guid":{"rendered":"https:\/\/blog.saulaie.com\/?p=7003"},"modified":"2022-10-25T10:15:37","modified_gmt":"2022-10-25T09:15:37","slug":"un-coup-de-pouce-pour-prendre-une-decision-nous-vous-envoyons-les-echantillons%ef%bf%bc","status":"publish","type":"post","link":"https:\/\/www.saulaie.com\/blog\/un-coup-de-pouce-pour-prendre-une-decision-nous-vous-envoyons-les-echantillons%ef%bf%bc\/","title":{"rendered":"Un coup de pouce pour prendre une d\u00e9cision ? Nous vous envoyons les \u00e9chantillons"},"content":{"rendered":"\n<div class=\"wp-block-columns is-layout-flex wp-container-core-columns-is-layout-9d6595d7 wp-block-columns-is-layout-flex\">\n<div class=\"wp-block-column is-layout-flow wp-block-column-is-layout-flow\"><\/div>\n\n\n\n<div class=\"wp-block-column is-layout-flow wp-block-column-is-layout-flow\">\n<p class=\"has-text-align-center\">La Maison Saulaie met son savoir-faire \u00e0 contribution pour vous accompagner dans vos projets d\u2019<strong>ameublement d\u2019int\u00e9rieur<\/strong>. Nous vous conseillons pour vous proposer du mobilier design aux finitions personnalisables, notamment en ce qui concerne les couleurs de tissu, les teintes de cuir et la texture. Besoin de faire un choix ? Nous vous envoyons gratuitement des \u00e9chantillons.<\/p>\n<\/div>\n\n\n\n<div class=\"wp-block-column is-layout-flow wp-block-column-is-layout-flow\"><\/div>\n<\/div>\n\n\n\n<div class=\"wp-block-columns is-layout-flex wp-container-core-columns-is-layout-9d6595d7 wp-block-columns-is-layout-flex\">\n<div class=\"wp-block-column is-layout-flow wp-block-column-is-layout-flow\">\n<h2 class=\"has-text-align-center wp-block-heading\">Recevez des \u00e9chantillons<\/h2>\n<\/div>\n<\/div>\n\n\n\n<div class=\"wp-block-columns is-layout-flex wp-container-core-columns-is-layout-9d6595d7 wp-block-columns-is-layout-flex\">\n<div class=\"wp-block-column is-layout-flow wp-block-column-is-layout-flow\">\n<p>La Maison Saulaie fait le choix des mat\u00e9riaux nobles. Pour mettre ces mat\u00e9riaux d\u2019exception au service de votre int\u00e9rieur, nous vous proposons un service d\u2019<strong>envoi d\u2019\u00e9chantillons<\/strong>. Nous proposons une large gamme de tissus, cuirs, c\u00e9ramiques et bois pour vous permettre de r\u00e9aliser des int\u00e9rieurs \u00e0 votre image. <\/p>\n<\/div>\n\n\n\n<div class=\"wp-block-column is-layout-flow wp-block-column-is-layout-flow\">\n<p>Ce service vous permet de toucher la mati\u00e8re et d\u2019en observer les nuances. Recevez vos <strong>\u00e9chantillons de cuirs et tissus<\/strong> pour vous aider \u00e0 vous projeter. <\/p>\n\n\n\n<p>Pour recevoir vos \u00e9chantillons contactez-nous par  mail ou par t\u00e9l\u00e9phone.<\/p>\n<\/div>\n<\/div>\n\n\n\n<div class=\"wp-block-columns is-layout-flex wp-container-core-columns-is-layout-9d6595d7 wp-block-columns-is-layout-flex\">\n<div class=\"wp-block-column is-layout-flow wp-block-column-is-layout-flow\">\n<h2 class=\"has-text-align-center wp-block-heading\">Visitez nos showrooms<\/h2>\n<\/div>\n<\/div>\n\n\n\n<div class=\"wp-block-columns is-layout-flex wp-container-core-columns-is-layout-9d6595d7 wp-block-columns-is-layout-flex\">\n<div class=\"wp-block-column is-layout-flow wp-block-column-is-layout-flow\">\n<div class=\"wp-block-columns is-layout-flex wp-container-core-columns-is-layout-9d6595d7 wp-block-columns-is-layout-flex\">\n<div class=\"wp-block-column is-layout-flow wp-block-column-is-layout-flow\">\n<figure class=\"wp-block-image size-full\"><a href=\"https:\/\/www.saulaie.com\/blog\/wp-content\/uploads\/2022\/10\/echantillons-1-2.jpg\"><img fetchpriority=\"high\" decoding=\"async\" width=\"550\" height=\"824\" src=\"https:\/\/www.saulaie.com\/blog\/wp-content\/uploads\/2022\/10\/echantillons-1-2.jpg\" alt=\"\" class=\"wp-image-7010\" srcset=\"https:\/\/www.saulaie.com\/blog\/wp-content\/uploads\/2022\/10\/echantillons-1-2.jpg 550w, https:\/\/www.saulaie.com\/blog\/wp-content\/uploads\/2022\/10\/echantillons-1-2-200x300.jpg 200w\" sizes=\"(max-width: 550px) 100vw, 550px\" \/><\/a><\/figure>\n<\/div>\n\n\n\n<div class=\"wp-block-column is-layout-flow wp-block-column-is-layout-flow\">\n<p>Nos \u00e9chantillons et collections sont disponibles dans nos <strong>showrooms, \u00e0 Paris<\/strong> et \u00e0 Ch\u00e2teau-Gontier. <\/p>\n\n\n\n<p>L\u2019occasion de r\u00e9aliser vos associations de mati\u00e8res et de couleurs pour concevoir du mobilier personnalis\u00e9 et singulier. Nous mettons vos projets au c\u0153ur de notre d\u00e9marche et vous accompagnons en ce sens de l\u2019id\u00e9e jusqu\u2019\u00e0 la livraison de vos pi\u00e8ces.<\/p>\n<\/div>\n<\/div>\n<\/div>\n<\/div>\n\n\n\n<div class=\"wp-block-columns is-layout-flex wp-container-core-columns-is-layout-9d6595d7 wp-block-columns-is-layout-flex\">\n<div class=\"wp-block-column is-layout-flow wp-block-column-is-layout-flow\"><div class=\"wp-block-image\">\n<figure class=\"aligncenter size-large\"><a href=\"https:\/\/www.saulaie.com\/blog\/wp-content\/uploads\/2022\/10\/echantillons-2.jpg\"><img decoding=\"async\" width=\"1024\" height=\"832\" src=\"https:\/\/www.saulaie.com\/blog\/wp-content\/uploads\/2022\/10\/echantillons-2-1024x832.jpg\" alt=\"\" class=\"wp-image-7011\" srcset=\"https:\/\/www.saulaie.com\/blog\/wp-content\/uploads\/2022\/10\/echantillons-2-1024x832.jpg 1024w, https:\/\/www.saulaie.com\/blog\/wp-content\/uploads\/2022\/10\/echantillons-2-300x244.jpg 300w, https:\/\/www.saulaie.com\/blog\/wp-content\/uploads\/2022\/10\/echantillons-2-768x624.jpg 768w, https:\/\/www.saulaie.com\/blog\/wp-content\/uploads\/2022\/10\/echantillons-2-705x573.jpg 705w, https:\/\/www.saulaie.com\/blog\/wp-content\/uploads\/2022\/10\/echantillons-2.jpg 1130w\" sizes=\"(max-width: 1024px) 100vw, 1024px\" \/><\/a><\/figure>\n<\/div><\/div>\n<\/div>\n","protected":false},"excerpt":{"rendered":"<p>La Maison Saulaie met son savoir-faire \u00e0 contribution pour vous accompagner dans vos projets d\u2019ameublement d\u2019int\u00e9rieur. Nous vous conseillons pour vous proposer du mobilier design aux finitions personnalisables, notamment en ce qui concerne les couleurs de tissu, les teintes de cuir et la texture. Besoin de faire un choix ? Nous vous envoyons gratuitement des [&hellip;]<\/p>\n","protected":false},"author":11,"featured_media":7005,"comment_status":"open","ping_status":"open","sticky":false,"template":"","format":"standard","meta":{"_seopress_robots_primary_cat":"17","_seopress_titles_title":"","_seopress_titles_desc":"","_seopress_robots_index":"","_uag_custom_page_level_css":"","footnotes":""},"categories":[17],"tags":[],"class_list":{"0":"post-7003","1":"post","2":"type-post","3":"status-publish","4":"format-standard","5":"has-post-thumbnail","7":"category-philosophie"},"uagb_featured_image_src":{"full":["https:\/\/www.saulaie.com\/blog\/wp-content\/uploads\/2022\/10\/echantillons.jpg",1100,726,false],"thumbnail":["https:\/\/www.saulaie.com\/blog\/wp-content\/uploads\/2022\/10\/echantillons-150x150.jpg",150,150,true],"medium":["https:\/\/www.saulaie.com\/blog\/wp-content\/uploads\/2022\/10\/echantillons-300x198.jpg",300,198,true],"medium_large":["https:\/\/www.saulaie.com\/blog\/wp-content\/uploads\/2022\/10\/echantillons-768x507.jpg",768,507,true],"large":["https:\/\/www.saulaie.com\/blog\/wp-content\/uploads\/2022\/10\/echantillons-1024x676.jpg",800,528,true],"1536x1536":["https:\/\/www.saulaie.com\/blog\/wp-content\/uploads\/2022\/10\/echantillons.jpg",1100,726,false],"2048x2048":["https:\/\/www.saulaie.com\/blog\/wp-content\/uploads\/2022\/10\/echantillons.jpg",1100,726,false],"gform-image-choice-sm":["https:\/\/www.saulaie.com\/blog\/wp-content\/uploads\/2022\/10\/echantillons.jpg",300,198,false],"gform-image-choice-md":["https:\/\/www.saulaie.com\/blog\/wp-content\/uploads\/2022\/10\/echantillons.jpg",400,264,false],"gform-image-choice-lg":["https:\/\/www.saulaie.com\/blog\/wp-content\/uploads\/2022\/10\/echantillons.jpg",600,396,false]},"uagb_author_info":{"display_name":"Elodie Rossignol","author_link":"https:\/\/www.saulaie.com\/blog\/author\/elodie\/"},"uagb_comment_info":0,"uagb_excerpt":"La Maison Saulaie met son savoir-faire \u00e0 contribution pour vous accompagner dans vos projets d\u2019ameublement d\u2019int\u00e9rieur. Nous vous conseillons pour vous proposer du mobilier design aux finitions personnalisables, notamment en ce qui concerne les couleurs de tissu, les teintes de cuir et la texture. Besoin de faire un choix ? Nous vous envoyons gratuitement des\u2026","_links":{"self":[{"href":"https:\/\/www.saulaie.com\/blog\/wp-json\/wp\/v2\/posts\/7003","targetHints":{"allow":["GET"]}}],"collection":[{"href":"https:\/\/www.saulaie.com\/blog\/wp-json\/wp\/v2\/posts"}],"about":[{"href":"https:\/\/www.saulaie.com\/blog\/wp-json\/wp\/v2\/types\/post"}],"author":[{"embeddable":true,"href":"https:\/\/www.saulaie.com\/blog\/wp-json\/wp\/v2\/users\/11"}],"replies":[{"embeddable":true,"href":"https:\/\/www.saulaie.com\/blog\/wp-json\/wp\/v2\/comments?post=7003"}],"version-history":[{"count":6,"href":"https:\/\/www.saulaie.com\/blog\/wp-json\/wp\/v2\/posts\/7003\/revisions"}],"predecessor-version":[{"id":7113,"href":"https:\/\/www.saulaie.com\/blog\/wp-json\/wp\/v2\/posts\/7003\/revisions\/7113"}],"wp:featuredmedia":[{"embeddable":true,"href":"https:\/\/www.saulaie.com\/blog\/wp-json\/wp\/v2\/media\/7005"}],"wp:attachment":[{"href":"https:\/\/www.saulaie.com\/blog\/wp-json\/wp\/v2\/media?parent=7003"}],"wp:term":[{"taxonomy":"category","embeddable":true,"href":"https:\/\/www.saulaie.com\/blog\/wp-json\/wp\/v2\/categories?post=7003"},{"taxonomy":"post_tag","embeddable":true,"href":"https:\/\/www.saulaie.com\/blog\/wp-json\/wp\/v2\/tags?post=7003"}],"curies":[{"name":"wp","href":"https:\/\/api.w.org\/{rel}","templated":true}]}}