{"id":6880,"date":"2022-09-15T16:36:03","date_gmt":"2022-09-15T15:36:03","guid":{"rendered":"https:\/\/blog.saulaie.com\/?p=6880"},"modified":"2022-09-30T14:48:13","modified_gmt":"2022-09-30T13:48:13","slug":"comment-bien-amenager-une-cuisine-ouverte","status":"publish","type":"post","link":"https:\/\/www.saulaie.com\/blog\/comment-bien-amenager-une-cuisine-ouverte\/","title":{"rendered":"Comment bien am\u00e9nager une cuisine ouverte ?"},"content":{"rendered":"\n<div class=\"wp-block-columns is-layout-flex wp-container-core-columns-is-layout-9d6595d7 wp-block-columns-is-layout-flex\">\n<div class=\"wp-block-column is-layout-flow wp-block-column-is-layout-flow\"><\/div>\n\n\n\n<div class=\"wp-block-column is-layout-flow wp-block-column-is-layout-flow\">\n<p class=\"has-text-align-center\">La <strong>cuisine ouverte <\/strong>sur le s\u00e9jour ou le salon est une belle id\u00e9e pour optimiser l\u2019espace et donner du volume \u00e0 votre pi\u00e8ce. Elle permet \u00e9galement de cr\u00e9er un lieu convivial o\u00f9 vous pourrez converser avec vos convives ou encore garder un \u0153il sur les enfants tandis que vous cuisinez. En somme, cela permet de cr\u00e9er un espace de partage.<\/p>\n<\/div>\n\n\n\n<div class=\"wp-block-column is-layout-flow wp-block-column-is-layout-flow\"><\/div>\n<\/div>\n\n\n\n<div class=\"wp-block-columns is-layout-flex wp-container-core-columns-is-layout-9d6595d7 wp-block-columns-is-layout-flex\">\n<div class=\"wp-block-column is-layout-flow wp-block-column-is-layout-flow\">\n<h2 class=\"has-text-align-center wp-block-heading\">CHOISIR UNE TABLE AUX BONNES DIMENSIONS<\/h2>\n<\/div>\n<\/div>\n\n\n\n<div class=\"wp-block-columns is-layout-flex wp-container-core-columns-is-layout-9d6595d7 wp-block-columns-is-layout-flex\">\n<div class=\"wp-block-column is-layout-flow wp-block-column-is-layout-flow\"><div class=\"wp-block-image\">\n<figure class=\"aligncenter size-large\"><a href=\"https:\/\/www.saulaie.com\/blog\/wp-content\/uploads\/2022\/09\/cuisine-ouverte.jpg\" target=\"_blank\" rel=\"noreferrer noopener\"><img fetchpriority=\"high\" decoding=\"async\" width=\"1024\" height=\"382\" src=\"https:\/\/www.saulaie.com\/blog\/wp-content\/uploads\/2022\/09\/cuisine-ouverte-1024x382.jpg\" alt=\"\" class=\"wp-image-6882\" srcset=\"https:\/\/www.saulaie.com\/blog\/wp-content\/uploads\/2022\/09\/cuisine-ouverte-1024x382.jpg 1024w, https:\/\/www.saulaie.com\/blog\/wp-content\/uploads\/2022\/09\/cuisine-ouverte-300x112.jpg 300w, https:\/\/www.saulaie.com\/blog\/wp-content\/uploads\/2022\/09\/cuisine-ouverte-768x286.jpg 768w, https:\/\/www.saulaie.com\/blog\/wp-content\/uploads\/2022\/09\/cuisine-ouverte-705x263.jpg 705w, https:\/\/www.saulaie.com\/blog\/wp-content\/uploads\/2022\/09\/cuisine-ouverte.jpg 1130w\" sizes=\"(max-width: 1024px) 100vw, 1024px\" \/><\/a><\/figure>\n<\/div><\/div>\n<\/div>\n\n\n\n<div class=\"wp-block-columns is-layout-flex wp-container-core-columns-is-layout-9d6595d7 wp-block-columns-is-layout-flex\">\n<div class=\"wp-block-column is-layout-flow wp-block-column-is-layout-flow\">\n<p>Pour bien am\u00e9nager une <strong>cuisine ouverte <\/strong>sur votre salle \u00e0 manger, vous devez choisir avec attention les dimensions de votre table. En effet, une table trop imposante risque d\u2019encombrer l\u2019espace et d\u2019obstruer l\u2019ouverture vers votre cuisine. Pour optimiser l\u2019espace, nous vous conseillons d\u2019opter pour une <a href=\"https:\/\/www.saulaie.com\/fr\/10515-table-extensible\">table extensible<\/a> aux dimensions adapt\u00e9es. Cette table vous permettra de favoriser la circulation dans votre pi\u00e8ce, mais elle se d\u00e9ploiera aussi de sorte \u00e0 recevoir vos convives en toute qui\u00e9tude.<\/p>\n<\/div>\n\n\n\n<div class=\"wp-block-column is-layout-flow wp-block-column-is-layout-flow\">\n<p>Choisissez une <strong>table en bois haut de gamme<\/strong>, au syst\u00e8me d\u2019ouverture facile, gr\u00e2ce \u00e0 un syst\u00e8me de coulisses sous le plateau sup\u00e9rieur. Des rallonges de 50 centim\u00e8tres chacune qui permettent \u00e0 vos convives de s\u2019installer commod\u00e9ment autour de la <a href=\"https:\/\/www.saulaie.com\/fr\/10587-table-bois\">table bois<\/a>.<\/p>\n<\/div>\n<\/div>\n\n\n\n<div class=\"wp-block-columns is-layout-flex wp-container-core-columns-is-layout-9d6595d7 wp-block-columns-is-layout-flex\">\n<div class=\"wp-block-column is-layout-flow wp-block-column-is-layout-flow\">\n<h2 class=\"has-text-align-center wp-block-heading\">MULTIPLIER LES RANGEMENTS<\/h2>\n<\/div>\n<\/div>\n\n\n\n<div class=\"wp-block-columns is-layout-flex wp-container-core-columns-is-layout-9d6595d7 wp-block-columns-is-layout-flex\">\n<div class=\"wp-block-column is-layout-flow wp-block-column-is-layout-flow\">\n<p class=\"has-text-align-center\">Qui dit <strong>cuisine ouverte <\/strong>dit cuisine et ses rangements. Pr\u00e9voyez un grand nombre de rangements dans votre espace pour ranger votre vaisselle, couverts et plats de services, mais \u00e9galement vos casseroles et autres ustensiles de cuisine. Organisez votre espace pour avoir tout ce dont vous avez besoin pour cuisiner. Nous vous conseillons de privil\u00e9gier des rangements ferm\u00e9s qui vont participer \u00e0 \u00e9purer votre espace et \u00e0 ne pas donner un aspect encombr\u00e9 \u00e0 votre cuisine ouverte.<\/p>\n<\/div>\n<\/div>\n\n\n\n<div class=\"wp-block-columns is-layout-flex wp-container-core-columns-is-layout-9d6595d7 wp-block-columns-is-layout-flex\">\n<div class=\"wp-block-column is-layout-flow wp-block-column-is-layout-flow\">\n<h2 class=\"has-text-align-center wp-block-heading\">MASQUER L&rsquo;\u00c9LECTROM\u00c9NAGER<\/h2>\n<\/div>\n<\/div>\n\n\n\n<div class=\"wp-block-columns is-layout-flex wp-container-core-columns-is-layout-9d6595d7 wp-block-columns-is-layout-flex\">\n<div class=\"wp-block-column is-layout-flow wp-block-column-is-layout-flow\">\n<figure class=\"wp-block-image size-full\"><a href=\"https:\/\/www.saulaie.com\/blog\/wp-content\/uploads\/2022\/09\/cuisine-ouverte-2.jpg\"><img decoding=\"async\" width=\"550\" height=\"821\" src=\"https:\/\/www.saulaie.com\/blog\/wp-content\/uploads\/2022\/09\/cuisine-ouverte-2.jpg\" alt=\"\" class=\"wp-image-6890\" srcset=\"https:\/\/www.saulaie.com\/blog\/wp-content\/uploads\/2022\/09\/cuisine-ouverte-2.jpg 550w, https:\/\/www.saulaie.com\/blog\/wp-content\/uploads\/2022\/09\/cuisine-ouverte-2-201x300.jpg 201w\" sizes=\"(max-width: 550px) 100vw, 550px\" \/><\/a><\/figure>\n<\/div>\n\n\n\n<div class=\"wp-block-column is-layout-flow wp-block-column-is-layout-flow\">\n<p>Dans la m\u00eame veine, veillez \u00e0 faire encastrer vos grosses pi\u00e8ces d\u2019\u00e9lectrom\u00e9nager tels que le r\u00e9frig\u00e9rateur ou le lave-vaisselle et pr\u00e9f\u00e9rez masquer vos robots cuiseurs, bouilloires ou autres machines \u00e0 caf\u00e9 en les stockant dans des rangements ferm\u00e9s par exemple. En effet, la <strong>cuisine ouverte<\/strong> induit une vision panoramique du c\u00f4t\u00e9 cuisine au c\u00f4t\u00e9 s\u00e9jour ou salon. Il n\u2019est pas des plus agr\u00e9ables de se trouver nez \u00e0 nez avec tous ces appareils lorsque l\u2019on se trouve c\u00f4t\u00e9 salon ou \u00e0 table avec ses convives.<\/p>\n<\/div>\n<\/div>\n\n\n\n<div class=\"wp-block-columns is-layout-flex wp-container-core-columns-is-layout-9d6595d7 wp-block-columns-is-layout-flex\">\n<div class=\"wp-block-column is-layout-flow wp-block-column-is-layout-flow\">\n<h2 class=\"has-text-align-center wp-block-heading\">PENSER AUX BRUITS ET ODEURS<\/h2>\n<\/div>\n<\/div>\n\n\n\n<div class=\"wp-block-columns is-layout-flex wp-container-core-columns-is-layout-9d6595d7 wp-block-columns-is-layout-flex\">\n<div class=\"wp-block-column is-layout-flow wp-block-column-is-layout-flow\">\n<p class=\"has-text-align-center\">Partager un tel espace de vie conduit \u00e9galement \u00e0 consid\u00e9rer quelques d\u00e9sagr\u00e9ments sonores et olfactifs. De fait, nos appareils d\u2019\u00e9lectrom\u00e9nager sont particuli\u00e8rement bruyants et peuvent devenir tr\u00e8s p\u00e9nible lorsque l\u2019on essaye de converser avec ses convives par exemple. Dans la mesure du possible, nous vous engageons \u00e0 choisir des appareils silencieux qui ne cr\u00e9eront pas une g\u00eane. De m\u00eame, vous devez trouver une solution pour la gestion des odeurs. Lorsque l\u2019on pr\u00e9pare du poisson c\u00f4t\u00e9 cuisine, on n\u2019a pas vraiment envie d\u2019en profiter dans le s\u00e9jour. Pour cela, la hotte aspirante est la solution la plus efficace. D\u2019autant plus si cette derni\u00e8re est silencieuse. Il faut parfois trouver des compromis.<\/p>\n<\/div>\n<\/div>\n\n\n\n<div class=\"wp-block-columns is-layout-flex wp-container-core-columns-is-layout-9d6595d7 wp-block-columns-is-layout-flex\">\n<div class=\"wp-block-column is-layout-flow wp-block-column-is-layout-flow\">\n<h2 class=\"has-text-align-center wp-block-heading\">D\u00c9LIMITER L&rsquo;ESPACE<\/h2>\n<\/div>\n<\/div>\n\n\n\n<div class=\"wp-block-columns is-layout-flex wp-container-core-columns-is-layout-9d6595d7 wp-block-columns-is-layout-flex\">\n<div class=\"wp-block-column is-layout-flow wp-block-column-is-layout-flow\">\n<p>Si cuisine et salle \u00e0 manger s\u2019inscrivent dans le m\u00eame espace, veillez \u00e0 d\u00e9limiter harmonieusement l\u2019espace pour ne pas cr\u00e9er un lieu de confusion. Pour cela, vous pouvez vous servir d\u2019un plan de travail ou <strong>bar <\/strong>qui permettra de scinder la pi\u00e8ce. Vous pouvez aussi jouer sur les couleurs au mur ou sur le rev\u00eatement au sol pour marquer les deux espaces aussi \u00e9l\u00e9gamment que clairement.<\/p>\n<\/div>\n\n\n\n<div class=\"wp-block-column is-layout-flow wp-block-column-is-layout-flow\"><div class=\"wp-block-image\">\n<figure class=\"aligncenter size-full\"><a href=\"https:\/\/www.saulaie.com\/blog\/wp-content\/uploads\/2022\/09\/cuisine-ouverte-3.jpg\" target=\"_blank\" rel=\"noreferrer noopener\"><img decoding=\"async\" width=\"550\" height=\"689\" src=\"https:\/\/www.saulaie.com\/blog\/wp-content\/uploads\/2022\/09\/cuisine-ouverte-3.jpg\" alt=\"\" class=\"wp-image-6895\" srcset=\"https:\/\/www.saulaie.com\/blog\/wp-content\/uploads\/2022\/09\/cuisine-ouverte-3.jpg 550w, https:\/\/www.saulaie.com\/blog\/wp-content\/uploads\/2022\/09\/cuisine-ouverte-3-239x300.jpg 239w\" sizes=\"(max-width: 550px) 100vw, 550px\" \/><\/a><\/figure>\n<\/div><\/div>\n<\/div>\n\n\n\n<div class=\"wp-block-columns is-layout-flex wp-container-core-columns-is-layout-9d6595d7 wp-block-columns-is-layout-flex\">\n<div class=\"wp-block-column is-layout-flow wp-block-column-is-layout-flow\"><\/div>\n<\/div>\n","protected":false},"excerpt":{"rendered":"<p>La cuisine ouverte sur le s\u00e9jour ou le salon est une belle id\u00e9e pour optimiser l\u2019espace et donner du volume \u00e0 votre pi\u00e8ce. Elle permet \u00e9galement de cr\u00e9er un lieu convivial o\u00f9 vous pourrez converser avec vos convives ou encore garder un \u0153il sur les enfants tandis que vous cuisinez. En somme, cela permet de [&hellip;]<\/p>\n","protected":false},"author":11,"featured_media":6884,"comment_status":"open","ping_status":"open","sticky":false,"template":"","format":"standard","meta":{"_seopress_robots_primary_cat":"16","_seopress_titles_title":"","_seopress_titles_desc":"","_seopress_robots_index":"","_uag_custom_page_level_css":"","footnotes":""},"categories":[16],"tags":[],"class_list":{"0":"post-6880","1":"post","2":"type-post","3":"status-publish","4":"format-standard","5":"has-post-thumbnail","7":"category-tendances"},"uagb_featured_image_src":{"full":["https:\/\/www.saulaie.com\/blog\/wp-content\/uploads\/2022\/09\/cuisine-ouverte-1.jpg",1100,726,false],"thumbnail":["https:\/\/www.saulaie.com\/blog\/wp-content\/uploads\/2022\/09\/cuisine-ouverte-1-150x150.jpg",150,150,true],"medium":["https:\/\/www.saulaie.com\/blog\/wp-content\/uploads\/2022\/09\/cuisine-ouverte-1-300x198.jpg",300,198,true],"medium_large":["https:\/\/www.saulaie.com\/blog\/wp-content\/uploads\/2022\/09\/cuisine-ouverte-1-768x507.jpg",768,507,true],"large":["https:\/\/www.saulaie.com\/blog\/wp-content\/uploads\/2022\/09\/cuisine-ouverte-1-1024x676.jpg",800,528,true],"1536x1536":["https:\/\/www.saulaie.com\/blog\/wp-content\/uploads\/2022\/09\/cuisine-ouverte-1.jpg",1100,726,false],"2048x2048":["https:\/\/www.saulaie.com\/blog\/wp-content\/uploads\/2022\/09\/cuisine-ouverte-1.jpg",1100,726,false],"gform-image-choice-sm":["https:\/\/www.saulaie.com\/blog\/wp-content\/uploads\/2022\/09\/cuisine-ouverte-1.jpg",300,198,false],"gform-image-choice-md":["https:\/\/www.saulaie.com\/blog\/wp-content\/uploads\/2022\/09\/cuisine-ouverte-1.jpg",400,264,false],"gform-image-choice-lg":["https:\/\/www.saulaie.com\/blog\/wp-content\/uploads\/2022\/09\/cuisine-ouverte-1.jpg",600,396,false]},"uagb_author_info":{"display_name":"Elodie Rossignol","author_link":"https:\/\/www.saulaie.com\/blog\/author\/elodie\/"},"uagb_comment_info":0,"uagb_excerpt":"La cuisine ouverte sur le s\u00e9jour ou le salon est une belle id\u00e9e pour optimiser l\u2019espace et donner du volume \u00e0 votre pi\u00e8ce. Elle permet \u00e9galement de cr\u00e9er un lieu convivial o\u00f9 vous pourrez converser avec vos convives ou encore garder un \u0153il sur les enfants tandis que vous cuisinez. En somme, cela permet de\u2026","_links":{"self":[{"href":"https:\/\/www.saulaie.com\/blog\/wp-json\/wp\/v2\/posts\/6880","targetHints":{"allow":["GET"]}}],"collection":[{"href":"https:\/\/www.saulaie.com\/blog\/wp-json\/wp\/v2\/posts"}],"about":[{"href":"https:\/\/www.saulaie.com\/blog\/wp-json\/wp\/v2\/types\/post"}],"author":[{"embeddable":true,"href":"https:\/\/www.saulaie.com\/blog\/wp-json\/wp\/v2\/users\/11"}],"replies":[{"embeddable":true,"href":"https:\/\/www.saulaie.com\/blog\/wp-json\/wp\/v2\/comments?post=6880"}],"version-history":[{"count":9,"href":"https:\/\/www.saulaie.com\/blog\/wp-json\/wp\/v2\/posts\/6880\/revisions"}],"predecessor-version":[{"id":6965,"href":"https:\/\/www.saulaie.com\/blog\/wp-json\/wp\/v2\/posts\/6880\/revisions\/6965"}],"wp:featuredmedia":[{"embeddable":true,"href":"https:\/\/www.saulaie.com\/blog\/wp-json\/wp\/v2\/media\/6884"}],"wp:attachment":[{"href":"https:\/\/www.saulaie.com\/blog\/wp-json\/wp\/v2\/media?parent=6880"}],"wp:term":[{"taxonomy":"category","embeddable":true,"href":"https:\/\/www.saulaie.com\/blog\/wp-json\/wp\/v2\/categories?post=6880"},{"taxonomy":"post_tag","embeddable":true,"href":"https:\/\/www.saulaie.com\/blog\/wp-json\/wp\/v2\/tags?post=6880"}],"curies":[{"name":"wp","href":"https:\/\/api.w.org\/{rel}","templated":true}]}}