{"id":6702,"date":"2022-08-29T16:26:04","date_gmt":"2022-08-29T15:26:04","guid":{"rendered":"http:\/\/blog.saulaie.com\/?p=6702"},"modified":"2023-07-10T12:58:35","modified_gmt":"2023-07-10T11:58:35","slug":"comment-bien-amenager-une-salle-a-manger","status":"publish","type":"post","link":"https:\/\/www.saulaie.com\/blog\/comment-bien-amenager-une-salle-a-manger\/","title":{"rendered":"Comment bien am\u00e9nager une salle \u00e0 manger ?"},"content":{"rendered":"\n<div class=\"wp-block-columns is-layout-flex wp-container-core-columns-is-layout-9d6595d7 wp-block-columns-is-layout-flex\">\n<div class=\"wp-block-column is-layout-flow wp-block-column-is-layout-flow\"><\/div>\n\n\n\n<div class=\"wp-block-column is-layout-flow wp-block-column-is-layout-flow\">\n<p class=\"has-text-align-center\">La salle \u00e0 manger est l\u2019une des pi\u00e8ces phares de la maison, \u00e0 la fois pi\u00e8ce de r\u00e9ception, mais \u00e9galement lieu propice \u00e0 la confidence. La salle \u00e0 manger adopte diff\u00e9rentes fonctions et peut aussi s\u2019av\u00e9rer un lieu de travail id\u00e9al. Il est donc primordial d\u2019en faire un lieu accueillant et ordonn\u00e9. D\u00e9couvrez nos astuces pour optimiser cette pi\u00e8ce et en faire un endroit des plus agr\u00e9ables au quotidien.<\/p>\n<\/div>\n\n\n\n<div class=\"wp-block-column is-layout-flow wp-block-column-is-layout-flow\"><\/div>\n<\/div>\n\n\n\n<div class=\"wp-block-columns is-layout-flex wp-container-core-columns-is-layout-9d6595d7 wp-block-columns-is-layout-flex\">\n<div class=\"wp-block-column is-layout-flow wp-block-column-is-layout-flow\"><div class=\"wp-block-image\">\n<figure class=\"aligncenter size-large\"><a href=\"http:\/\/blog.saulaie.com\/wp-content\/uploads\/2022\/08\/amenager-salle-a-manger-2.jpg\" target=\"_blank\" rel=\"noreferrer noopener\"><img fetchpriority=\"high\" decoding=\"async\" width=\"1024\" height=\"627\" src=\"http:\/\/blog.saulaie.com\/wp-content\/uploads\/2022\/08\/amenager-salle-a-manger-2-1024x627.jpg\" alt=\"\" class=\"wp-image-6705\" srcset=\"https:\/\/www.saulaie.com\/blog\/wp-content\/uploads\/2022\/08\/amenager-salle-a-manger-2-1024x627.jpg 1024w, https:\/\/www.saulaie.com\/blog\/wp-content\/uploads\/2022\/08\/amenager-salle-a-manger-2-300x184.jpg 300w, https:\/\/www.saulaie.com\/blog\/wp-content\/uploads\/2022\/08\/amenager-salle-a-manger-2-768x470.jpg 768w, https:\/\/www.saulaie.com\/blog\/wp-content\/uploads\/2022\/08\/amenager-salle-a-manger-2-705x432.jpg 705w, https:\/\/www.saulaie.com\/blog\/wp-content\/uploads\/2022\/08\/amenager-salle-a-manger-2.jpg 1130w\" sizes=\"(max-width: 1024px) 100vw, 1024px\" \/><\/a><\/figure>\n<\/div><\/div>\n<\/div>\n\n\n\n<div class=\"wp-block-columns is-layout-flex wp-container-core-columns-is-layout-9d6595d7 wp-block-columns-is-layout-flex\">\n<div class=\"wp-block-column is-layout-flow wp-block-column-is-layout-flow\">\n<h2 class=\"has-text-align-center wp-block-heading\">Cr\u00e9er un espace repas chaleureux<\/h2>\n<\/div>\n<\/div>\n\n\n\n<div class=\"wp-block-columns is-layout-flex wp-container-core-columns-is-layout-9d6595d7 wp-block-columns-is-layout-flex\">\n<div class=\"wp-block-column is-layout-flow wp-block-column-is-layout-flow\">\n<p class=\"has-text-align-center\">La <strong>salle \u00e0 manger <\/strong>est la pi\u00e8ce o\u00f9 amis et famille se retrouve pour partager un moment convivial. Nous vous conseillons donc de recr\u00e9er un espace familier, charg\u00e9 de vos souvenirs tels que votre vaisselle de famille. Favorisez une atmosph\u00e8re conviviale et douce avec des couleurs \u00e9pur\u00e9es et lumineuses pour mettre vos convives en app\u00e9tit.<\/p>\n<\/div>\n<\/div>\n\n\n\n<div class=\"wp-block-columns is-layout-flex wp-container-core-columns-is-layout-9d6595d7 wp-block-columns-is-layout-flex\">\n<div class=\"wp-block-column is-layout-flow wp-block-column-is-layout-flow\">\n<h2 class=\"wp-block-heading\">Choisir une table adapt\u00e9e \u00e0 votre maison<\/h2>\n<\/div>\n\n\n\n<div class=\"wp-block-column is-layout-flow wp-block-column-is-layout-flow\">\n<p>La <a href=\"https:\/\/www.saulaie.com\/fr\/469-table-salle-a-manger\" target=\"_blank\" rel=\"noreferrer noopener\">table de salle \u00e0 manger<\/a> est l\u2019\u00e9picentre de votre pi\u00e8ce. Elle doit en cons\u00e9quence correspondre \u00e0 la superficie et \u00e0 la forme de votre pi\u00e8ce, mais aussi aux habitudes de vie de votre famille. Une table pour prendre un repas, faire office de bureau ou de table de travail pour les devoirs des enfants. \u00c0 cet effet, la <strong><a href=\"https:\/\/www.saulaie.com\/fr\/10515-table-extensible\" target=\"_blank\" rel=\"noreferrer noopener\">table design extensible<\/a><\/strong> est id\u00e9ale pour agr\u00e9er au rythme de vie de votre maison. Gr\u00e2ce \u00e0 un syst\u00e8me de rallonges ultra faciles, recevez sans souci vos convives. Une fois repli\u00e9e, ce de mod\u00e8le de table extensible favorise la circulation dans votre salle \u00e0 manger.<\/p>\n<\/div>\n<\/div>\n\n\n\n<div class=\"wp-block-columns is-layout-flex wp-container-core-columns-is-layout-9d6595d7 wp-block-columns-is-layout-flex\">\n<div class=\"wp-block-column is-layout-flow wp-block-column-is-layout-flow\">\n<p>Si votre espace vous le permet, vous pouvez \u00e9galement opter pour une grande tabl\u00e9e. La stature d\u2019une grande table ne manquera pas d\u2019habiller l\u2019espace en lui apportant chaleur et convivialit\u00e9. Pour les plus petits espaces, privil\u00e9giez une <a href=\"https:\/\/www.saulaie.com\/fr\/469-table-salle-a-manger?features%5B7%5D%5Bronde%5D=ronde\" target=\"_blank\" rel=\"noreferrer noopener\">table ronde<\/a> Volute ou une <a href=\"https:\/\/www.saulaie.com\/fr\/469-table-salle-a-manger?features%5B7%5D%5Bovale%5D=ovale\" target=\"_blank\" rel=\"noreferrer noopener\">table ovale<\/a> dont les courbes favoriseront la circulation dans la pi\u00e8ce. En termes de mesures, comptez 60 cm par convive et un recul de 150 cm pour laisser un passage.<\/p>\n<\/div>\n\n\n\n<div class=\"wp-block-column is-layout-flow wp-block-column-is-layout-flow\"><div class=\"wp-block-image\">\n<figure class=\"aligncenter size-full\"><a href=\"http:\/\/blog.saulaie.com\/wp-content\/uploads\/2022\/08\/amenager-salle-a-manger-3-1.jpg\"><img decoding=\"async\" width=\"550\" height=\"418\" src=\"http:\/\/blog.saulaie.com\/wp-content\/uploads\/2022\/08\/amenager-salle-a-manger-3-1.jpg\" alt=\"\" class=\"wp-image-6714\" srcset=\"https:\/\/www.saulaie.com\/blog\/wp-content\/uploads\/2022\/08\/amenager-salle-a-manger-3-1.jpg 550w, https:\/\/www.saulaie.com\/blog\/wp-content\/uploads\/2022\/08\/amenager-salle-a-manger-3-1-300x228.jpg 300w\" sizes=\"(max-width: 550px) 100vw, 550px\" \/><\/a><\/figure>\n<\/div><\/div>\n<\/div>\n\n\n\n<div class=\"wp-block-columns is-layout-flex wp-container-core-columns-is-layout-9d6595d7 wp-block-columns-is-layout-flex\">\n<div class=\"wp-block-column is-layout-flow wp-block-column-is-layout-flow\">\n<h2 class=\"has-text-align-center wp-block-heading\">Les chaises de salle \u00e0 manger v\u00e9ritable atout d\u00e9co<\/h2>\n<\/div>\n<\/div>\n\n\n\n<div class=\"wp-block-columns is-layout-flex wp-container-core-columns-is-layout-9d6595d7 wp-block-columns-is-layout-flex\">\n<div class=\"wp-block-column is-layout-flow wp-block-column-is-layout-flow\">\n<p>Le choix des chaises est aussi tr\u00e8s important pour donner le ton \u00e0 votre salle \u00e0 manger. Ces pi\u00e8ces m\u00ealent \u00e0 la fois confort et design. Pr\u00e9f\u00e9rez donc des chaises avec un dossier suffisamment haut et enveloppant pour assurer confort \u00e0 vos convives tout au long du repas. Dans la m\u00eame optique, choisissez un rev\u00eatement confortable pour votre chaise de salle \u00e0 manger. Veillez aussi \u00e0 la hauteur de votre assise pour ne pas vous cogner les genoux dans la table.<\/p>\n<\/div>\n\n\n\n<div class=\"wp-block-column is-layout-flow wp-block-column-is-layout-flow\">\n<p>C\u00f4t\u00e9 style, succombez pour la <a href=\"https:\/\/www.saulaie.com\/fr\/10248-chaise-design?collection%5Bcamille%5D=camille\" target=\"_blank\" rel=\"noreferrer noopener\">chaise design Camille<\/a> et son allure \u00e9pur\u00e9e. Vous pouvez \u00e9galement jouer sur des chaises d\u00e9pareill\u00e9es pour apporter une touche de charme et d\u2019originalit\u00e9 \u00e0 votre salle \u00e0 manger. Si votre espace vous le permet, faites la diff\u00e9rence en installant des fauteuils autour de votre table. Le mod\u00e8le Jude et ses lignes tout en finesse offriront un ensemble l\u00e9ger.<\/p>\n<\/div>\n<\/div>\n\n\n\n<div class=\"wp-block-columns is-layout-flex wp-container-core-columns-is-layout-9d6595d7 wp-block-columns-is-layout-flex\">\n<div class=\"wp-block-column is-layout-flow wp-block-column-is-layout-flow\"><div class=\"wp-block-image\">\n<figure class=\"aligncenter size-large\"><a href=\"http:\/\/blog.saulaie.com\/wp-content\/uploads\/2022\/08\/amenager-salle-a-manger-4.jpg\" target=\"_blank\" rel=\"noreferrer noopener\"><img decoding=\"async\" width=\"1024\" height=\"477\" src=\"http:\/\/blog.saulaie.com\/wp-content\/uploads\/2022\/08\/amenager-salle-a-manger-4-1024x477.jpg\" alt=\"\" class=\"wp-image-6720\" srcset=\"https:\/\/www.saulaie.com\/blog\/wp-content\/uploads\/2022\/08\/amenager-salle-a-manger-4-1024x477.jpg 1024w, https:\/\/www.saulaie.com\/blog\/wp-content\/uploads\/2022\/08\/amenager-salle-a-manger-4-300x140.jpg 300w, https:\/\/www.saulaie.com\/blog\/wp-content\/uploads\/2022\/08\/amenager-salle-a-manger-4-768x357.jpg 768w, https:\/\/www.saulaie.com\/blog\/wp-content\/uploads\/2022\/08\/amenager-salle-a-manger-4-705x328.jpg 705w, https:\/\/www.saulaie.com\/blog\/wp-content\/uploads\/2022\/08\/amenager-salle-a-manger-4.jpg 1130w\" sizes=\"(max-width: 1024px) 100vw, 1024px\" \/><\/a><\/figure>\n<\/div><\/div>\n<\/div>\n\n\n\n<div class=\"wp-block-columns is-layout-flex wp-container-core-columns-is-layout-9d6595d7 wp-block-columns-is-layout-flex\">\n<div class=\"wp-block-column is-layout-flow wp-block-column-is-layout-flow\">\n<h2 class=\"has-text-align-center wp-block-heading\">Penser aux rangements<\/h2>\n<\/div>\n<\/div>\n\n\n\n<div class=\"wp-block-columns is-layout-flex wp-container-core-columns-is-layout-9d6595d7 wp-block-columns-is-layout-flex\">\n<div class=\"wp-block-column is-layout-flow wp-block-column-is-layout-flow\">\n<p class=\"has-text-align-center\">On a tendance \u00e0 n\u00e9gliger l\u2019importance des rangements dans une salle \u00e0 manger. Installez un vaisselier ou une <strong>console design<\/strong> pour ranger votre vaisselle et plats de service ainsi que votre n\u00e9cessaire d\u2019art de la table, nappes, serviettes et bougeoirs. Nous vous conseillons d\u2019opter pour des rangements ferm\u00e9s qui encombreront moins votre espace. Cela permettra par ailleurs de donner une allure rang\u00e9e et \u00e9pur\u00e9e \u00e0 votre salle \u00e0 manger.<\/p>\n<\/div>\n<\/div>\n\n\n\n<div class=\"wp-block-columns is-layout-flex wp-container-core-columns-is-layout-9d6595d7 wp-block-columns-is-layout-flex\">\n<div class=\"wp-block-column is-layout-flow wp-block-column-is-layout-flow\">\n<h2 class=\"has-text-align-center wp-block-heading\">Choisir un bon \u00e9clairage<\/h2>\n<\/div>\n<\/div>\n\n\n\n<div class=\"wp-block-columns is-layout-flex wp-container-core-columns-is-layout-9d6595d7 wp-block-columns-is-layout-flex\">\n<div class=\"wp-block-column is-layout-flow wp-block-column-is-layout-flow\"><div class=\"wp-block-image\">\n<figure class=\"aligncenter size-full\"><a href=\"http:\/\/blog.saulaie.com\/wp-content\/uploads\/2022\/08\/amenager-salle-a-manger-5.jpg\" target=\"_blank\" rel=\"noreferrer noopener\"><img loading=\"lazy\" decoding=\"async\" width=\"550\" height=\"678\" src=\"http:\/\/blog.saulaie.com\/wp-content\/uploads\/2022\/08\/amenager-salle-a-manger-5.jpg\" alt=\"\" class=\"wp-image-6724\" srcset=\"https:\/\/www.saulaie.com\/blog\/wp-content\/uploads\/2022\/08\/amenager-salle-a-manger-5.jpg 550w, https:\/\/www.saulaie.com\/blog\/wp-content\/uploads\/2022\/08\/amenager-salle-a-manger-5-243x300.jpg 243w\" sizes=\"(max-width: 550px) 100vw, 550px\" \/><\/a><\/figure>\n<\/div><\/div>\n\n\n\n<div class=\"wp-block-column is-layout-flow wp-block-column-is-layout-flow\">\n<p>Pour am\u00e9nager une salle \u00e0 manger conviviale, prenez soin de l&rsquo;\u00e9clairage. Pour vos repas du soir et banquets d\u2019hiver, pr\u00e9voyez un \u00e9clairage d\u2019appoint qui puisse illuminer et \u00e9gayer la pi\u00e8ce. Pensez \u00e9galement \u00e0 une suspension ou <strong>lustre design<\/strong> \u00e0 installer au-dessus de votre table pour un repas plus agr\u00e9able et doux. Attention toutefois au choix de la lumi\u00e8re, inutile d\u2019aveugler vos convives.<\/p>\n<\/div>\n<\/div>\n","protected":false},"excerpt":{"rendered":"<p>La salle \u00e0 manger est l\u2019une des pi\u00e8ces phares de la maison, \u00e0 la fois pi\u00e8ce de r\u00e9ception, mais \u00e9galement lieu propice \u00e0 la confidence. La salle \u00e0 manger adopte diff\u00e9rentes fonctions et peut aussi s\u2019av\u00e9rer un lieu de travail id\u00e9al. Il est donc primordial d\u2019en faire un lieu accueillant et ordonn\u00e9. D\u00e9couvrez nos astuces [&hellip;]<\/p>\n","protected":false},"author":11,"featured_media":6706,"comment_status":"open","ping_status":"open","sticky":false,"template":"","format":"standard","meta":{"_seopress_robots_primary_cat":"none","_seopress_titles_title":"","_seopress_titles_desc":"","_seopress_robots_index":"","_uag_custom_page_level_css":"","footnotes":""},"categories":[16],"tags":[],"class_list":{"0":"post-6702","1":"post","2":"type-post","3":"status-publish","4":"format-standard","5":"has-post-thumbnail","7":"category-tendances"},"uagb_featured_image_src":{"full":["https:\/\/www.saulaie.com\/blog\/wp-content\/uploads\/2022\/08\/amenager-salle-a-manger.jpg",1100,726,false],"thumbnail":["https:\/\/www.saulaie.com\/blog\/wp-content\/uploads\/2022\/08\/amenager-salle-a-manger-150x150.jpg",150,150,true],"medium":["https:\/\/www.saulaie.com\/blog\/wp-content\/uploads\/2022\/08\/amenager-salle-a-manger-300x198.jpg",300,198,true],"medium_large":["https:\/\/www.saulaie.com\/blog\/wp-content\/uploads\/2022\/08\/amenager-salle-a-manger-768x507.jpg",768,507,true],"large":["https:\/\/www.saulaie.com\/blog\/wp-content\/uploads\/2022\/08\/amenager-salle-a-manger-1024x676.jpg",800,528,true],"1536x1536":["https:\/\/www.saulaie.com\/blog\/wp-content\/uploads\/2022\/08\/amenager-salle-a-manger.jpg",1100,726,false],"2048x2048":["https:\/\/www.saulaie.com\/blog\/wp-content\/uploads\/2022\/08\/amenager-salle-a-manger.jpg",1100,726,false],"gform-image-choice-sm":["https:\/\/www.saulaie.com\/blog\/wp-content\/uploads\/2022\/08\/amenager-salle-a-manger.jpg",300,198,false],"gform-image-choice-md":["https:\/\/www.saulaie.com\/blog\/wp-content\/uploads\/2022\/08\/amenager-salle-a-manger.jpg",400,264,false],"gform-image-choice-lg":["https:\/\/www.saulaie.com\/blog\/wp-content\/uploads\/2022\/08\/amenager-salle-a-manger.jpg",600,396,false]},"uagb_author_info":{"display_name":"Elodie Rossignol","author_link":"https:\/\/www.saulaie.com\/blog\/author\/elodie\/"},"uagb_comment_info":0,"uagb_excerpt":"La salle \u00e0 manger est l\u2019une des pi\u00e8ces phares de la maison, \u00e0 la fois pi\u00e8ce de r\u00e9ception, mais \u00e9galement lieu propice \u00e0 la confidence. La salle \u00e0 manger adopte diff\u00e9rentes fonctions et peut aussi s\u2019av\u00e9rer un lieu de travail id\u00e9al. Il est donc primordial d\u2019en faire un lieu accueillant et ordonn\u00e9. D\u00e9couvrez nos astuces\u2026","_links":{"self":[{"href":"https:\/\/www.saulaie.com\/blog\/wp-json\/wp\/v2\/posts\/6702","targetHints":{"allow":["GET"]}}],"collection":[{"href":"https:\/\/www.saulaie.com\/blog\/wp-json\/wp\/v2\/posts"}],"about":[{"href":"https:\/\/www.saulaie.com\/blog\/wp-json\/wp\/v2\/types\/post"}],"author":[{"embeddable":true,"href":"https:\/\/www.saulaie.com\/blog\/wp-json\/wp\/v2\/users\/11"}],"replies":[{"embeddable":true,"href":"https:\/\/www.saulaie.com\/blog\/wp-json\/wp\/v2\/comments?post=6702"}],"version-history":[{"count":12,"href":"https:\/\/www.saulaie.com\/blog\/wp-json\/wp\/v2\/posts\/6702\/revisions"}],"predecessor-version":[{"id":7771,"href":"https:\/\/www.saulaie.com\/blog\/wp-json\/wp\/v2\/posts\/6702\/revisions\/7771"}],"wp:featuredmedia":[{"embeddable":true,"href":"https:\/\/www.saulaie.com\/blog\/wp-json\/wp\/v2\/media\/6706"}],"wp:attachment":[{"href":"https:\/\/www.saulaie.com\/blog\/wp-json\/wp\/v2\/media?parent=6702"}],"wp:term":[{"taxonomy":"category","embeddable":true,"href":"https:\/\/www.saulaie.com\/blog\/wp-json\/wp\/v2\/categories?post=6702"},{"taxonomy":"post_tag","embeddable":true,"href":"https:\/\/www.saulaie.com\/blog\/wp-json\/wp\/v2\/tags?post=6702"}],"curies":[{"name":"wp","href":"https:\/\/api.w.org\/{rel}","templated":true}]}}