{"id":6455,"date":"2022-08-16T09:57:34","date_gmt":"2022-08-16T08:57:34","guid":{"rendered":"http:\/\/blog.saulaie.com\/?p=6455"},"modified":"2023-07-10T11:52:44","modified_gmt":"2023-07-10T10:52:44","slug":"tout-savoir-sur-les-differentes-essences-de-bois","status":"publish","type":"post","link":"https:\/\/www.saulaie.com\/blog\/tout-savoir-sur-les-differentes-essences-de-bois\/","title":{"rendered":"Tout savoir sur les diff\u00e9rentes essences de bois"},"content":{"rendered":"\n<div class=\"wp-block-columns is-layout-flex wp-container-core-columns-is-layout-9d6595d7 wp-block-columns-is-layout-flex\">\n<div class=\"wp-block-column is-layout-flow wp-block-column-is-layout-flow\"><\/div>\n\n\n\n<div class=\"wp-block-column is-layout-flow wp-block-column-is-layout-flow\">\n<p class=\"has-text-align-center\">Le bois est le mat\u00e9riau de pr\u00e9dilection de confection de mobilier. De tout temps, son esth\u00e9tique \u00e9l\u00e9gante et son grain singulier a su s\u00e9duire les esth\u00e8tes. On se laisse s\u00e9duire par le veinage naturel du bois, sa patine d\u00e9licate pour habiller nos int\u00e9rieurs.<\/p>\n<\/div>\n\n\n\n<div class=\"wp-block-column is-layout-flow wp-block-column-is-layout-flow\"><\/div>\n<\/div>\n\n\n\n<div class=\"wp-block-columns is-layout-flex wp-container-core-columns-is-layout-9d6595d7 wp-block-columns-is-layout-flex\">\n<div class=\"wp-block-column is-layout-flow wp-block-column-is-layout-flow\"><div class=\"wp-block-image\">\n<figure class=\"aligncenter size-large\"><a href=\"http:\/\/blog.saulaie.com\/wp-content\/uploads\/2022\/08\/essences-bois-2.jpg\"><img fetchpriority=\"high\" decoding=\"async\" width=\"1024\" height=\"545\" src=\"http:\/\/blog.saulaie.com\/wp-content\/uploads\/2022\/08\/essences-bois-2-1024x545.jpg\" alt=\"\" class=\"wp-image-6460\" srcset=\"https:\/\/www.saulaie.com\/blog\/wp-content\/uploads\/2022\/08\/essences-bois-2-1024x545.jpg 1024w, https:\/\/www.saulaie.com\/blog\/wp-content\/uploads\/2022\/08\/essences-bois-2-300x160.jpg 300w, https:\/\/www.saulaie.com\/blog\/wp-content\/uploads\/2022\/08\/essences-bois-2-768x408.jpg 768w, https:\/\/www.saulaie.com\/blog\/wp-content\/uploads\/2022\/08\/essences-bois-2-705x375.jpg 705w, https:\/\/www.saulaie.com\/blog\/wp-content\/uploads\/2022\/08\/essences-bois-2.jpg 1130w\" sizes=\"(max-width: 1024px) 100vw, 1024px\" \/><\/a><\/figure>\n<\/div><\/div>\n<\/div>\n\n\n\n<div class=\"wp-block-columns is-layout-flex wp-container-core-columns-is-layout-9d6595d7 wp-block-columns-is-layout-flex\">\n<div class=\"wp-block-column is-layout-flow wp-block-column-is-layout-flow\">\n<p class=\"has-text-align-center\">Le bois est \u00e9galement un mat\u00e9riau privil\u00e9gi\u00e9 en raison de sa robustesse qui donne jour \u00e0 du mobilier r\u00e9sistant au temps et aux usages quotidiens. Toutefois, devant l\u2019\u0153uvre pl\u00e9thorique de meubles en bois, il est parfois difficile de s\u2019y retrouver. C\u2019est pourquoi nous vous invitons \u00e0 d\u00e9couvrir les diff\u00e9rentes essences de bois ainsi que leurs caract\u00e9ristiques.<\/p>\n<\/div>\n<\/div>\n\n\n\n<div class=\"wp-block-columns is-layout-flex wp-container-core-columns-is-layout-9d6595d7 wp-block-columns-is-layout-flex\">\n<div class=\"wp-block-column is-layout-flow wp-block-column-is-layout-flow\">\n<h2 class=\"has-text-align-center wp-block-heading\">Les bois nobles et bois feuillus<\/h2>\n<\/div>\n<\/div>\n\n\n\n<div class=\"wp-block-columns is-layout-flex wp-container-core-columns-is-layout-9d6595d7 wp-block-columns-is-layout-flex\">\n<div class=\"wp-block-column is-layout-flow wp-block-column-is-layout-flow\">\n<p>La premi\u00e8re grande famille de bois est celle des bois nobles et bois feuillus. Parmi les bois nobles et feuillus, nous retrouvons le ch\u00eane, le fr\u00eane, le h\u00eatre ou encore le merisier. Ces bois de grande qualit\u00e9 sont g\u00e9n\u00e9ralement utilis\u00e9s en menuiserie. Ils conviennent tant \u00e0 des cr\u00e9ations de mobilier moderne que classique. Pr\u00e9sents dans les for\u00eats fran\u00e7aises, l\u2019usage de ces bois permet de r\u00e9duire l\u2019impact environnemental et perp\u00e9tuer une cr\u00e9ation de mobilier locale.<\/p>\n<\/div>\n\n\n\n<div class=\"wp-block-column is-layout-flow wp-block-column-is-layout-flow\"><div class=\"wp-block-image\">\n<figure class=\"aligncenter size-full\"><a href=\"http:\/\/blog.saulaie.com\/wp-content\/uploads\/2022\/08\/essences-bois-3.jpg\"><img decoding=\"async\" width=\"550\" height=\"825\" src=\"http:\/\/blog.saulaie.com\/wp-content\/uploads\/2022\/08\/essences-bois-3.jpg\" alt=\"\" class=\"wp-image-6463\" srcset=\"https:\/\/www.saulaie.com\/blog\/wp-content\/uploads\/2022\/08\/essences-bois-3.jpg 550w, https:\/\/www.saulaie.com\/blog\/wp-content\/uploads\/2022\/08\/essences-bois-3-200x300.jpg 200w\" sizes=\"(max-width: 550px) 100vw, 550px\" \/><\/a><\/figure>\n<\/div><\/div>\n<\/div>\n\n\n\n<div class=\"wp-block-columns is-layout-flex wp-container-core-columns-is-layout-9d6595d7 wp-block-columns-is-layout-flex\">\n<div class=\"wp-block-column is-layout-flow wp-block-column-is-layout-flow\">\n<p>La Maison Saulaie s\u2019inscrit dans cette tradition de travail du bois noble en proposant des <a href=\"https:\/\/www.saulaie.com\/fr\/10492-table-salle-a-manger-bois\" target=\"_blank\" rel=\"noreferrer noopener\">tables de salle \u00e0 manger en bois<\/a>, <a href=\"https:\/\/www.saulaie.com\/fr\/10248-chaise-design\" target=\"_blank\" rel=\"noreferrer noopener\">chaises design en bois<\/a> et autres pi\u00e8ces de mobilier en ch\u00eane. Le bois de ch\u00eane est un bois particuli\u00e8rement pl\u00e9biscit\u00e9 pour son allure intemporelle et sa maniabilit\u00e9 qui permet de confectionner des meubles aux formes a\u00e9riennes et dessin\u00e9es. Par ailleurs, le ch\u00eane se d\u00e9cline dans diff\u00e9rentes vari\u00e9t\u00e9s de couleur, ce qui fait de ce bois un alli\u00e9 incomparable de nos int\u00e9rieurs.<\/p>\n<\/div>\n<\/div>\n\n\n\n<div class=\"wp-block-columns is-layout-flex wp-container-core-columns-is-layout-9d6595d7 wp-block-columns-is-layout-flex\">\n<div class=\"wp-block-column is-layout-flow wp-block-column-is-layout-flow\">\n<h2 class=\"wp-block-heading\">Les bois r\u00e9sineux<\/h2>\n<\/div>\n\n\n\n<div class=\"wp-block-column is-layout-flow wp-block-column-is-layout-flow\">\n<p>La famille des r\u00e9sineux est compos\u00e9e de bois issus de conif\u00e8res tels que le pin, le sapin, l\u2019\u00e9pic\u00e9a. Les arbres r\u00e9sineux sont riches en r\u00e9sine contenue dans leurs feuilles ou aiguilles, ainsi que dans leur \u00e9corce. La r\u00e9sine a des vertus r\u00e9paratrices et ne s\u2019\u00e9coule qu\u2019en cas de blessure de l\u2019arbre au cours de sa vie. Les r\u00e9sineux repr\u00e9sentent un tiers de la production des for\u00eats fran\u00e7aises. Les bois r\u00e9sineux sont particuli\u00e8rement maniables car tr\u00e8s souples, ils se reconnaissent \u00e0 leurs teintes claires. De qualit\u00e9 l\u00e9g\u00e8rement inf\u00e9rieure, ces bois sont \u00e9galement utilis\u00e9s en menuiserie d\u2019int\u00e9rieur, notamment dans la confection de mobilier de style scandinave.<\/p>\n<\/div>\n<\/div>\n\n\n\n<div class=\"wp-block-columns is-layout-flex wp-container-core-columns-is-layout-9d6595d7 wp-block-columns-is-layout-flex\">\n<div class=\"wp-block-column is-layout-flow wp-block-column-is-layout-flow\">\n<h2 class=\"wp-block-heading\">Les bois exotiques<\/h2>\n<\/div>\n\n\n\n<div class=\"wp-block-column is-layout-flow wp-block-column-is-layout-flow\">\n<p>Les bois exotiques consid\u00e8rent les bois issus de for\u00eats \u00e9trang\u00e8res\u00a0: d\u2019Asie, d\u2019Am\u00e9rique du Sud ou encore d\u2019Afrique. On y retrouve notamment l\u2019acacia, l\u2019ip\u00e9 ou encore l\u2019iroko. Ces bois pour une part issus de pays o\u00f9 l\u2019humidit\u00e9 est pr\u00e9gnante sont dits \u00ab\u00a0imputrescibles\u00a0\u00bb. Ils ne n\u00e9cessitent ni traitement, entretien et sont \u00e0 cet effet id\u00e9als pour les menuiseries d\u2019ext\u00e9rieur ou dans les pi\u00e8ces humides telles que la salle de bain. Les bois exotiques sont particuli\u00e8rement solides et durables. G\u00e9n\u00e9ralement pourvus de teintes chaudes, ces bois offrent une belle palette de <a href=\"https:\/\/www.saulaie.com\/blog\/2021\/12\/31\/la-table-des-matieres-bois-ceramiques\/\" data-type=\"post\" data-id=\"5232\">couleurs<\/a>.<\/p>\n<\/div>\n<\/div>\n","protected":false},"excerpt":{"rendered":"<p>Le bois est le mat\u00e9riau de pr\u00e9dilection de confection de mobilier. De tout temps, son esth\u00e9tique \u00e9l\u00e9gante et son grain singulier a su s\u00e9duire les esth\u00e8tes. On se laisse s\u00e9duire par le veinage naturel du bois, sa patine d\u00e9licate pour habiller nos int\u00e9rieurs. Le bois est \u00e9galement un mat\u00e9riau privil\u00e9gi\u00e9 en raison de sa robustesse [&hellip;]<\/p>\n","protected":false},"author":11,"featured_media":6457,"comment_status":"open","ping_status":"open","sticky":false,"template":"","format":"standard","meta":{"_seopress_robots_primary_cat":"17","_seopress_titles_title":"","_seopress_titles_desc":"","_seopress_robots_index":"","_uag_custom_page_level_css":"","footnotes":""},"categories":[17],"tags":[],"class_list":{"0":"post-6455","1":"post","2":"type-post","3":"status-publish","4":"format-standard","5":"has-post-thumbnail","7":"category-philosophie"},"uagb_featured_image_src":{"full":["https:\/\/www.saulaie.com\/blog\/wp-content\/uploads\/2022\/08\/essences-bois.jpg",1100,726,false],"thumbnail":["https:\/\/www.saulaie.com\/blog\/wp-content\/uploads\/2022\/08\/essences-bois-150x150.jpg",150,150,true],"medium":["https:\/\/www.saulaie.com\/blog\/wp-content\/uploads\/2022\/08\/essences-bois-300x198.jpg",300,198,true],"medium_large":["https:\/\/www.saulaie.com\/blog\/wp-content\/uploads\/2022\/08\/essences-bois-768x507.jpg",768,507,true],"large":["https:\/\/www.saulaie.com\/blog\/wp-content\/uploads\/2022\/08\/essences-bois-1024x676.jpg",800,528,true],"1536x1536":["https:\/\/www.saulaie.com\/blog\/wp-content\/uploads\/2022\/08\/essences-bois.jpg",1100,726,false],"2048x2048":["https:\/\/www.saulaie.com\/blog\/wp-content\/uploads\/2022\/08\/essences-bois.jpg",1100,726,false],"gform-image-choice-sm":["https:\/\/www.saulaie.com\/blog\/wp-content\/uploads\/2022\/08\/essences-bois.jpg",300,198,false],"gform-image-choice-md":["https:\/\/www.saulaie.com\/blog\/wp-content\/uploads\/2022\/08\/essences-bois.jpg",400,264,false],"gform-image-choice-lg":["https:\/\/www.saulaie.com\/blog\/wp-content\/uploads\/2022\/08\/essences-bois.jpg",600,396,false]},"uagb_author_info":{"display_name":"Elodie Rossignol","author_link":"https:\/\/www.saulaie.com\/blog\/author\/elodie\/"},"uagb_comment_info":0,"uagb_excerpt":"Le bois est le mat\u00e9riau de pr\u00e9dilection de confection de mobilier. De tout temps, son esth\u00e9tique \u00e9l\u00e9gante et son grain singulier a su s\u00e9duire les esth\u00e8tes. On se laisse s\u00e9duire par le veinage naturel du bois, sa patine d\u00e9licate pour habiller nos int\u00e9rieurs. Le bois est \u00e9galement un mat\u00e9riau privil\u00e9gi\u00e9 en raison de sa robustesse\u2026","_links":{"self":[{"href":"https:\/\/www.saulaie.com\/blog\/wp-json\/wp\/v2\/posts\/6455","targetHints":{"allow":["GET"]}}],"collection":[{"href":"https:\/\/www.saulaie.com\/blog\/wp-json\/wp\/v2\/posts"}],"about":[{"href":"https:\/\/www.saulaie.com\/blog\/wp-json\/wp\/v2\/types\/post"}],"author":[{"embeddable":true,"href":"https:\/\/www.saulaie.com\/blog\/wp-json\/wp\/v2\/users\/11"}],"replies":[{"embeddable":true,"href":"https:\/\/www.saulaie.com\/blog\/wp-json\/wp\/v2\/comments?post=6455"}],"version-history":[{"count":5,"href":"https:\/\/www.saulaie.com\/blog\/wp-json\/wp\/v2\/posts\/6455\/revisions"}],"predecessor-version":[{"id":7765,"href":"https:\/\/www.saulaie.com\/blog\/wp-json\/wp\/v2\/posts\/6455\/revisions\/7765"}],"wp:featuredmedia":[{"embeddable":true,"href":"https:\/\/www.saulaie.com\/blog\/wp-json\/wp\/v2\/media\/6457"}],"wp:attachment":[{"href":"https:\/\/www.saulaie.com\/blog\/wp-json\/wp\/v2\/media?parent=6455"}],"wp:term":[{"taxonomy":"category","embeddable":true,"href":"https:\/\/www.saulaie.com\/blog\/wp-json\/wp\/v2\/categories?post=6455"},{"taxonomy":"post_tag","embeddable":true,"href":"https:\/\/www.saulaie.com\/blog\/wp-json\/wp\/v2\/tags?post=6455"}],"curies":[{"name":"wp","href":"https:\/\/api.w.org\/{rel}","templated":true}]}}