{"id":6403,"date":"2022-08-10T14:58:07","date_gmt":"2022-08-10T13:58:07","guid":{"rendered":"http:\/\/blog.saulaie.com\/?p=6403"},"modified":"2023-07-10T11:28:05","modified_gmt":"2023-07-10T10:28:05","slug":"quelle-table-basse-pour-un-salon-charmant-et-intemporel","status":"publish","type":"post","link":"https:\/\/www.saulaie.com\/blog\/quelle-table-basse-pour-un-salon-charmant-et-intemporel\/","title":{"rendered":"Quelle table basse pour un salon charmant et intemporel ?"},"content":{"rendered":"\n<div class=\"wp-block-columns is-layout-flex wp-container-core-columns-is-layout-9d6595d7 wp-block-columns-is-layout-flex\">\n<div class=\"wp-block-column is-layout-flow wp-block-column-is-layout-flow\"><\/div>\n\n\n\n<div class=\"wp-block-column is-layout-flow wp-block-column-is-layout-flow\">\n<p class=\"has-text-align-center\">La <strong>table basse<\/strong> est un meuble d\u00e9cisif dans l\u2019am\u00e9nagement de votre salon. Au centre de la pi\u00e8ce, elle rev\u00eat un r\u00f4le esth\u00e9tique important, mettant en valeur vos objets d\u00e9corations et livres. D\u2019une hauteur comprise entre 25 et 40 cm, la table basse doit \u00eatre accessible depuis votre canap\u00e9 et adapt\u00e9 \u00e0 la vie de votre famille. D\u00e9couvrez les points \u00e0 consid\u00e9rer afin de choisir la table basse id\u00e9ale pour l\u2019am\u00e9nagement d\u2019un salon charmant et intemporel.<\/p>\n<\/div>\n\n\n\n<div class=\"wp-block-column is-layout-flow wp-block-column-is-layout-flow\"><\/div>\n<\/div>\n\n\n\n<h2 class=\"has-text-align-center wp-block-heading\">QUELLE FORME DE TABLE BASSE&nbsp;?<\/h2>\n\n\n\n<div class=\"wp-block-columns is-layout-flex wp-container-core-columns-is-layout-9d6595d7 wp-block-columns-is-layout-flex\">\n<div class=\"wp-block-column is-layout-flow wp-block-column-is-layout-flow\">\n<p class=\"has-text-align-center\">La forme du plateau de votre\u00a0<a href=\"https:\/\/www.saulaie.com\/fr\/720-table-basse\" target=\"_blank\" rel=\"noreferrer noopener\">table basse<\/a>\u00a0a une importance capitale. Tout d\u2019abord, elle r\u00e9pond en premier lieu \u00e0 la configuration de votre pi\u00e8ce, un plateau de forme adapt\u00e9e permettant une bonne circulation dans cette derni\u00e8re. Mais elle influe \u00e9galement sur votre style de vie. En effet, selon la forme de votre <strong>table basse<\/strong>, cette derni\u00e8re n\u2019arborera ni le m\u00eame style ni les m\u00eames fonctionnalit\u00e9s. Que vous y diniez ou y stockiez vos livres d\u2019art, la table basse r\u00e9v\u00e8le diff\u00e9rentes formes, avec ou sans espace de rangement en dessous du plateau.<\/p>\n\n\n\n<div class=\"wp-block-columns is-layout-flex wp-container-core-columns-is-layout-9d6595d7 wp-block-columns-is-layout-flex\">\n<div class=\"wp-block-column is-layout-flow wp-block-column-is-layout-flow\">\n<h3 class=\"wp-block-heading\">TABLE BASSE RECTANGULAIRE<\/h3>\n\n\n\n<p>La <strong>table basse rectangulaire<\/strong> est l\u2019incontournable du salon. Sa forme \u00e9troite et allong\u00e9e convient aux grandes pi\u00e8ces comme \u00e0 celles moins spacieuses. La table rectangulaire est particuli\u00e8rement harmonieuse lorsqu\u2019elle est encadr\u00e9e de canap\u00e9s et fauteuils. Elle est aussi tr\u00e8s \u00e9l\u00e9gante devant une chemin\u00e9e. Ses formes lin\u00e9aires conf\u00e8rent structure et sym\u00e9trie \u00e0 votre salon.<\/p>\n<\/div>\n\n\n\n<div class=\"wp-block-column is-layout-flow wp-block-column-is-layout-flow\"><div class=\"wp-block-image\">\n<figure class=\"aligncenter size-full\"><a href=\"http:\/\/blog.saulaie.com\/wp-content\/uploads\/2022\/08\/table-basse-rectangle.jpg\"><img fetchpriority=\"high\" decoding=\"async\" width=\"550\" height=\"430\" src=\"http:\/\/blog.saulaie.com\/wp-content\/uploads\/2022\/08\/table-basse-rectangle.jpg\" alt=\"\" class=\"wp-image-6407\" srcset=\"https:\/\/www.saulaie.com\/blog\/wp-content\/uploads\/2022\/08\/table-basse-rectangle.jpg 550w, https:\/\/www.saulaie.com\/blog\/wp-content\/uploads\/2022\/08\/table-basse-rectangle-300x235.jpg 300w\" sizes=\"(max-width: 550px) 100vw, 550px\" \/><\/a><\/figure>\n<\/div><\/div>\n<\/div>\n\n\n\n<div class=\"wp-block-columns is-layout-flex wp-container-core-columns-is-layout-9d6595d7 wp-block-columns-is-layout-flex\">\n<div class=\"wp-block-column is-layout-flow wp-block-column-is-layout-flow\"><div class=\"wp-block-image\">\n<figure class=\"aligncenter size-full\"><a href=\"http:\/\/blog.saulaie.com\/wp-content\/uploads\/2022\/08\/table-basse-carree.jpg\"><img decoding=\"async\" width=\"550\" height=\"430\" src=\"http:\/\/blog.saulaie.com\/wp-content\/uploads\/2022\/08\/table-basse-carree.jpg\" alt=\"\" class=\"wp-image-6408\" srcset=\"https:\/\/www.saulaie.com\/blog\/wp-content\/uploads\/2022\/08\/table-basse-carree.jpg 550w, https:\/\/www.saulaie.com\/blog\/wp-content\/uploads\/2022\/08\/table-basse-carree-300x235.jpg 300w\" sizes=\"(max-width: 550px) 100vw, 550px\" \/><\/a><\/figure>\n<\/div><\/div>\n\n\n\n<div class=\"wp-block-column is-layout-flow wp-block-column-is-layout-flow\">\n<h3 class=\"wp-block-heading\">TABLE BASSE CARR\u00c9E<\/h3>\n\n\n\n<p>La <strong>table basse carr\u00e9e<\/strong>, petites, moyennes ou grandes dimensions, si elle peut para\u00eetre plus massive, elle convient \u00e9l\u00e9gamment \u00e0 tous les espaces salon. Sa stature harmonieuse en fait une des pi\u00e8ces de mobilier phare du salon. Si vous disposez une grande table carr\u00e9e, veillez \u00e0 ne pas trop alourdir la d\u00e9coration pour mettre en valeur cette derni\u00e8re et cr\u00e9er une atmosph\u00e8re fluide et sereine. Aussi,\u00a0<a href=\"https:\/\/www.saulaie.com\/fr\/720-table-basse?features%5B7%5D%5Bcarre%5D=carre\" target=\"_blank\" rel=\"noreferrer noopener\">la table basse carr\u00e9e<\/a>\u00a0est particuli\u00e8rement pratique si vous souhaitez d\u00eener c\u00f4t\u00e9 salon.<\/p>\n<\/div>\n<\/div>\n\n\n\n<div class=\"wp-block-columns is-layout-flex wp-container-core-columns-is-layout-9d6595d7 wp-block-columns-is-layout-flex\">\n<div class=\"wp-block-column is-layout-flow wp-block-column-is-layout-flow\">\n<h3 class=\"wp-block-heading\">TABLE BASSE RONDE<\/h3>\n\n\n\n<p>La <strong><a href=\"https:\/\/www.saulaie.com\/fr\/720-table-basse?features%5B7%5D%5Bronde%5D=ronde\" target=\"_blank\" rel=\"noreferrer noopener\">table basse ronde<\/a><\/strong> est la table conviviale par excellence. Sa forme tendre et doucereuse permet \u00e0 toute la famille de s\u2019installer autour de la table pour un moment de partage. La table basse ronde a une forme particuli\u00e8rement design et contemporain. C\u2019est \u00e9galement une forme \u00e0 privil\u00e9gier dans une maison avec des enfants en bas \u00e2ge, plus question de se cogner dans un coin de table. Toutefois, la forme ronde convient davantage \u00e0 des salons plus spacieux.<\/p>\n<\/div>\n\n\n\n<div class=\"wp-block-column is-layout-flow wp-block-column-is-layout-flow\">\n<p><\/p>\n\n\n<div class=\"wp-block-image\">\n<figure class=\"aligncenter size-full\"><a href=\"http:\/\/blog.saulaie.com\/wp-content\/uploads\/2022\/08\/table-basse-ronde.jpg\"><img decoding=\"async\" width=\"550\" height=\"430\" src=\"http:\/\/blog.saulaie.com\/wp-content\/uploads\/2022\/08\/table-basse-ronde.jpg\" alt=\"\" class=\"wp-image-6412\" srcset=\"https:\/\/www.saulaie.com\/blog\/wp-content\/uploads\/2022\/08\/table-basse-ronde.jpg 550w, https:\/\/www.saulaie.com\/blog\/wp-content\/uploads\/2022\/08\/table-basse-ronde-300x235.jpg 300w\" sizes=\"(max-width: 550px) 100vw, 550px\" \/><\/a><\/figure>\n<\/div><\/div>\n<\/div>\n\n\n\n<div class=\"wp-block-columns is-layout-flex wp-container-core-columns-is-layout-9d6595d7 wp-block-columns-is-layout-flex\">\n<div class=\"wp-block-column is-layout-flow wp-block-column-is-layout-flow\"><div class=\"wp-block-image\">\n<figure class=\"aligncenter size-full\"><a href=\"http:\/\/blog.saulaie.com\/wp-content\/uploads\/2022\/08\/table-basse-ovale-1.jpg\"><img loading=\"lazy\" decoding=\"async\" width=\"550\" height=\"430\" src=\"http:\/\/blog.saulaie.com\/wp-content\/uploads\/2022\/08\/table-basse-ovale-1.jpg\" alt=\"\" class=\"wp-image-6415\" srcset=\"https:\/\/www.saulaie.com\/blog\/wp-content\/uploads\/2022\/08\/table-basse-ovale-1.jpg 550w, https:\/\/www.saulaie.com\/blog\/wp-content\/uploads\/2022\/08\/table-basse-ovale-1-300x235.jpg 300w\" sizes=\"(max-width: 550px) 100vw, 550px\" \/><\/a><\/figure>\n<\/div><\/div>\n\n\n\n<div class=\"wp-block-column is-layout-flow wp-block-column-is-layout-flow\">\n<h3 class=\"wp-block-heading\">TABLE BASSE OVALE<\/h3>\n\n\n\n<p>Le meilleur compromis entre la table rectangulaire et la table ronde, la <strong><a href=\"https:\/\/www.saulaie.com\/fr\/720-table-basse?features%5B7%5D%5Bovale%5D=ovale\" target=\"_blank\" rel=\"noreferrer noopener\">table basse ovale<\/a><\/strong> pr\u00e9sente un design singulier et doux. Elle convient aussi bien aux petits qu\u2019aux grands espaces. \u00c0 l\u2019image de la table basse ronde, la table basse ovale souffle un vent de convivialit\u00e9 dans votre salon.<\/p>\n<\/div>\n<\/div>\n\n\n\n<div class=\"wp-block-columns is-layout-flex wp-container-core-columns-is-layout-9d6595d7 wp-block-columns-is-layout-flex\">\n<div class=\"wp-block-column is-layout-flow wp-block-column-is-layout-flow\">\n<h3 class=\"wp-block-heading\">TABLE D\u2019APPOINT<\/h3>\n\n\n\n<p>La <strong><a href=\"https:\/\/www.saulaie.com\/fr\/10193-table-d-appoint\" target=\"_blank\" rel=\"noreferrer noopener\">table d\u2019appoint<\/a><\/strong> ou table basse gigogne se compose de deux petites tables pouvant se superposer. Modulable, elle est particuli\u00e8rement pratique pour optimiser l\u2019espace. Vous pouvez les utiliser c\u00f4te \u00e0 c\u00f4te ou disposez \u00e0 diff\u00e9rents endroits du salon. Vous pouvez \u00e9galement ranger facilement la petite table sous la plus grande pour lib\u00e9rer de l\u2019espace.<\/p>\n<\/div>\n\n\n\n<div class=\"wp-block-column is-layout-flow wp-block-column-is-layout-flow\"><div class=\"wp-block-image\">\n<figure class=\"aligncenter size-full\"><a href=\"http:\/\/blog.saulaie.com\/wp-content\/uploads\/2022\/08\/table-dappoint.jpg\"><img loading=\"lazy\" decoding=\"async\" width=\"550\" height=\"430\" src=\"http:\/\/blog.saulaie.com\/wp-content\/uploads\/2022\/08\/table-dappoint.jpg\" alt=\"\" class=\"wp-image-6419\" srcset=\"https:\/\/www.saulaie.com\/blog\/wp-content\/uploads\/2022\/08\/table-dappoint.jpg 550w, https:\/\/www.saulaie.com\/blog\/wp-content\/uploads\/2022\/08\/table-dappoint-300x235.jpg 300w\" sizes=\"(max-width: 550px) 100vw, 550px\" \/><\/a><\/figure>\n<\/div><\/div>\n<\/div>\n\n\n\n<h2 class=\"has-text-align-center wp-block-heading\">QUELLE MATI\u00c8RE&nbsp;DE TABLE BASSE ?<\/h2>\n\n\n\n<p class=\"has-text-align-center\">Ce n\u2019est pas tout de d\u00e9terminer la forme de votre <strong>table basse<\/strong>, le choix de la mati\u00e8re de cette derni\u00e8re est tr\u00e8s important. En effet, le mat\u00e9riau utilis\u00e9 lors de la confection de votre table doit \u00eatre gage de qualit\u00e9, adapt\u00e9 \u00e0 votre usage au quotidien et donner le ton \u00e0 votre d\u00e9coration.<\/p>\n\n\n\n<div class=\"wp-block-columns is-layout-flex wp-container-core-columns-is-layout-9d6595d7 wp-block-columns-is-layout-flex\">\n<div class=\"wp-block-column is-layout-flow wp-block-column-is-layout-flow\">\n<div class=\"wp-block-columns is-layout-flex wp-container-core-columns-is-layout-9d6595d7 wp-block-columns-is-layout-flex\">\n<div class=\"wp-block-column is-layout-flow wp-block-column-is-layout-flow\"><div class=\"wp-block-image\">\n<figure class=\"aligncenter size-full\"><a href=\"http:\/\/blog.saulaie.com\/wp-content\/uploads\/2022\/08\/table-bois-massif.jpg\"><img loading=\"lazy\" decoding=\"async\" width=\"550\" height=\"430\" src=\"http:\/\/blog.saulaie.com\/wp-content\/uploads\/2022\/08\/table-bois-massif.jpg\" alt=\"\" class=\"wp-image-6423\" srcset=\"https:\/\/www.saulaie.com\/blog\/wp-content\/uploads\/2022\/08\/table-bois-massif.jpg 550w, https:\/\/www.saulaie.com\/blog\/wp-content\/uploads\/2022\/08\/table-bois-massif-300x235.jpg 300w\" sizes=\"(max-width: 550px) 100vw, 550px\" \/><\/a><\/figure>\n<\/div><\/div>\n\n\n\n<div class=\"wp-block-column is-layout-flow wp-block-column-is-layout-flow\">\n<h3 class=\"has-text-align-left wp-block-heading\">TABLE BOIS MASSIF<\/h3>\n\n\n\n<p class=\"has-text-align-left\">Le bois massif est le mat\u00e9riau incontournable de l\u2019ameublement d\u2019int\u00e9rieur. Son esth\u00e9tique intemporelle et sa durabilit\u00e9 en font un indispensable du salon. Les bois utilis\u00e9s dans la cr\u00e9ation du mobilier Saulaie sont issus de for\u00eats fran\u00e7aises g\u00e9r\u00e9es durablement. Une mati\u00e8re premi\u00e8re haut de gamme travaill\u00e9e avec soin dans les r\u00e8gles de l\u2019artisanat dans des <strong>ateliers fran\u00e7ais<\/strong> et europ\u00e9ens. Choisissez parmi diff\u00e9rentes essences et teintes de bois pour une table basse \u00e0 votre image qui sublimera votre d\u00e9co.<\/p>\n<\/div>\n<\/div>\n\n\n\n<div class=\"wp-block-columns is-layout-flex wp-container-core-columns-is-layout-9d6595d7 wp-block-columns-is-layout-flex\">\n<div class=\"wp-block-column is-layout-flow wp-block-column-is-layout-flow\"><div class=\"wp-block-image\">\n<figure class=\"aligncenter size-full\"><a href=\"http:\/\/blog.saulaie.com\/wp-content\/uploads\/2022\/08\/table-ceramique.jpg\"><img loading=\"lazy\" decoding=\"async\" width=\"550\" height=\"430\" src=\"http:\/\/blog.saulaie.com\/wp-content\/uploads\/2022\/08\/table-ceramique.jpg\" alt=\"\" class=\"wp-image-6424\" srcset=\"https:\/\/www.saulaie.com\/blog\/wp-content\/uploads\/2022\/08\/table-ceramique.jpg 550w, https:\/\/www.saulaie.com\/blog\/wp-content\/uploads\/2022\/08\/table-ceramique-300x235.jpg 300w\" sizes=\"(max-width: 550px) 100vw, 550px\" \/><\/a><\/figure>\n<\/div><\/div>\n\n\n\n<div class=\"wp-block-column is-layout-flow wp-block-column-is-layout-flow\">\n<h3 class=\"has-text-align-left wp-block-heading\">TABLE C\u00c9RAMIQUE<\/h3>\n\n\n\n<p class=\"has-text-align-left\">La c\u00e9ramique ou \u00ab&nbsp;terre de potier&nbsp;\u00bb est un mat\u00e9riau fabriqu\u00e9 par l\u2019homme \u00e0 partir de terre d\u2019argile \u00e0 laquelle il ajoute d\u2019autres composants min\u00e9raux, le tout cuit au four \u00e0 tr\u00e8s forte temp\u00e9rature. Une m\u00e9thode de production qui n\u00e9cessite sens de l\u2019esth\u00e9tique et minutie pour garantir une cuisson optimale. La c\u00e9ramique apporte un design \u00e0 la fois moderne et raffin\u00e9. Particuli\u00e8rement tendance, en qualit\u00e9 de plateau de table basse, elle promet singularit\u00e9 et design. Sa composition rigoureuse lui permet de pr\u00e9venir des chocs thermiques, en faisant donc un alli\u00e9 incontestable pour les repas.<\/p>\n<\/div>\n<\/div>\n\n\n\n<div class=\"wp-block-columns is-layout-flex wp-container-core-columns-is-layout-9d6595d7 wp-block-columns-is-layout-flex\">\n<div class=\"wp-block-column is-layout-flow wp-block-column-is-layout-flow\"><div class=\"wp-block-image\">\n<figure class=\"aligncenter size-full\"><a href=\"http:\/\/blog.saulaie.com\/wp-content\/uploads\/2022\/08\/table-metal.jpg\"><img loading=\"lazy\" decoding=\"async\" width=\"550\" height=\"430\" src=\"http:\/\/blog.saulaie.com\/wp-content\/uploads\/2022\/08\/table-metal.jpg\" alt=\"\" class=\"wp-image-6425\" srcset=\"https:\/\/www.saulaie.com\/blog\/wp-content\/uploads\/2022\/08\/table-metal.jpg 550w, https:\/\/www.saulaie.com\/blog\/wp-content\/uploads\/2022\/08\/table-metal-300x235.jpg 300w\" sizes=\"(max-width: 550px) 100vw, 550px\" \/><\/a><\/figure>\n<\/div><\/div>\n\n\n\n<div class=\"wp-block-column is-layout-flow wp-block-column-is-layout-flow\">\n<h3 class=\"has-text-align-left wp-block-heading\">TABLE M\u00c9TAL ET ALUMINIUM<\/h3>\n\n\n\n<p class=\"has-text-align-left\">Le m\u00e9tal est le mat\u00e9riau incontournable du <strong>style industriel et art d\u00e9co<\/strong>. \u00c0 la fois design et robuste, le m\u00e9tal se marie \u00e0 merveille avec le bois pour des tables \u00e9l\u00e9gantes et r\u00e9solument modernes.<\/p>\n<\/div>\n<\/div>\n<\/div>\n<\/div>\n\n\n\n<h2 class=\"has-text-align-center wp-block-heading\">QUEL STYLE&nbsp;DE TABLE BASSE ?<\/h2>\n\n\n\n<p class=\"has-text-align-center\">Choisissez votre table basse en fonction du style de d\u00e9coration de votre salon. Les tables de la Maison Saulaie se d\u00e9clinent dans diff\u00e9rents styles pour int\u00e9grer et constituer des int\u00e9rieurs \u00e0 votre image.<\/p>\n\n\n\n<div class=\"wp-block-columns is-layout-flex wp-container-core-columns-is-layout-9d6595d7 wp-block-columns-is-layout-flex\">\n<div class=\"wp-block-column is-layout-flow wp-block-column-is-layout-flow\">\n<h3 class=\"wp-block-heading\">TABLE BASSE SCANDINAVE<\/h3>\n<\/div>\n\n\n\n<div class=\"wp-block-column is-layout-flow wp-block-column-is-layout-flow\">\n<p>Le <strong><a href=\"https:\/\/www.saulaie.com\/fr\/720-table-basse?features%5B1%5D%5Bscandinave%5D=scandinave\" target=\"_blank\" rel=\"noreferrer noopener\">style scandinave<\/a><\/strong> et ses d\u00e9cors \u00e9pur\u00e9s o\u00f9 sont exalt\u00e9s les mat\u00e9riaux bruts continuent de ravir nos int\u00e9rieurs. Pour mettre en exergue ce style, choisissez une table en bois massif clair telle que la\u00a0table basse collection H\u00a0et son plateau en c\u00e9ramique effet marbre. Cette table rectangulaire aux angles arrondis et au pi\u00e8tement en forme de H ne manquera pas de combler votre d\u00e9co.<\/p>\n<\/div>\n<\/div>\n<\/div>\n<\/div>\n\n\n\n<div class=\"wp-block-columns is-layout-flex wp-container-core-columns-is-layout-9d6595d7 wp-block-columns-is-layout-flex\">\n<div class=\"wp-block-column is-layout-flow wp-block-column-is-layout-flow\">\n<h3 class=\"wp-block-heading\">TABLE BASSE DESIGN<\/h3>\n<\/div>\n\n\n\n<div class=\"wp-block-column is-layout-flow wp-block-column-is-layout-flow\">\n<p>La <strong><a href=\"https:\/\/www.saulaie.com\/fr\/720-table-basse?features%5B1%5D%5Bdesign%5D=design\" target=\"_blank\" rel=\"noreferrer noopener\">table basse design<\/a><\/strong> s\u2019inscrit harmonieusement dans les d\u00e9corations de style contemporain comme dans des d\u00e9cors plus classiques. Rectangulaire, ovale ou encore ronde comme la\u00a0table basse Volute, chaque pi\u00e8ce est cisel\u00e9e avec soin pour un rendu singulier semblable \u00e0 une pi\u00e8ce d\u2019art. En bois massif, c\u00e9ramique ou m\u00e9tal, avec un pied large ou \u00e9lim\u00e9, trouvez la table basse design qui correspond \u00e0 votre int\u00e9rieur.<\/p>\n<\/div>\n<\/div>\n\n\n\n<div class=\"wp-block-columns is-layout-flex wp-container-core-columns-is-layout-9d6595d7 wp-block-columns-is-layout-flex\">\n<div class=\"wp-block-column is-layout-flow wp-block-column-is-layout-flow\">\n<h3 class=\"wp-block-heading\">TABLE BASSE INDUSTRIELLE<\/h3>\n<\/div>\n\n\n\n<div class=\"wp-block-column is-layout-flow wp-block-column-is-layout-flow\">\n<p>Le <strong><a href=\"https:\/\/www.saulaie.com\/blog\/2018\/08\/16\/style-industriel-chic-du-neuf-avec-de-lancien\/\" data-type=\"post\" data-id=\"1612\">style industriel<\/a><\/strong> ou atelier consid\u00e8re les tables basses en m\u00e9tal et bois brut. Cette alliance parfaite promet un rendu aussi \u00e9pur\u00e9 que raffin\u00e9. Les tables en m\u00e9tal mettent en avant des lignes \u00e9lanc\u00e9es et l\u00e9g\u00e8res. La table basse de style industrielle est id\u00e9ale pour un rendu moderne.<\/p>\n<\/div>\n<\/div>\n","protected":false},"excerpt":{"rendered":"<p>La table basse est un meuble d\u00e9cisif dans l\u2019am\u00e9nagement de votre salon. Au centre de la pi\u00e8ce, elle rev\u00eat un r\u00f4le esth\u00e9tique important, mettant en valeur vos objets d\u00e9corations et livres. D\u2019une hauteur comprise entre 25 et 40 cm, la table basse doit \u00eatre accessible depuis votre canap\u00e9 et adapt\u00e9 \u00e0 la vie de votre [&hellip;]<\/p>\n","protected":false},"author":11,"featured_media":6428,"comment_status":"open","ping_status":"open","sticky":false,"template":"","format":"standard","meta":{"_seopress_robots_primary_cat":"16","_seopress_titles_title":"","_seopress_titles_desc":"","_seopress_robots_index":"","_uag_custom_page_level_css":"","footnotes":""},"categories":[16],"tags":[],"class_list":{"0":"post-6403","1":"post","2":"type-post","3":"status-publish","4":"format-standard","5":"has-post-thumbnail","7":"category-tendances"},"uagb_featured_image_src":{"full":["https:\/\/www.saulaie.com\/blog\/wp-content\/uploads\/2022\/08\/QUELLE-TABLE-BASSE-POUR-UN-SALON-CHARMANT-ET-INTEMPOREL-.jpg",1100,726,false],"thumbnail":["https:\/\/www.saulaie.com\/blog\/wp-content\/uploads\/2022\/08\/QUELLE-TABLE-BASSE-POUR-UN-SALON-CHARMANT-ET-INTEMPOREL--150x150.jpg",150,150,true],"medium":["https:\/\/www.saulaie.com\/blog\/wp-content\/uploads\/2022\/08\/QUELLE-TABLE-BASSE-POUR-UN-SALON-CHARMANT-ET-INTEMPOREL--300x198.jpg",300,198,true],"medium_large":["https:\/\/www.saulaie.com\/blog\/wp-content\/uploads\/2022\/08\/QUELLE-TABLE-BASSE-POUR-UN-SALON-CHARMANT-ET-INTEMPOREL--768x507.jpg",768,507,true],"large":["https:\/\/www.saulaie.com\/blog\/wp-content\/uploads\/2022\/08\/QUELLE-TABLE-BASSE-POUR-UN-SALON-CHARMANT-ET-INTEMPOREL--1024x676.jpg",800,528,true],"1536x1536":["https:\/\/www.saulaie.com\/blog\/wp-content\/uploads\/2022\/08\/QUELLE-TABLE-BASSE-POUR-UN-SALON-CHARMANT-ET-INTEMPOREL-.jpg",1100,726,false],"2048x2048":["https:\/\/www.saulaie.com\/blog\/wp-content\/uploads\/2022\/08\/QUELLE-TABLE-BASSE-POUR-UN-SALON-CHARMANT-ET-INTEMPOREL-.jpg",1100,726,false],"gform-image-choice-sm":["https:\/\/www.saulaie.com\/blog\/wp-content\/uploads\/2022\/08\/QUELLE-TABLE-BASSE-POUR-UN-SALON-CHARMANT-ET-INTEMPOREL-.jpg",300,198,false],"gform-image-choice-md":["https:\/\/www.saulaie.com\/blog\/wp-content\/uploads\/2022\/08\/QUELLE-TABLE-BASSE-POUR-UN-SALON-CHARMANT-ET-INTEMPOREL-.jpg",400,264,false],"gform-image-choice-lg":["https:\/\/www.saulaie.com\/blog\/wp-content\/uploads\/2022\/08\/QUELLE-TABLE-BASSE-POUR-UN-SALON-CHARMANT-ET-INTEMPOREL-.jpg",600,396,false]},"uagb_author_info":{"display_name":"Elodie Rossignol","author_link":"https:\/\/www.saulaie.com\/blog\/author\/elodie\/"},"uagb_comment_info":1,"uagb_excerpt":"La table basse est un meuble d\u00e9cisif dans l\u2019am\u00e9nagement de votre salon. Au centre de la pi\u00e8ce, elle rev\u00eat un r\u00f4le esth\u00e9tique important, mettant en valeur vos objets d\u00e9corations et livres. D\u2019une hauteur comprise entre 25 et 40 cm, la table basse doit \u00eatre accessible depuis votre canap\u00e9 et adapt\u00e9 \u00e0 la vie de votre\u2026","_links":{"self":[{"href":"https:\/\/www.saulaie.com\/blog\/wp-json\/wp\/v2\/posts\/6403","targetHints":{"allow":["GET"]}}],"collection":[{"href":"https:\/\/www.saulaie.com\/blog\/wp-json\/wp\/v2\/posts"}],"about":[{"href":"https:\/\/www.saulaie.com\/blog\/wp-json\/wp\/v2\/types\/post"}],"author":[{"embeddable":true,"href":"https:\/\/www.saulaie.com\/blog\/wp-json\/wp\/v2\/users\/11"}],"replies":[{"embeddable":true,"href":"https:\/\/www.saulaie.com\/blog\/wp-json\/wp\/v2\/comments?post=6403"}],"version-history":[{"count":12,"href":"https:\/\/www.saulaie.com\/blog\/wp-json\/wp\/v2\/posts\/6403\/revisions"}],"predecessor-version":[{"id":7761,"href":"https:\/\/www.saulaie.com\/blog\/wp-json\/wp\/v2\/posts\/6403\/revisions\/7761"}],"wp:featuredmedia":[{"embeddable":true,"href":"https:\/\/www.saulaie.com\/blog\/wp-json\/wp\/v2\/media\/6428"}],"wp:attachment":[{"href":"https:\/\/www.saulaie.com\/blog\/wp-json\/wp\/v2\/media?parent=6403"}],"wp:term":[{"taxonomy":"category","embeddable":true,"href":"https:\/\/www.saulaie.com\/blog\/wp-json\/wp\/v2\/categories?post=6403"},{"taxonomy":"post_tag","embeddable":true,"href":"https:\/\/www.saulaie.com\/blog\/wp-json\/wp\/v2\/tags?post=6403"}],"curies":[{"name":"wp","href":"https:\/\/api.w.org\/{rel}","templated":true}]}}