{"id":6321,"date":"2022-08-10T11:37:09","date_gmt":"2022-08-10T10:37:09","guid":{"rendered":"http:\/\/blog.saulaie.com\/?p=6321"},"modified":"2023-07-07T15:01:00","modified_gmt":"2023-07-07T14:01:00","slug":"comment-bien-amenager-son-salon","status":"publish","type":"post","link":"https:\/\/www.saulaie.com\/blog\/comment-bien-amenager-son-salon\/","title":{"rendered":"Comment bien am\u00e9nager son salon ?"},"content":{"rendered":"\n<div class=\"wp-block-columns is-layout-flex wp-container-core-columns-is-layout-9d6595d7 wp-block-columns-is-layout-flex\">\n<div class=\"wp-block-column is-layout-flow wp-block-column-is-layout-flow\">\n<div class=\"wp-block-columns is-layout-flex wp-container-core-columns-is-layout-9d6595d7 wp-block-columns-is-layout-flex\">\n<div class=\"wp-block-column is-layout-flow wp-block-column-is-layout-flow\"><\/div>\n\n\n\n<div class=\"wp-block-column is-layout-flow wp-block-column-is-layout-flow\">\n<p class=\"has-text-align-center\">Le <strong>salon <\/strong>est une des pi\u00e8ces principales de la maison. V\u00e9ritable lieu de vie, on s\u2019y repose, d\u00eene, joue, partage ou encore travail. C\u2019est pourquoi son am\u00e9nagement doit \u00eatre pens\u00e9 avec soin. Voici nos conseils pour vous accompagner dans l\u2019ameublement et la d\u00e9coration de cette pi\u00e8ce singuli\u00e8re.<\/p>\n<\/div>\n\n\n\n<div class=\"wp-block-column is-layout-flow wp-block-column-is-layout-flow\"><\/div>\n<\/div>\n\n\n\n<h2 class=\"has-text-align-center wp-block-heading\">PENSER LA CONFIGURATION DE L\u2019ESPACE<\/h2>\n<\/div>\n<\/div>\n\n\n<div class=\"wp-block-image\">\n<figure class=\"aligncenter size-large\"><a href=\"http:\/\/blog.saulaie.com\/wp-content\/uploads\/2022\/08\/canape-cuir.jpg\"><img fetchpriority=\"high\" decoding=\"async\" width=\"1024\" height=\"512\" src=\"http:\/\/blog.saulaie.com\/wp-content\/uploads\/2022\/08\/canape-cuir-1024x512.jpg\" alt=\"\" class=\"wp-image-6328\" srcset=\"https:\/\/www.saulaie.com\/blog\/wp-content\/uploads\/2022\/08\/canape-cuir-1024x512.jpg 1024w, https:\/\/www.saulaie.com\/blog\/wp-content\/uploads\/2022\/08\/canape-cuir-300x150.jpg 300w, https:\/\/www.saulaie.com\/blog\/wp-content\/uploads\/2022\/08\/canape-cuir-768x384.jpg 768w, https:\/\/www.saulaie.com\/blog\/wp-content\/uploads\/2022\/08\/canape-cuir-705x353.jpg 705w, https:\/\/www.saulaie.com\/blog\/wp-content\/uploads\/2022\/08\/canape-cuir.jpg 1100w\" sizes=\"(max-width: 1024px) 100vw, 1024px\" \/><\/a><\/figure>\n<\/div>\n\n\n<p class=\"has-text-align-center\">On ne le r\u00e9p\u00e9tera jamais assez, mais avant d\u2019entreprendre un projet d\u2019am\u00e9nagement, il est absolument n\u00e9cessaire de prendre la mesure de votre pi\u00e8ce. Consid\u00e9rez la superficie et la forme de votre salon afin de d\u00e9terminer et d\u2019optimiser l\u2019espace dont vous disposez. Prendre la mesure de votre espace vous permettra de mieux visualiser l\u2019<strong>am\u00e9nagement de votre int\u00e9rieur<\/strong> et d\u2019envisager le mobilier qui viendra le sublimer. C\u2019est notamment important lorsque vous avez une petite superficie \u00e0 am\u00e9nager, cela \u00e9vitera de trop encombrer votre espace. Cela vous permet \u00e9galement de prendre en compte l\u2019exposition de votre pi\u00e8ce et donc ses sources de lumi\u00e8re naturelle pour en maximiser l\u2019effet et am\u00e9nager une pi\u00e8ce lumineuse et agr\u00e9able.<\/p>\n\n\n\n<h2 class=\"has-text-align-center wp-block-heading\">ENGAGER VOTRE AMEUBLEMENT AVEC LE CANAP\u00c9<\/h2>\n\n\n\n<p class=\"has-text-align-center\">Il s\u2019agit de la pi\u00e8ce phare de votre salon. Le <strong>canap\u00e9<\/strong> rev\u00eat un r\u00f4le esth\u00e9tique, il donne le ton \u00e0 la d\u00e9coration de votre salon. Mais il a \u00e9galement un r\u00f4le pratique, vous serez amen\u00e9 \u00e0 passer du temps dans votre canap\u00e9, vous y recevrez peut-\u00eatre vos amis \u00e0 l\u2019occasion d\u2019ap\u00e9ros, il vaut donc mieux \u00eatre assis confortablement. Choisissez un\u00a0<a href=\"https:\/\/www.saulaie.com\/fr\/10369-canape-club\" target=\"_blank\" rel=\"noreferrer noopener\">canap\u00e9 club en cuir<\/a>\u00a0ou en tissu dont l\u2019assise enveloppante et le charme intemporel ne manqueront pas de faire effet. Pensez aussi \u00e0 sa place et son orientation dans le salon pour qu\u2019il b\u00e9n\u00e9ficie de la lumi\u00e8re du jour et favorise la circulation dans votre pi\u00e8ce. C\u2019est le point de d\u00e9part pour le reste de votre am\u00e9nagement.<\/p>\n\n\n<div class=\"wp-block-image\">\n<figure class=\"aligncenter size-large\"><a href=\"http:\/\/blog.saulaie.com\/wp-content\/uploads\/2022\/08\/canape-chesterfield-cuir.jpg\"><img decoding=\"async\" width=\"1024\" height=\"512\" src=\"http:\/\/blog.saulaie.com\/wp-content\/uploads\/2022\/08\/canape-chesterfield-cuir-1024x512.jpg\" alt=\"\" class=\"wp-image-6329\" srcset=\"https:\/\/www.saulaie.com\/blog\/wp-content\/uploads\/2022\/08\/canape-chesterfield-cuir-1024x512.jpg 1024w, https:\/\/www.saulaie.com\/blog\/wp-content\/uploads\/2022\/08\/canape-chesterfield-cuir-300x150.jpg 300w, https:\/\/www.saulaie.com\/blog\/wp-content\/uploads\/2022\/08\/canape-chesterfield-cuir-768x384.jpg 768w, https:\/\/www.saulaie.com\/blog\/wp-content\/uploads\/2022\/08\/canape-chesterfield-cuir-705x353.jpg 705w, https:\/\/www.saulaie.com\/blog\/wp-content\/uploads\/2022\/08\/canape-chesterfield-cuir.jpg 1100w\" sizes=\"(max-width: 1024px) 100vw, 1024px\" \/><\/a><\/figure>\n<\/div>\n\n\n<h2 class=\"has-text-align-center wp-block-heading\">AM\u00c9NAGER LE SALON DE MANI\u00c8RE PRATIQUE<\/h2>\n\n\n\n<p class=\"has-text-align-center\">Le salon est le centre n\u00e9vralgique de votre maison. \u00c0 la fois lieu de repos et de d\u00e9tente en famille et lieux de r\u00e9ception, le salon doit \u00eatre pens\u00e9 selon vos habitudes de vie et les diff\u00e9rentes fonctions que vous lui attribuez. En effet, votre salon ne sera pas am\u00e9nag\u00e9 de la m\u00eame mani\u00e8re selon que vous ayez des enfants en bas \u00e2ge ou non. Si c\u2019est le cas, pensez \u00e0 garder un espace libre au sol pour que les enfants puissent jouer et se d\u00e9placer. De mani\u00e8re g\u00e9n\u00e9rale, visualisez la circulation dans votre pi\u00e8ce afin que chacun puisse y \u00e9voluer quotidiennement et sereinement. Envisagez aussi les diff\u00e9rentes activit\u00e9s que vous tiendrez dans votre pi\u00e8ce pour optimiser votre am\u00e9nagement. S\u2019agit-il d\u2019une pi\u00e8ce o\u00f9 vous allez installer un t\u00e9l\u00e9viseur&nbsp;? Une pi\u00e8ce o\u00f9 vous prendrez des repas&nbsp;?<\/p>\n\n\n\n<p class=\"has-text-align-center\">Par ailleurs, si vous am\u00e9nagez un <strong>salon salle \u00e0 manger <\/strong>ou que votre salon fait aussi office de bureau, pensez \u00e0 bien d\u00e9limiter les espaces. \u00c0 cet effet, le canap\u00e9 ou la\u00a0<a href=\"https:\/\/www.saulaie.com\/fr\/10202-bibliotheque-etagere\" target=\"_blank\" rel=\"noreferrer noopener\">biblioth\u00e8que<\/a> design\u00a0peuvent \u00eatre vos meilleurs alli\u00e9s.<\/p>\n\n\n<div class=\"wp-block-image\">\n<figure class=\"aligncenter size-large\"><a href=\"http:\/\/blog.saulaie.com\/wp-content\/uploads\/2022\/08\/salon.jpg\"><img decoding=\"async\" width=\"1024\" height=\"512\" src=\"http:\/\/blog.saulaie.com\/wp-content\/uploads\/2022\/08\/salon-1024x512.jpg\" alt=\"\" class=\"wp-image-6330\" srcset=\"https:\/\/www.saulaie.com\/blog\/wp-content\/uploads\/2022\/08\/salon-1024x512.jpg 1024w, https:\/\/www.saulaie.com\/blog\/wp-content\/uploads\/2022\/08\/salon-300x150.jpg 300w, https:\/\/www.saulaie.com\/blog\/wp-content\/uploads\/2022\/08\/salon-768x384.jpg 768w, https:\/\/www.saulaie.com\/blog\/wp-content\/uploads\/2022\/08\/salon-705x353.jpg 705w, https:\/\/www.saulaie.com\/blog\/wp-content\/uploads\/2022\/08\/salon.jpg 1100w\" sizes=\"(max-width: 1024px) 100vw, 1024px\" \/><\/a><\/figure>\n<\/div>\n\n\n<div class=\"wp-block-columns is-layout-flex wp-container-core-columns-is-layout-9d6595d7 wp-block-columns-is-layout-flex\">\n<div class=\"wp-block-column is-layout-flow wp-block-column-is-layout-flow\">\n<h2 class=\"has-text-align-center wp-block-heading\">CHOISIR DES OBJETS DE D\u00c9CORATION QUI VOUS RESSEMBLENT<\/h2>\n<\/div>\n<\/div>\n\n\n\n<div class=\"wp-block-columns is-layout-flex wp-container-core-columns-is-layout-9d6595d7 wp-block-columns-is-layout-flex\">\n<div class=\"wp-block-column is-layout-flow wp-block-column-is-layout-flow\">\n<p>Enfin, choisissez des <strong>objets d\u00e9co<\/strong> qui r\u00e9v\u00e8lent votre personnalit\u00e9. Rien de tel que vos photos de famille ou souvenirs de voyages pour donner une \u00e2me \u00e0 cette pi\u00e8ce de vie. En plus de rendre votre pi\u00e8ce unique, cela permet de vous constituer un cocon rassurant et agr\u00e9able.<\/p>\n<\/div>\n\n\n\n<div class=\"wp-block-column is-layout-flow wp-block-column-is-layout-flow\">\n<p>C\u2019est \u00e9galement l\u2019occasion d\u2019apporter de la lumi\u00e8re \u00e0 votre pi\u00e8ce en habillant les murs de miroirs qui donneront de la profondeur et refl\u00e9teront la lumi\u00e8re dans votre salon. Vous pouvez aussi ajouter des lampes \u00e0 poser pour apporter une <a href=\"https:\/\/www.saulaie.com\/blog\/2017\/09\/11\/lampe-or-ou-argent-que-la-lumiere-soit\/\" data-type=\"post\" data-id=\"1543\">lumi\u00e8re<\/a> douce et chaleureuse \u00e0 l\u2019ensemble.<\/p>\n<\/div>\n<\/div>\n","protected":false},"excerpt":{"rendered":"<p>Le salon est une des pi\u00e8ces principales de la maison. V\u00e9ritable lieu de vie, on s\u2019y repose, d\u00eene, joue, partage ou encore travail. C\u2019est pourquoi son am\u00e9nagement doit \u00eatre pens\u00e9 avec soin. Voici nos conseils pour vous accompagner dans l\u2019ameublement et la d\u00e9coration de cette pi\u00e8ce singuli\u00e8re. PENSER LA CONFIGURATION DE L\u2019ESPACE On ne le [&hellip;]<\/p>\n","protected":false},"author":11,"featured_media":6327,"comment_status":"open","ping_status":"open","sticky":false,"template":"","format":"standard","meta":{"_seopress_robots_primary_cat":"16","_seopress_titles_title":"","_seopress_titles_desc":"","_seopress_robots_index":"","_uag_custom_page_level_css":"","footnotes":""},"categories":[16],"tags":[],"class_list":{"0":"post-6321","1":"post","2":"type-post","3":"status-publish","4":"format-standard","5":"has-post-thumbnail","7":"category-tendances"},"uagb_featured_image_src":{"full":["https:\/\/www.saulaie.com\/blog\/wp-content\/uploads\/2022\/08\/comment-bien-amenager-son-salon.jpg",1100,726,false],"thumbnail":["https:\/\/www.saulaie.com\/blog\/wp-content\/uploads\/2022\/08\/comment-bien-amenager-son-salon-150x150.jpg",150,150,true],"medium":["https:\/\/www.saulaie.com\/blog\/wp-content\/uploads\/2022\/08\/comment-bien-amenager-son-salon-300x198.jpg",300,198,true],"medium_large":["https:\/\/www.saulaie.com\/blog\/wp-content\/uploads\/2022\/08\/comment-bien-amenager-son-salon-768x507.jpg",768,507,true],"large":["https:\/\/www.saulaie.com\/blog\/wp-content\/uploads\/2022\/08\/comment-bien-amenager-son-salon-1024x676.jpg",800,528,true],"1536x1536":["https:\/\/www.saulaie.com\/blog\/wp-content\/uploads\/2022\/08\/comment-bien-amenager-son-salon.jpg",1100,726,false],"2048x2048":["https:\/\/www.saulaie.com\/blog\/wp-content\/uploads\/2022\/08\/comment-bien-amenager-son-salon.jpg",1100,726,false],"gform-image-choice-sm":["https:\/\/www.saulaie.com\/blog\/wp-content\/uploads\/2022\/08\/comment-bien-amenager-son-salon.jpg",300,198,false],"gform-image-choice-md":["https:\/\/www.saulaie.com\/blog\/wp-content\/uploads\/2022\/08\/comment-bien-amenager-son-salon.jpg",400,264,false],"gform-image-choice-lg":["https:\/\/www.saulaie.com\/blog\/wp-content\/uploads\/2022\/08\/comment-bien-amenager-son-salon.jpg",600,396,false]},"uagb_author_info":{"display_name":"Elodie Rossignol","author_link":"https:\/\/www.saulaie.com\/blog\/author\/elodie\/"},"uagb_comment_info":0,"uagb_excerpt":"Le salon est une des pi\u00e8ces principales de la maison. V\u00e9ritable lieu de vie, on s\u2019y repose, d\u00eene, joue, partage ou encore travail. C\u2019est pourquoi son am\u00e9nagement doit \u00eatre pens\u00e9 avec soin. Voici nos conseils pour vous accompagner dans l\u2019ameublement et la d\u00e9coration de cette pi\u00e8ce singuli\u00e8re. PENSER LA CONFIGURATION DE L\u2019ESPACE On ne le\u2026","_links":{"self":[{"href":"https:\/\/www.saulaie.com\/blog\/wp-json\/wp\/v2\/posts\/6321","targetHints":{"allow":["GET"]}}],"collection":[{"href":"https:\/\/www.saulaie.com\/blog\/wp-json\/wp\/v2\/posts"}],"about":[{"href":"https:\/\/www.saulaie.com\/blog\/wp-json\/wp\/v2\/types\/post"}],"author":[{"embeddable":true,"href":"https:\/\/www.saulaie.com\/blog\/wp-json\/wp\/v2\/users\/11"}],"replies":[{"embeddable":true,"href":"https:\/\/www.saulaie.com\/blog\/wp-json\/wp\/v2\/comments?post=6321"}],"version-history":[{"count":6,"href":"https:\/\/www.saulaie.com\/blog\/wp-json\/wp\/v2\/posts\/6321\/revisions"}],"predecessor-version":[{"id":7745,"href":"https:\/\/www.saulaie.com\/blog\/wp-json\/wp\/v2\/posts\/6321\/revisions\/7745"}],"wp:featuredmedia":[{"embeddable":true,"href":"https:\/\/www.saulaie.com\/blog\/wp-json\/wp\/v2\/media\/6327"}],"wp:attachment":[{"href":"https:\/\/www.saulaie.com\/blog\/wp-json\/wp\/v2\/media?parent=6321"}],"wp:term":[{"taxonomy":"category","embeddable":true,"href":"https:\/\/www.saulaie.com\/blog\/wp-json\/wp\/v2\/categories?post=6321"},{"taxonomy":"post_tag","embeddable":true,"href":"https:\/\/www.saulaie.com\/blog\/wp-json\/wp\/v2\/tags?post=6321"}],"curies":[{"name":"wp","href":"https:\/\/api.w.org\/{rel}","templated":true}]}}