{"id":6231,"date":"2022-08-10T09:38:43","date_gmt":"2022-08-10T08:38:43","guid":{"rendered":"http:\/\/blog.saulaie.com\/?p=6231"},"modified":"2023-07-07T14:44:07","modified_gmt":"2023-07-07T13:44:07","slug":"choisir-son-assise-en-velours","status":"publish","type":"post","link":"https:\/\/www.saulaie.com\/blog\/choisir-son-assise-en-velours\/","title":{"rendered":"Choisir son assise en velours"},"content":{"rendered":"\n<div class=\"wp-block-columns is-layout-flex wp-container-core-columns-is-layout-9d6595d7 wp-block-columns-is-layout-flex\">\n<div class=\"wp-block-column is-layout-flow wp-block-column-is-layout-flow\"><\/div>\n\n\n\n<div class=\"wp-block-column is-layout-flow wp-block-column-is-layout-flow\">\n<p class=\"has-text-align-center\">Choisir une assise est une d\u00e9cision qui demande r\u00e9flexion. Il vous faut prendre en consid\u00e9ration son usage et ses dimensions, mais \u00e9galement son style, son confort et son entretien. <\/p>\n\n\n\n<p class=\"has-text-align-center\">Zoom sur les&nbsp;<strong>assises en velours<\/strong> pour leur esth\u00e9tique intemporelle et leur confort immuable. Les assises en velours se d\u00e9clinent pour tous les go\u00fbts et styles pour une ambiance assur\u00e9ment design et chaleureuse.<\/p>\n<\/div>\n\n\n\n<div class=\"wp-block-column is-layout-flow wp-block-column-is-layout-flow\"><\/div>\n<\/div>\n\n\n\n<h2 class=\"has-text-align-center wp-block-heading\">LE CANAP\u00c9 EN VELOURS POUR UNE D\u00c9CORATION RAFFIN\u00c9E ET TENDANCE<\/h2>\n\n\n<div class=\"wp-block-image\">\n<figure class=\"aligncenter size-large\"><a href=\"http:\/\/blog.saulaie.com\/wp-content\/uploads\/2022\/08\/velours.jpg\"><img fetchpriority=\"high\" decoding=\"async\" width=\"1024\" height=\"512\" src=\"http:\/\/blog.saulaie.com\/wp-content\/uploads\/2022\/08\/velours-1024x512.jpg\" alt=\"\" class=\"wp-image-6235\" srcset=\"https:\/\/www.saulaie.com\/blog\/wp-content\/uploads\/2022\/08\/velours-1024x512.jpg 1024w, https:\/\/www.saulaie.com\/blog\/wp-content\/uploads\/2022\/08\/velours-300x150.jpg 300w, https:\/\/www.saulaie.com\/blog\/wp-content\/uploads\/2022\/08\/velours-768x384.jpg 768w, https:\/\/www.saulaie.com\/blog\/wp-content\/uploads\/2022\/08\/velours-705x353.jpg 705w, https:\/\/www.saulaie.com\/blog\/wp-content\/uploads\/2022\/08\/velours.jpg 1100w\" sizes=\"(max-width: 1024px) 100vw, 1024px\" \/><\/a><\/figure>\n<\/div>\n\n\n<p class=\"has-text-align-center\"><strong>Le velours<\/strong> conf\u00e8re un aspect chaleureux et accueillant \u00e0 votre pi\u00e8ce. Ce mat\u00e9riau \u00e0 l\u2019allure noble traverse les \u00e2ges et les modes avec raffinement. Le velours se distingue des rev\u00eatements en cuir ou autres tissus gr\u00e2ce \u00e0 son toucher tout en mati\u00e8re et par sa couleur qui vient joliment se nuancer et se refl\u00e9ter \u00e0 la lumi\u00e8re. Un\u00a0<a rel=\"noreferrer noopener\" href=\"https:\/\/www.saulaie.com\/fr\/10371-canape-design\" target=\"_blank\">canap\u00e9 design<\/a>\u00a0en velours trouvera une place phare dans tous les styles de d\u00e9coration d\u2019int\u00e9rieur, du classique au contemporain. \u00c0 twister en diff\u00e9rentes couleurs selon votre d\u00e9coration, le velours se mixe \u00e0 merveille avec diff\u00e9rentes mati\u00e8res. Du salon \u00e0 la salle \u00e0 manger en passant par la chambre et le bureau, trouvez votre\u00a0<a href=\"https:\/\/www.saulaie.com\/fr\/10864-fauteuil-crapaud-velours\" target=\"_blank\" rel=\"noreferrer noopener\"><strong>pi\u00e8ce en velours<\/strong><\/a>\u00a0pour \u00e9gayer votre int\u00e9rieur. Le tout pour un ensemble r\u00e9solument cosy et \u00e9l\u00e9gant.<\/p>\n\n\n\n<h2 class=\"has-text-align-center wp-block-heading\">UN REV\u00caTEMENT R\u00c9SISTANT ET CONFORTABLE<\/h2>\n\n\n\n<div class=\"wp-block-columns is-layout-flex wp-container-core-columns-is-layout-9d6595d7 wp-block-columns-is-layout-flex\">\n<div class=\"wp-block-column is-layout-flow wp-block-column-is-layout-flow\">\n<div class=\"wp-block-columns is-layout-flex wp-container-core-columns-is-layout-9d6595d7 wp-block-columns-is-layout-flex\">\n<div class=\"wp-block-column is-layout-flow wp-block-column-is-layout-flow\">\n<figure class=\"wp-block-image size-full\"><a href=\"http:\/\/blog.saulaie.com\/wp-content\/uploads\/2022\/08\/Middletown-velours.jpg\"><img decoding=\"async\" width=\"550\" height=\"600\" src=\"http:\/\/blog.saulaie.com\/wp-content\/uploads\/2022\/08\/Middletown-velours.jpg\" alt=\"\" class=\"wp-image-6234\" srcset=\"https:\/\/www.saulaie.com\/blog\/wp-content\/uploads\/2022\/08\/Middletown-velours.jpg 550w, https:\/\/www.saulaie.com\/blog\/wp-content\/uploads\/2022\/08\/Middletown-velours-275x300.jpg 275w\" sizes=\"(max-width: 550px) 100vw, 550px\" \/><\/a><\/figure>\n<\/div>\n\n\n\n<div class=\"wp-block-column is-layout-flow wp-block-column-is-layout-flow\">\n<p>Le&nbsp;<strong>velours<\/strong>&nbsp;est \u00e9galement une mati\u00e8re particuli\u00e8rement confortable et enveloppante. Son aspect velout\u00e9 et doux promet une assise d\u00e9licieuse. <\/p>\n\n\n\n<p>Prenez place dans votre\u00a0<a href=\"https:\/\/www.saulaie.com\/fr\/10447-fauteuil-club-velours\" target=\"_blank\" rel=\"noreferrer noopener\">fauteuil club en velours<\/a>. <\/p>\n\n\n\n<p>Cette mati\u00e8re solide et durable retient particuli\u00e8rement bien la chaleur, ce qui promet d\u2019agr\u00e9ables soir\u00e9es confortablement install\u00e9es. La Maison Saulaie pr\u00e9sente des rev\u00eatements en velours ras qui promettent \u00e0 votre mobilier une texture agr\u00e9able et enveloppante. Le <strong>rev\u00eatement velours<\/strong>, tr\u00e8s doux, avec un l\u00e9ger effet fil est disponible dans diff\u00e9rents coloris pour une pi\u00e8ce \u00e0 votre image. Un travail artisanal qui promet des assises \u00e0 la forme et \u00e0 la structure confortables, et parfaites jusque dans les finitions.<\/p>\n<\/div>\n<\/div>\n\n\n\n<h2 class=\"has-text-align-center wp-block-heading\">COMMENT ENTRETENIR VOTRE ASSISE EN VELOURS<\/h2>\n\n\n\n<div class=\"wp-block-columns is-layout-flex wp-container-core-columns-is-layout-9d6595d7 wp-block-columns-is-layout-flex\">\n<div class=\"wp-block-column is-layout-flow wp-block-column-is-layout-flow\">\n<p>Le\u00a0<strong>velours<\/strong>\u00a0est un tissu pr\u00e9cieux qui n\u00e9cessite un <a href=\"https:\/\/www.saulaie.com\/blog\/2022\/08\/19\/bien-entretenir-les-revetements-en-velours\/\" data-type=\"post\" data-id=\"6541\">entretien de qualit\u00e9.<\/a> C\u2019est pourquoi la Maison Saulaie propose des tissus b\u00e9n\u00e9ficiant du traitement\u00a0<em>easy to clean<\/em>\u00a0permettant un nettoyage facile gr\u00e2ce \u00e0 un chiffon doux l\u00e9g\u00e8rement humidifi\u00e9.\u00a0<\/p>\n<\/div>\n\n\n\n<div class=\"wp-block-column is-layout-flow wp-block-column-is-layout-flow\">\n<p>Cette mati\u00e8re a toutefois tendance \u00e0 attirer la poussi\u00e8re, pensez \u00e0 le nettoyer avec une brosse \u00e0 textile douce ou \u00e0 l\u2019aide d\u2019un aspirateur pour ne pas l\u2019endommager. Attention \u00e0 l\u2019eau qui risque de t\u00e2cher votre assise. En cas de t\u00e2che grasse, laissez poser du talc pour aspirer le gras et nettoyez l\u2019exc\u00e9dant \u00e0 l\u2019aspirateur.<\/p>\n<\/div>\n<\/div>\n<\/div>\n<\/div>\n","protected":false},"excerpt":{"rendered":"<p>Choisir une assise est une d\u00e9cision qui demande r\u00e9flexion. Il vous faut prendre en consid\u00e9ration son usage et ses dimensions, mais \u00e9galement son style, son confort et son entretien. Zoom sur les&nbsp;assises en velours pour leur esth\u00e9tique intemporelle et leur confort immuable. Les assises en velours se d\u00e9clinent pour tous les go\u00fbts et styles pour [&hellip;]<\/p>\n","protected":false},"author":11,"featured_media":6233,"comment_status":"open","ping_status":"open","sticky":false,"template":"","format":"standard","meta":{"_seopress_robots_primary_cat":"16","_seopress_titles_title":"","_seopress_titles_desc":"","_seopress_robots_index":"","_uag_custom_page_level_css":"","footnotes":""},"categories":[19,16],"tags":[],"class_list":{"0":"post-6231","1":"post","2":"type-post","3":"status-publish","4":"format-standard","5":"has-post-thumbnail","7":"category-collections","8":"category-tendances"},"uagb_featured_image_src":{"full":["https:\/\/www.saulaie.com\/blog\/wp-content\/uploads\/2022\/08\/Assise-velours.jpg",1100,726,false],"thumbnail":["https:\/\/www.saulaie.com\/blog\/wp-content\/uploads\/2022\/08\/Assise-velours-150x150.jpg",150,150,true],"medium":["https:\/\/www.saulaie.com\/blog\/wp-content\/uploads\/2022\/08\/Assise-velours-300x198.jpg",300,198,true],"medium_large":["https:\/\/www.saulaie.com\/blog\/wp-content\/uploads\/2022\/08\/Assise-velours-768x507.jpg",768,507,true],"large":["https:\/\/www.saulaie.com\/blog\/wp-content\/uploads\/2022\/08\/Assise-velours-1024x676.jpg",800,528,true],"1536x1536":["https:\/\/www.saulaie.com\/blog\/wp-content\/uploads\/2022\/08\/Assise-velours.jpg",1100,726,false],"2048x2048":["https:\/\/www.saulaie.com\/blog\/wp-content\/uploads\/2022\/08\/Assise-velours.jpg",1100,726,false],"gform-image-choice-sm":["https:\/\/www.saulaie.com\/blog\/wp-content\/uploads\/2022\/08\/Assise-velours.jpg",300,198,false],"gform-image-choice-md":["https:\/\/www.saulaie.com\/blog\/wp-content\/uploads\/2022\/08\/Assise-velours.jpg",400,264,false],"gform-image-choice-lg":["https:\/\/www.saulaie.com\/blog\/wp-content\/uploads\/2022\/08\/Assise-velours.jpg",600,396,false]},"uagb_author_info":{"display_name":"Elodie Rossignol","author_link":"https:\/\/www.saulaie.com\/blog\/author\/elodie\/"},"uagb_comment_info":0,"uagb_excerpt":"Choisir une assise est une d\u00e9cision qui demande r\u00e9flexion. Il vous faut prendre en consid\u00e9ration son usage et ses dimensions, mais \u00e9galement son style, son confort et son entretien. Zoom sur les&nbsp;assises en velours pour leur esth\u00e9tique intemporelle et leur confort immuable. Les assises en velours se d\u00e9clinent pour tous les go\u00fbts et styles pour\u2026","_links":{"self":[{"href":"https:\/\/www.saulaie.com\/blog\/wp-json\/wp\/v2\/posts\/6231","targetHints":{"allow":["GET"]}}],"collection":[{"href":"https:\/\/www.saulaie.com\/blog\/wp-json\/wp\/v2\/posts"}],"about":[{"href":"https:\/\/www.saulaie.com\/blog\/wp-json\/wp\/v2\/types\/post"}],"author":[{"embeddable":true,"href":"https:\/\/www.saulaie.com\/blog\/wp-json\/wp\/v2\/users\/11"}],"replies":[{"embeddable":true,"href":"https:\/\/www.saulaie.com\/blog\/wp-json\/wp\/v2\/comments?post=6231"}],"version-history":[{"count":6,"href":"https:\/\/www.saulaie.com\/blog\/wp-json\/wp\/v2\/posts\/6231\/revisions"}],"predecessor-version":[{"id":7743,"href":"https:\/\/www.saulaie.com\/blog\/wp-json\/wp\/v2\/posts\/6231\/revisions\/7743"}],"wp:featuredmedia":[{"embeddable":true,"href":"https:\/\/www.saulaie.com\/blog\/wp-json\/wp\/v2\/media\/6233"}],"wp:attachment":[{"href":"https:\/\/www.saulaie.com\/blog\/wp-json\/wp\/v2\/media?parent=6231"}],"wp:term":[{"taxonomy":"category","embeddable":true,"href":"https:\/\/www.saulaie.com\/blog\/wp-json\/wp\/v2\/categories?post=6231"},{"taxonomy":"post_tag","embeddable":true,"href":"https:\/\/www.saulaie.com\/blog\/wp-json\/wp\/v2\/tags?post=6231"}],"curies":[{"name":"wp","href":"https:\/\/api.w.org\/{rel}","templated":true}]}}