{"id":6134,"date":"2022-08-09T11:30:29","date_gmt":"2022-08-09T10:30:29","guid":{"rendered":"http:\/\/blog.saulaie.com\/?p=6134"},"modified":"2023-07-07T14:18:10","modified_gmt":"2023-07-07T13:18:10","slug":"comment-organiser-sa-bibliotheque","status":"publish","type":"post","link":"https:\/\/www.saulaie.com\/blog\/comment-organiser-sa-bibliotheque\/","title":{"rendered":"Comment organiser sa biblioth\u00e8que ?"},"content":{"rendered":"\n<div class=\"wp-block-columns is-layout-flex wp-container-core-columns-is-layout-9d6595d7 wp-block-columns-is-layout-flex\">\n<div class=\"wp-block-column is-layout-flow wp-block-column-is-layout-flow\"><\/div>\n\n\n\n<div class=\"wp-block-column is-layout-flow wp-block-column-is-layout-flow\">\n<p class=\"has-text-align-center\">Comment <strong>organiser sa biblioth\u00e8que<\/strong> et ranger ses ouvrages ? Il peut s\u2019agir d\u2019un v\u00e9ritable casse-t\u00eate lorsque les livres s\u2019accumulent sur les \u00e9tag\u00e8res. Pour retrouver facilement chaque \u00e9dition et profiter d\u2019un rangement harmonieux, il convient de trouver un syst\u00e8me de classement adapt\u00e9 \u00e0 vos habitudes. D\u00e9couvrez tous nos conseils.<\/p>\n<\/div>\n\n\n\n<div class=\"wp-block-column is-layout-flow wp-block-column-is-layout-flow\"><\/div>\n<\/div>\n\n\n\n<div class=\"wp-block-columns is-layout-flex wp-container-core-columns-is-layout-9d6595d7 wp-block-columns-is-layout-flex\">\n<div class=\"wp-block-column is-layout-flow wp-block-column-is-layout-flow\"><div class=\"wp-block-image\">\n<figure class=\"aligncenter size-large\"><a href=\"http:\/\/blog.saulaie.com\/wp-content\/uploads\/2022\/08\/organiser-bibli-2.jpg\" target=\"_blank\" rel=\"noreferrer noopener\"><img fetchpriority=\"high\" decoding=\"async\" width=\"1024\" height=\"545\" src=\"http:\/\/blog.saulaie.com\/wp-content\/uploads\/2022\/08\/organiser-bibli-2-1024x545.jpg\" alt=\"\" class=\"wp-image-6141\" srcset=\"https:\/\/www.saulaie.com\/blog\/wp-content\/uploads\/2022\/08\/organiser-bibli-2-1024x545.jpg 1024w, https:\/\/www.saulaie.com\/blog\/wp-content\/uploads\/2022\/08\/organiser-bibli-2-300x160.jpg 300w, https:\/\/www.saulaie.com\/blog\/wp-content\/uploads\/2022\/08\/organiser-bibli-2-768x408.jpg 768w, https:\/\/www.saulaie.com\/blog\/wp-content\/uploads\/2022\/08\/organiser-bibli-2-705x375.jpg 705w, https:\/\/www.saulaie.com\/blog\/wp-content\/uploads\/2022\/08\/organiser-bibli-2.jpg 1130w\" sizes=\"(max-width: 1024px) 100vw, 1024px\" \/><\/a><\/figure>\n<\/div><\/div>\n<\/div>\n\n\n\n<div class=\"wp-block-columns is-layout-flex wp-container-core-columns-is-layout-9d6595d7 wp-block-columns-is-layout-flex\">\n<div class=\"wp-block-column is-layout-flow wp-block-column-is-layout-flow\">\n<h2 class=\"has-text-align-center wp-block-heading\">CHOISIR UNE BIBLIOTH\u00c8QUE ADAPT\u00c9E \u00c0 LA CONFIGURATION DE LA PI\u00c8CE<\/h2>\n<\/div>\n<\/div>\n\n\n\n<div class=\"wp-block-columns is-layout-flex wp-container-core-columns-is-layout-9d6595d7 wp-block-columns-is-layout-flex\">\n<div class=\"wp-block-column is-layout-flow wp-block-column-is-layout-flow\">\n<p class=\"has-text-align-center\">Plus qu\u2019un meuble de rangement, la biblioth\u00e8que fait partie int\u00e9grante de la d\u00e9coration de votre pi\u00e8ce. Qu\u2019elle soit plac\u00e9e dans le salon, dans un bureau ou dans une chambre, elle doit&nbsp;correspondre \u00e0 la pi\u00e8ce dans laquelle elle se trouve.&nbsp;Pr\u00e9f\u00e9rez un mod\u00e8le qui saura mettre vos ouvrages en valeur sans encombrer ni assombrir l\u2019espace.<\/p>\n<\/div>\n<\/div>\n\n\n\n<div class=\"wp-block-columns is-layout-flex wp-container-core-columns-is-layout-9d6595d7 wp-block-columns-is-layout-flex\">\n<div class=\"wp-block-column is-layout-flow wp-block-column-is-layout-flow\">\n<p>Choisissez des dimensions ad\u00e9quates pouvant accueillir le nombre de livres que vous devez ranger ainsi et correspondant \u00e0 la place dont vous disposez. Dans les endroits \u00e9troits, privil\u00e9giez une <a href=\"https:\/\/www.saulaie.com\/fr\/10202-bibliotheque-etagere\" target=\"_blank\" rel=\"noreferrer noopener\">biblioth\u00e8que ou une \u00e9tag\u00e8re<\/a> sans fond avec des lignes d\u00e9licates qui offrira un rendu l\u00e9ger et a\u00e9rien. Dans les grandes pi\u00e8ces, pr\u00e9f\u00e9rez au contraire un mod\u00e8le imposant et plus cossu qui habillera l\u2019espace et qui accentuera le cachet du lieu. Enfin, si votre biblioth\u00e8que est destin\u00e9e \u00e0 faire office de s\u00e9paration, entre un espace salle \u00e0 manger et un espace salon par exemple,\u00a0optez pour une biblioth\u00e8que ouverte qui laissera passer la lumi\u00e8re. <\/p>\n<\/div>\n\n\n\n<div class=\"wp-block-column is-layout-flow wp-block-column-is-layout-flow\"><div class=\"wp-block-image\">\n<figure class=\"aligncenter size-full\"><a href=\"http:\/\/blog.saulaie.com\/wp-content\/uploads\/2022\/08\/organiser-bibli-3.jpg\"><img decoding=\"async\" width=\"550\" height=\"394\" src=\"http:\/\/blog.saulaie.com\/wp-content\/uploads\/2022\/08\/organiser-bibli-3.jpg\" alt=\"\" class=\"wp-image-6144\" srcset=\"https:\/\/www.saulaie.com\/blog\/wp-content\/uploads\/2022\/08\/organiser-bibli-3.jpg 550w, https:\/\/www.saulaie.com\/blog\/wp-content\/uploads\/2022\/08\/organiser-bibli-3-300x215.jpg 300w\" sizes=\"(max-width: 550px) 100vw, 550px\" \/><\/a><\/figure>\n<\/div><\/div>\n<\/div>\n\n\n\n<div class=\"wp-block-columns is-layout-flex wp-container-core-columns-is-layout-9d6595d7 wp-block-columns-is-layout-flex\">\n<div class=\"wp-block-column is-layout-flow wp-block-column-is-layout-flow\">\n<p class=\"has-text-align-center\">C\u00f4t\u00e9 mat\u00e9riaux, faites le choix en fonction du style de votre d\u00e9coration. Le bois est une valeur sure tant en termes de solidit\u00e9 que d\u2019esth\u00e9tisme. Une biblioth\u00e8que en bois trouvera sa place dans tous les styles de d\u00e9coration. Le m\u00e9tal et le verre sauront apporter de la modernit\u00e9 et constituent \u00e9galement d\u2019excellentes options.<\/p>\n<\/div>\n<\/div>\n\n\n\n<div class=\"wp-block-columns is-layout-flex wp-container-core-columns-is-layout-9d6595d7 wp-block-columns-is-layout-flex\">\n<div class=\"wp-block-column is-layout-flow wp-block-column-is-layout-flow\">\n<h2 class=\"has-text-align-center wp-block-heading\">CHOISIR UN CLASSEMENT POUR SES OUVRAGES<\/h2>\n<\/div>\n<\/div>\n\n\n\n<div class=\"wp-block-columns is-layout-flex wp-container-core-columns-is-layout-9d6595d7 wp-block-columns-is-layout-flex\">\n<div class=\"wp-block-column is-layout-flow wp-block-column-is-layout-flow\">\n<div class=\"wp-block-columns is-layout-flex wp-container-core-columns-is-layout-9d6595d7 wp-block-columns-is-layout-flex\">\n<div class=\"wp-block-column is-layout-flow wp-block-column-is-layout-flow\">\n<p>Plusieurs syst\u00e8mes peuvent \u00eatre adopt\u00e9s pour organiser sa biblioth\u00e8que. Ils sont \u00e0 choisir selon vos habitudes de lecture.<\/p>\n<\/div>\n\n\n\n<div class=\"wp-block-column is-layout-flow wp-block-column-is-layout-flow\">\n<figure class=\"wp-block-image size-full\"><a href=\"http:\/\/blog.saulaie.com\/wp-content\/uploads\/2022\/08\/organiser-bibli-3.gif\"><img decoding=\"async\" width=\"550\" height=\"394\" src=\"http:\/\/blog.saulaie.com\/wp-content\/uploads\/2022\/08\/organiser-bibli-3.gif\" alt=\"\" class=\"wp-image-6148\"\/><\/a><\/figure>\n<\/div>\n<\/div>\n<\/div>\n<\/div>\n\n\n\n<div class=\"wp-block-columns is-layout-flex wp-container-core-columns-is-layout-9d6595d7 wp-block-columns-is-layout-flex\">\n<div class=\"wp-block-column is-layout-flow wp-block-column-is-layout-flow\">\n<h3 class=\"wp-block-heading\">Par auteur<\/h3>\n<\/div>\n\n\n\n<div class=\"wp-block-column is-layout-flow wp-block-column-is-layout-flow\">\n<p>Le classement par auteur est sans aucun doute de la m\u00e9thode la plus pl\u00e9biscit\u00e9e, tant elle facilite les recherches. Classez simplement vos livres par ordre alphab\u00e9tique, en fonction du nom de chaque \u00e9crivain. Les plus perfectionnistes pourront aussi classer alphab\u00e9tiquement les titres des diff\u00e9rentes \u0153uvres.<\/p>\n<\/div>\n<\/div>\n\n\n\n<div class=\"wp-block-columns is-layout-flex wp-container-core-columns-is-layout-9d6595d7 wp-block-columns-is-layout-flex\">\n<div class=\"wp-block-column is-layout-flow wp-block-column-is-layout-flow\">\n<h3 class=\"wp-block-heading\">Par genre<\/h3>\n<\/div>\n\n\n\n<div class=\"wp-block-column is-layout-flow wp-block-column-is-layout-flow\">\n<p>Cette m\u00e9thode de rangement consiste \u00e0 r\u00e9unir sur une m\u00eame \u00e9tag\u00e8re tous les livres d\u2019un m\u00eame genre, en classant ensemble tous les thrillers, tous les polars ou encore tous les romans de litt\u00e9rature classique. Vous pouvez aussi ranger les ouvrages en fonction de leur type, c&rsquo;est-\u00e0-dire en r\u00e9unissant les romans, les magazines, les essais et les bandes dessin\u00e9es. Ce syst\u00e8me de classification vous permet de choisir une lecture en fonction de vos envies du moment.<\/p>\n<\/div>\n<\/div>\n\n\n\n<div class=\"wp-block-columns is-layout-flex wp-container-core-columns-is-layout-9d6595d7 wp-block-columns-is-layout-flex\">\n<div class=\"wp-block-column is-layout-flow wp-block-column-is-layout-flow\">\n<h3 class=\"wp-block-heading\">Par maison d&rsquo;\u00e9dition<\/h3>\n<\/div>\n\n\n\n<div class=\"wp-block-column is-layout-flow wp-block-column-is-layout-flow\">\n<p>Cette fa\u00e7on d\u2019organiser sa biblioth\u00e8que permet de classer les ouvrages selon une charte graphique coh\u00e9rente, ce qui offre un r\u00e9sultat particuli\u00e8rement harmonieux : tous les livres sont r\u00e9unis selon un format et une hauteur similaire, ce qui permet d\u2019optimiser l\u2019espace et d\u2019apporter une homog\u00e9n\u00e9it\u00e9 visuelle particuli\u00e8rement agr\u00e9able.<\/p>\n<\/div>\n<\/div>\n\n\n\n<div class=\"wp-block-columns is-layout-flex wp-container-core-columns-is-layout-9d6595d7 wp-block-columns-is-layout-flex\">\n<div class=\"wp-block-column is-layout-flow wp-block-column-is-layout-flow\">\n<h3 class=\"wp-block-heading\">Par couleur<\/h3>\n<\/div>\n\n\n\n<div class=\"wp-block-column is-layout-flow wp-block-column-is-layout-flow\">\n<p>Pour une classification tendance qui se d\u00e9marque par son esth\u00e9tisme, il est de plus en plus courant d\u2019organiser sa biblioth\u00e8que en fonction de la couleur de la couverture de ses ouvrages. Les plus originaux pourront cr\u00e9er un v\u00e9ritable arc-en-ciel de tranches. Si vous ne poss\u00e9dez pas plus de 5 livres de chaque couleur, vous pouvez r\u00e9aliser des oppositions de teintes claires et sombres qui donneront du relief \u00e0 la pi\u00e8ce.<\/p>\n<\/div>\n<\/div>\n\n\n\n<div class=\"wp-block-columns is-layout-flex wp-container-core-columns-is-layout-9d6595d7 wp-block-columns-is-layout-flex\">\n<div class=\"wp-block-column is-layout-flow wp-block-column-is-layout-flow\">\n<h2 class=\"has-text-align-center wp-block-heading\">DONNR UNE TOUCHE SINGULI\u00c8RE \u00c0 SA BIBLIOTH\u00c8QUE AVEC DES OBJETS D\u00c9CO<\/h2>\n<\/div>\n<\/div>\n\n\n\n<div class=\"wp-block-columns is-layout-flex wp-container-core-columns-is-layout-9d6595d7 wp-block-columns-is-layout-flex\">\n<div class=\"wp-block-column is-layout-flow wp-block-column-is-layout-flow\">\n<p class=\"has-text-align-center\">Apportez une touche d\u2019originalit\u00e9 \u00e0 votre biblioth\u00e8que en lui ajoutant quelques <a href=\"https:\/\/www.saulaie.com\/fr\/objets-decoratifs\" target=\"_blank\" rel=\"noreferrer noopener\">objets de d\u00e9coration<\/a>. Rien de tel pour donner une touche chic et tendance \u00e0 vos \u00e9tag\u00e8res. Sculptures et figurines sauront magnifier la pi\u00e8ce et mettre vos ouvrages en valeur.<\/p>\n\n\n\n<p class=\"has-text-align-center\">Pour organiser sa biblioth\u00e8que de mani\u00e8re harmonieuse, pensez \u00e9galement aux accessoires de rangement. Les serre-livres permettront notamment \u00e0 vos&nbsp;ouvrages de tenir debout sans s\u2019ab\u00eemer. Ils constituent une pi\u00e8ce forte qui apporte beaucoup de cachet \u00e0 une \u00e9tag\u00e8re.<\/p>\n\n\n\n<p class=\"has-text-align-center\">Pour une touche plus personnelle, pensez aux cadres qui viendront accueillir quelques photos de famille ou des affiches de vos licences pr\u00e9f\u00e9r\u00e9es. Les bougies et les bougeoirs sauront eux d\u00e9corer l\u2019espace en ajoutant une jolie <a href=\"https:\/\/www.saulaie.com\/blog\/2022\/08\/10\/apporter-de-la-lumiere-a-une-piece-sombre\/\" data-type=\"post\" data-id=\"6366\">lumi\u00e8re<\/a> diffuse une fois allum\u00e9s. Parfait pour transformer la pi\u00e8ce en un cocon chaleureux. Et pour une touche de nature et d\u2019authenticit\u00e9, pensez \u00e0\u00a0placer quelques plantes ou fleurs s\u00e9ch\u00e9es dans un joli vase.<\/p>\n<\/div>\n<\/div>\n","protected":false},"excerpt":{"rendered":"<p>Comment organiser sa biblioth\u00e8que et ranger ses ouvrages ? Il peut s\u2019agir d\u2019un v\u00e9ritable casse-t\u00eate lorsque les livres s\u2019accumulent sur les \u00e9tag\u00e8res. Pour retrouver facilement chaque \u00e9dition et profiter d\u2019un rangement harmonieux, il convient de trouver un syst\u00e8me de classement adapt\u00e9 \u00e0 vos habitudes. D\u00e9couvrez tous nos conseils. CHOISIR UNE BIBLIOTH\u00c8QUE ADAPT\u00c9E \u00c0 LA CONFIGURATION [&hellip;]<\/p>\n","protected":false},"author":11,"featured_media":6136,"comment_status":"open","ping_status":"open","sticky":false,"template":"","format":"standard","meta":{"_seopress_robots_primary_cat":"17","_seopress_titles_title":"","_seopress_titles_desc":"","_seopress_robots_index":"","_uag_custom_page_level_css":"","footnotes":""},"categories":[17],"tags":[],"class_list":{"0":"post-6134","1":"post","2":"type-post","3":"status-publish","4":"format-standard","5":"has-post-thumbnail","7":"category-philosophie"},"uagb_featured_image_src":{"full":["https:\/\/www.saulaie.com\/blog\/wp-content\/uploads\/2022\/08\/organiser-bibli.jpg",1100,726,false],"thumbnail":["https:\/\/www.saulaie.com\/blog\/wp-content\/uploads\/2022\/08\/organiser-bibli-150x150.jpg",150,150,true],"medium":["https:\/\/www.saulaie.com\/blog\/wp-content\/uploads\/2022\/08\/organiser-bibli-300x198.jpg",300,198,true],"medium_large":["https:\/\/www.saulaie.com\/blog\/wp-content\/uploads\/2022\/08\/organiser-bibli-768x507.jpg",768,507,true],"large":["https:\/\/www.saulaie.com\/blog\/wp-content\/uploads\/2022\/08\/organiser-bibli-1024x676.jpg",800,528,true],"1536x1536":["https:\/\/www.saulaie.com\/blog\/wp-content\/uploads\/2022\/08\/organiser-bibli.jpg",1100,726,false],"2048x2048":["https:\/\/www.saulaie.com\/blog\/wp-content\/uploads\/2022\/08\/organiser-bibli.jpg",1100,726,false],"gform-image-choice-sm":["https:\/\/www.saulaie.com\/blog\/wp-content\/uploads\/2022\/08\/organiser-bibli.jpg",300,198,false],"gform-image-choice-md":["https:\/\/www.saulaie.com\/blog\/wp-content\/uploads\/2022\/08\/organiser-bibli.jpg",400,264,false],"gform-image-choice-lg":["https:\/\/www.saulaie.com\/blog\/wp-content\/uploads\/2022\/08\/organiser-bibli.jpg",600,396,false]},"uagb_author_info":{"display_name":"Elodie Rossignol","author_link":"https:\/\/www.saulaie.com\/blog\/author\/elodie\/"},"uagb_comment_info":0,"uagb_excerpt":"Comment organiser sa biblioth\u00e8que et ranger ses ouvrages ? Il peut s\u2019agir d\u2019un v\u00e9ritable casse-t\u00eate lorsque les livres s\u2019accumulent sur les \u00e9tag\u00e8res. Pour retrouver facilement chaque \u00e9dition et profiter d\u2019un rangement harmonieux, il convient de trouver un syst\u00e8me de classement adapt\u00e9 \u00e0 vos habitudes. D\u00e9couvrez tous nos conseils. CHOISIR UNE BIBLIOTH\u00c8QUE ADAPT\u00c9E \u00c0 LA CONFIGURATION\u2026","_links":{"self":[{"href":"https:\/\/www.saulaie.com\/blog\/wp-json\/wp\/v2\/posts\/6134","targetHints":{"allow":["GET"]}}],"collection":[{"href":"https:\/\/www.saulaie.com\/blog\/wp-json\/wp\/v2\/posts"}],"about":[{"href":"https:\/\/www.saulaie.com\/blog\/wp-json\/wp\/v2\/types\/post"}],"author":[{"embeddable":true,"href":"https:\/\/www.saulaie.com\/blog\/wp-json\/wp\/v2\/users\/11"}],"replies":[{"embeddable":true,"href":"https:\/\/www.saulaie.com\/blog\/wp-json\/wp\/v2\/comments?post=6134"}],"version-history":[{"count":10,"href":"https:\/\/www.saulaie.com\/blog\/wp-json\/wp\/v2\/posts\/6134\/revisions"}],"predecessor-version":[{"id":7737,"href":"https:\/\/www.saulaie.com\/blog\/wp-json\/wp\/v2\/posts\/6134\/revisions\/7737"}],"wp:featuredmedia":[{"embeddable":true,"href":"https:\/\/www.saulaie.com\/blog\/wp-json\/wp\/v2\/media\/6136"}],"wp:attachment":[{"href":"https:\/\/www.saulaie.com\/blog\/wp-json\/wp\/v2\/media?parent=6134"}],"wp:term":[{"taxonomy":"category","embeddable":true,"href":"https:\/\/www.saulaie.com\/blog\/wp-json\/wp\/v2\/categories?post=6134"},{"taxonomy":"post_tag","embeddable":true,"href":"https:\/\/www.saulaie.com\/blog\/wp-json\/wp\/v2\/tags?post=6134"}],"curies":[{"name":"wp","href":"https:\/\/api.w.org\/{rel}","templated":true}]}}