{"id":6113,"date":"2022-08-03T11:06:00","date_gmt":"2022-08-03T10:06:00","guid":{"rendered":"http:\/\/blog.saulaie.com\/?p=6113"},"modified":"2023-07-07T13:32:36","modified_gmt":"2023-07-07T12:32:36","slug":"associer-son-bureau-avec-le-bon-fauteuil","status":"publish","type":"post","link":"https:\/\/www.saulaie.com\/blog\/associer-son-bureau-avec-le-bon-fauteuil\/","title":{"rendered":"Associer son bureau avec le bon fauteuil"},"content":{"rendered":"\n<div class=\"wp-block-columns is-layout-flex wp-container-core-columns-is-layout-9d6595d7 wp-block-columns-is-layout-flex\">\n<div class=\"wp-block-column is-layout-flow wp-block-column-is-layout-flow\"><\/div>\n\n\n\n<div class=\"wp-block-column is-layout-flow wp-block-column-is-layout-flow\">\n<p class=\"has-text-align-center\">Disposer d\u2019un beau et bon mobilier est primordial pour travailler dans de bonnes conditions. Pour faire fonctionner l\u2019incontournable duo bureau et <strong>fauteuil de bureau<\/strong>, diff\u00e9rents crit\u00e8res esth\u00e9tiques et physiques sont \u00e0 prendre en consid\u00e9ration. D\u00e9couvrez nos conseils pour faire le meilleur choix de fauteuil de bureau et sublimer votre espace de travail.<\/p>\n<\/div>\n\n\n\n<div class=\"wp-block-column is-layout-flow wp-block-column-is-layout-flow\"><\/div>\n<\/div>\n\n\n\n<div class=\"wp-block-columns is-layout-flex wp-container-core-columns-is-layout-9d6595d7 wp-block-columns-is-layout-flex\">\n<div class=\"wp-block-column is-layout-flow wp-block-column-is-layout-flow\"><div class=\"wp-block-image\">\n<figure class=\"aligncenter size-large\"><a href=\"http:\/\/blog.saulaie.com\/wp-content\/uploads\/2022\/08\/associer-bureau-fauteuil-2.jpg\"><img fetchpriority=\"high\" decoding=\"async\" width=\"1024\" height=\"545\" src=\"http:\/\/blog.saulaie.com\/wp-content\/uploads\/2022\/08\/associer-bureau-fauteuil-2-1024x545.jpg\" alt=\"\" class=\"wp-image-6115\" srcset=\"https:\/\/www.saulaie.com\/blog\/wp-content\/uploads\/2022\/08\/associer-bureau-fauteuil-2-1024x545.jpg 1024w, https:\/\/www.saulaie.com\/blog\/wp-content\/uploads\/2022\/08\/associer-bureau-fauteuil-2-300x160.jpg 300w, https:\/\/www.saulaie.com\/blog\/wp-content\/uploads\/2022\/08\/associer-bureau-fauteuil-2-768x408.jpg 768w, https:\/\/www.saulaie.com\/blog\/wp-content\/uploads\/2022\/08\/associer-bureau-fauteuil-2-705x375.jpg 705w, https:\/\/www.saulaie.com\/blog\/wp-content\/uploads\/2022\/08\/associer-bureau-fauteuil-2.jpg 1130w\" sizes=\"(max-width: 1024px) 100vw, 1024px\" \/><\/a><\/figure>\n<\/div><\/div>\n<\/div>\n\n\n\n<div class=\"wp-block-columns is-layout-flex wp-container-core-columns-is-layout-9d6595d7 wp-block-columns-is-layout-flex\">\n<div class=\"wp-block-column is-layout-flow wp-block-column-is-layout-flow\">\n<h2 class=\"has-text-align-center wp-block-heading\">QUELQUES R\u00c8GLES DE BASE<\/h2>\n<\/div>\n<\/div>\n\n\n\n<div class=\"wp-block-columns is-layout-flex wp-container-core-columns-is-layout-9d6595d7 wp-block-columns-is-layout-flex\">\n<div class=\"wp-block-column is-layout-flow wp-block-column-is-layout-flow\">\n<p class=\"has-text-align-center\">Avant de soulever des consid\u00e9rations d\u00e9co, il est essentiel de prendre en compte l\u2019aspect morphologique de votre\u00a0<a href=\"https:\/\/www.saulaie.com\/fr\/10818-fauteuil-de-bureau\" target=\"_blank\" rel=\"noreferrer noopener\">fauteuil de bureau<\/a>, afin de vous assurer une assise confortable optimale.<\/p>\n<\/div>\n<\/div>\n\n\n\n<div class=\"wp-block-columns is-layout-flex wp-container-core-columns-is-layout-9d6595d7 wp-block-columns-is-layout-flex\">\n<div class=\"wp-block-column is-layout-flow wp-block-column-is-layout-flow\">\n<h3 class=\"wp-block-heading\">AVOIR LE REGARD \u00c0 LA BONNE HAUTEUR<\/h3>\n<\/div>\n\n\n\n<div class=\"wp-block-column is-layout-flow wp-block-column-is-layout-flow\">\n<p>Point primordial pour prot\u00e9ger vos cervicales, votre assise doit vous permettre d\u2019\u00eatre \u00e0 la bonne hauteur lorsque vous \u00eates \u00e0 votre bureau, c\u2019est-\u00e0-dire le regard au niveau de votre \u00e9cran d\u2019ordinateur ou l\u00e9g\u00e8rement en dessous.<\/p>\n<\/div>\n<\/div>\n\n\n\n<div class=\"wp-block-columns is-layout-flex wp-container-core-columns-is-layout-9d6595d7 wp-block-columns-is-layout-flex\">\n<div class=\"wp-block-column is-layout-flow wp-block-column-is-layout-flow\">\n<h3 class=\"wp-block-heading\">AVOIR LES PIEDS QUI TOUCHENT LE SOL<\/h3>\n<\/div>\n\n\n\n<div class=\"wp-block-column is-layout-flow wp-block-column-is-layout-flow\">\n<p>Deuxi\u00e8me condition&nbsp;<em>sine qua non<\/em>&nbsp;pour choisir le <strong>fauteuil de bureau <\/strong>id\u00e9al est de maintenir une position ad\u00e9quate. Pour cela, rien de mieux que d\u2019avoir les pieds qui touchent le sol. Cela vous permettra d\u2019\u00e9viter de vous tortiller pour trouver une position favorable pour travailler.<\/p>\n<\/div>\n<\/div>\n\n\n\n<div class=\"wp-block-columns is-layout-flex wp-container-core-columns-is-layout-9d6595d7 wp-block-columns-is-layout-flex\">\n<div class=\"wp-block-column is-layout-flow wp-block-column-is-layout-flow\">\n<h3 class=\"wp-block-heading\">CHOISIR UNE ASSISE CONFORTABLE<\/h3>\n<\/div>\n\n\n\n<div class=\"wp-block-column is-layout-flow wp-block-column-is-layout-flow\">\n<p>Cela semble \u00eatre le b.a.-ba pourtant il arrive souvent qu\u2019un coup de c\u0153ur esth\u00e9tique fasse oublier l\u2019aspect confortable d\u2019un fauteuil de bureau. Une assise cossue, un dossier enveloppant et des accoudoirs \u00e0 bonne hauteur, tout doit \u00eatre pris en compte. Pensez bien \u00e0 l\u2019utilisation que vous ferez de votre fauteuil avant de l\u2019acheter, plus vos s\u00e9ances de travail sont importantes, plus il est primordial d\u2019avoir un fauteuil confortable. La Maison Saulaie fait rimer beau et confortable avec sa large collection de <strong>fauteuils de bureau<\/strong>.<\/p>\n<\/div>\n<\/div>\n\n\n\n<div class=\"wp-block-columns is-layout-flex wp-container-core-columns-is-layout-9d6595d7 wp-block-columns-is-layout-flex\">\n<div class=\"wp-block-column is-layout-flow wp-block-column-is-layout-flow\">\n<h3 class=\"wp-block-heading\">CHOISIR AVEC SOIN LA MATI\u00c8RE DE VOTRE FAUTEUIL DE BUREAU<\/h3>\n<\/div>\n\n\n\n<div class=\"wp-block-column is-layout-flow wp-block-column-is-layout-flow\">\n<p>Dans la m\u00eame veine, il est fondamental de choisir un fauteuil de bureau confectionn\u00e9 dans des mat\u00e9riaux r\u00e9sistants offrant une assise confortable. Pour cela, privil\u00e9giez les fauteuils en bois dont la qualit\u00e9 durable et \u00e9l\u00e9gante ne vous fera pas d\u00e9faut. Prenez \u00e9galement soin de choisir un rev\u00eatement doux et confortable.<\/p>\n<\/div>\n<\/div>\n\n\n\n<div class=\"wp-block-columns is-layout-flex wp-container-core-columns-is-layout-9d6595d7 wp-block-columns-is-layout-flex\">\n<div class=\"wp-block-column is-layout-flow wp-block-column-is-layout-flow\"><div class=\"wp-block-image\">\n<figure class=\"aligncenter size-large\"><a href=\"http:\/\/blog.saulaie.com\/wp-content\/uploads\/2022\/08\/associer-bureau-fauteuil-3.jpg\"><img decoding=\"async\" width=\"1024\" height=\"545\" src=\"http:\/\/blog.saulaie.com\/wp-content\/uploads\/2022\/08\/associer-bureau-fauteuil-3-1024x545.jpg\" alt=\"\" class=\"wp-image-6124\" srcset=\"https:\/\/www.saulaie.com\/blog\/wp-content\/uploads\/2022\/08\/associer-bureau-fauteuil-3-1024x545.jpg 1024w, https:\/\/www.saulaie.com\/blog\/wp-content\/uploads\/2022\/08\/associer-bureau-fauteuil-3-300x160.jpg 300w, https:\/\/www.saulaie.com\/blog\/wp-content\/uploads\/2022\/08\/associer-bureau-fauteuil-3-768x408.jpg 768w, https:\/\/www.saulaie.com\/blog\/wp-content\/uploads\/2022\/08\/associer-bureau-fauteuil-3-705x375.jpg 705w, https:\/\/www.saulaie.com\/blog\/wp-content\/uploads\/2022\/08\/associer-bureau-fauteuil-3.jpg 1130w\" sizes=\"(max-width: 1024px) 100vw, 1024px\" \/><\/a><\/figure>\n<\/div><\/div>\n<\/div>\n\n\n\n<div class=\"wp-block-columns is-layout-flex wp-container-core-columns-is-layout-9d6595d7 wp-block-columns-is-layout-flex\">\n<div class=\"wp-block-column is-layout-flow wp-block-column-is-layout-flow\">\n<h2 class=\"has-text-align-center wp-block-heading\">ASSOCIER AVEC UN BUREAU DESIGN<br><\/h2>\n<\/div>\n<\/div>\n\n\n\n<div class=\"wp-block-columns is-layout-flex wp-container-core-columns-is-layout-9d6595d7 wp-block-columns-is-layout-flex\">\n<div class=\"wp-block-column is-layout-flow wp-block-column-is-layout-flow\">\n<p>Le&nbsp;<a href=\"https:\/\/www.saulaie.com\/fr\/10200-bureau-design\">bureau design<\/a>&nbsp;est une pi\u00e8ce tendance qui s\u2019inscrit dans un grand nombre de d\u00e9corations d\u2019int\u00e9rieur. Ses lignes \u00e9pur\u00e9es et longilignes en font une pi\u00e8ce intemporelle. La forme douce du bureau Alb\u00e2tre se marie \u00e0 merveille avec diff\u00e9rents styles de <strong>chaises de bureau en bois<\/strong>, m\u00e9tal avec rev\u00eatement cuir ou tissu. <\/p>\n<\/div>\n\n\n\n<div class=\"wp-block-column is-layout-flow wp-block-column-is-layout-flow\"><div class=\"wp-block-image\">\n<figure class=\"aligncenter size-full\"><a href=\"http:\/\/blog.saulaie.com\/wp-content\/uploads\/2022\/08\/associer-bureau-fauteuil-4.jpg\" target=\"_blank\" rel=\"noreferrer noopener\"><img decoding=\"async\" width=\"550\" height=\"669\" src=\"http:\/\/blog.saulaie.com\/wp-content\/uploads\/2022\/08\/associer-bureau-fauteuil-4.jpg\" alt=\"\" class=\"wp-image-6128\" srcset=\"https:\/\/www.saulaie.com\/blog\/wp-content\/uploads\/2022\/08\/associer-bureau-fauteuil-4.jpg 550w, https:\/\/www.saulaie.com\/blog\/wp-content\/uploads\/2022\/08\/associer-bureau-fauteuil-4-247x300.jpg 247w\" sizes=\"(max-width: 550px) 100vw, 550px\" \/><\/a><\/figure>\n<\/div><\/div>\n<\/div>\n\n\n\n<div class=\"wp-block-columns is-layout-flex wp-container-core-columns-is-layout-9d6595d7 wp-block-columns-is-layout-flex\">\n<div class=\"wp-block-column is-layout-flow wp-block-column-is-layout-flow\">\n<h2 class=\"has-text-align-center wp-block-heading\">ASSOCIER AVEC UN BUREAU CLASSIQUE OU ANCIEN<\/h2>\n<\/div>\n<\/div>\n\n\n\n<div class=\"wp-block-columns is-layout-flex wp-container-core-columns-is-layout-9d6595d7 wp-block-columns-is-layout-flex\">\n<div class=\"wp-block-column is-layout-flow wp-block-column-is-layout-flow\">\n<p>C\u00f4t\u00e9 bureau classique et ancien, les styles <a href=\"https:\/\/www.saulaie.com\/blog\/2021\/11\/04\/le-style-directoire-des-bureaux-heritiers-de-connaissances-techniques-et-esthetiques-dantan\/\" data-type=\"post\" data-id=\"5885\">Directoire<\/a> et Louis XVI ne cessent de nous s\u00e9duire. Leurs pieds cannel\u00e9s et la rondeur de leurs formes en font des bureaux d\u2019exception qui traversent les ann\u00e9es avec \u00e9l\u00e9gance.\u00a0<\/p>\n<\/div>\n\n\n\n<div class=\"wp-block-column is-layout-flow wp-block-column-is-layout-flow\">\n<p>Le <strong>bureau classique<\/strong> se marie \u00e0 merveille avec un fauteuil du m\u00eame style, un fauteuil cann\u00e9 Monceau de style Louis XVI sera du plus bel effet. Vous pouvez \u00e9galement le mixer \u00e0 une assise design telle que le\u00a0<a href=\"https:\/\/www.saulaie.com\/fr\/10754-chaise-avec-accoudoirs?collection%5Bzelie%5D=zelie\" target=\"_blank\" rel=\"noreferrer noopener\">fauteuil design Z\u00e9lie<\/a>, pour un m\u00e9lange de style harmonieux.<\/p>\n<\/div>\n<\/div>\n","protected":false},"excerpt":{"rendered":"<p>Disposer d\u2019un beau et bon mobilier est primordial pour travailler dans de bonnes conditions. Pour faire fonctionner l\u2019incontournable duo bureau et fauteuil de bureau, diff\u00e9rents crit\u00e8res esth\u00e9tiques et physiques sont \u00e0 prendre en consid\u00e9ration. D\u00e9couvrez nos conseils pour faire le meilleur choix de fauteuil de bureau et sublimer votre espace de travail. QUELQUES R\u00c8GLES DE [&hellip;]<\/p>\n","protected":false},"author":11,"featured_media":6118,"comment_status":"open","ping_status":"open","sticky":false,"template":"","format":"standard","meta":{"_seopress_robots_primary_cat":"19","_seopress_titles_title":"","_seopress_titles_desc":"","_seopress_robots_index":"","_uag_custom_page_level_css":"","footnotes":""},"categories":[19],"tags":[],"class_list":{"0":"post-6113","1":"post","2":"type-post","3":"status-publish","4":"format-standard","5":"has-post-thumbnail","7":"category-collections"},"uagb_featured_image_src":{"full":["https:\/\/www.saulaie.com\/blog\/wp-content\/uploads\/2022\/08\/associer-bureau-fauteuil.jpg",1100,726,false],"thumbnail":["https:\/\/www.saulaie.com\/blog\/wp-content\/uploads\/2022\/08\/associer-bureau-fauteuil-150x150.jpg",150,150,true],"medium":["https:\/\/www.saulaie.com\/blog\/wp-content\/uploads\/2022\/08\/associer-bureau-fauteuil-300x198.jpg",300,198,true],"medium_large":["https:\/\/www.saulaie.com\/blog\/wp-content\/uploads\/2022\/08\/associer-bureau-fauteuil-768x507.jpg",768,507,true],"large":["https:\/\/www.saulaie.com\/blog\/wp-content\/uploads\/2022\/08\/associer-bureau-fauteuil-1024x676.jpg",800,528,true],"1536x1536":["https:\/\/www.saulaie.com\/blog\/wp-content\/uploads\/2022\/08\/associer-bureau-fauteuil.jpg",1100,726,false],"2048x2048":["https:\/\/www.saulaie.com\/blog\/wp-content\/uploads\/2022\/08\/associer-bureau-fauteuil.jpg",1100,726,false],"gform-image-choice-sm":["https:\/\/www.saulaie.com\/blog\/wp-content\/uploads\/2022\/08\/associer-bureau-fauteuil.jpg",300,198,false],"gform-image-choice-md":["https:\/\/www.saulaie.com\/blog\/wp-content\/uploads\/2022\/08\/associer-bureau-fauteuil.jpg",400,264,false],"gform-image-choice-lg":["https:\/\/www.saulaie.com\/blog\/wp-content\/uploads\/2022\/08\/associer-bureau-fauteuil.jpg",600,396,false]},"uagb_author_info":{"display_name":"Elodie Rossignol","author_link":"https:\/\/www.saulaie.com\/blog\/author\/elodie\/"},"uagb_comment_info":0,"uagb_excerpt":"Disposer d\u2019un beau et bon mobilier est primordial pour travailler dans de bonnes conditions. Pour faire fonctionner l\u2019incontournable duo bureau et fauteuil de bureau, diff\u00e9rents crit\u00e8res esth\u00e9tiques et physiques sont \u00e0 prendre en consid\u00e9ration. D\u00e9couvrez nos conseils pour faire le meilleur choix de fauteuil de bureau et sublimer votre espace de travail. QUELQUES R\u00c8GLES DE\u2026","_links":{"self":[{"href":"https:\/\/www.saulaie.com\/blog\/wp-json\/wp\/v2\/posts\/6113","targetHints":{"allow":["GET"]}}],"collection":[{"href":"https:\/\/www.saulaie.com\/blog\/wp-json\/wp\/v2\/posts"}],"about":[{"href":"https:\/\/www.saulaie.com\/blog\/wp-json\/wp\/v2\/types\/post"}],"author":[{"embeddable":true,"href":"https:\/\/www.saulaie.com\/blog\/wp-json\/wp\/v2\/users\/11"}],"replies":[{"embeddable":true,"href":"https:\/\/www.saulaie.com\/blog\/wp-json\/wp\/v2\/comments?post=6113"}],"version-history":[{"count":11,"href":"https:\/\/www.saulaie.com\/blog\/wp-json\/wp\/v2\/posts\/6113\/revisions"}],"predecessor-version":[{"id":7733,"href":"https:\/\/www.saulaie.com\/blog\/wp-json\/wp\/v2\/posts\/6113\/revisions\/7733"}],"wp:featuredmedia":[{"embeddable":true,"href":"https:\/\/www.saulaie.com\/blog\/wp-json\/wp\/v2\/media\/6118"}],"wp:attachment":[{"href":"https:\/\/www.saulaie.com\/blog\/wp-json\/wp\/v2\/media?parent=6113"}],"wp:term":[{"taxonomy":"category","embeddable":true,"href":"https:\/\/www.saulaie.com\/blog\/wp-json\/wp\/v2\/categories?post=6113"},{"taxonomy":"post_tag","embeddable":true,"href":"https:\/\/www.saulaie.com\/blog\/wp-json\/wp\/v2\/tags?post=6113"}],"curies":[{"name":"wp","href":"https:\/\/api.w.org\/{rel}","templated":true}]}}