{"id":6093,"date":"2022-07-28T10:29:00","date_gmt":"2022-07-28T09:29:00","guid":{"rendered":"http:\/\/blog.saulaie.com\/?p=6093"},"modified":"2023-02-27T16:50:36","modified_gmt":"2023-02-27T15:50:36","slug":"comment-bien-amenager-son-bureau","status":"publish","type":"post","link":"https:\/\/www.saulaie.com\/blog\/comment-bien-amenager-son-bureau\/","title":{"rendered":"Comment bien am\u00e9nager son bureau ?"},"content":{"rendered":"\n<div class=\"wp-block-columns is-layout-flex wp-container-core-columns-is-layout-9d6595d7 wp-block-columns-is-layout-flex\">\n<div class=\"wp-block-column is-layout-flow wp-block-column-is-layout-flow\"><\/div>\n\n\n\n<div class=\"wp-block-column is-layout-flow wp-block-column-is-layout-flow\">\n<p class=\"has-text-align-center\">L\u2019am\u00e9nagement de <strong>l\u2019espace de travail a <\/strong>un impact significatif sur le bien-\u00eatre et la productivit\u00e9. L\u2019atmosph\u00e8re d\u00e9gag\u00e9e par un bureau doit favoriser la concentration, l\u2019inspiration et la cr\u00e9ativit\u00e9 pour permettre \u00e0 son occupant de travailler dans les meilleures conditions. Entre mobilier design et astuces d\u00e9co, d\u00e9couvrez comment am\u00e9nager le bureau id\u00e9al.<\/p>\n<\/div>\n\n\n\n<div class=\"wp-block-column is-layout-flow wp-block-column-is-layout-flow\"><\/div>\n<\/div>\n\n\n\n<div class=\"wp-block-columns is-layout-flex wp-container-core-columns-is-layout-9d6595d7 wp-block-columns-is-layout-flex\">\n<div class=\"wp-block-column is-layout-flow wp-block-column-is-layout-flow\"><div class=\"wp-block-image\">\n<figure class=\"aligncenter size-large\"><a href=\"http:\/\/blog.saulaie.com\/wp-content\/uploads\/2022\/08\/amenager-son-bureau-2.jpg\"><img fetchpriority=\"high\" decoding=\"async\" width=\"1024\" height=\"488\" src=\"http:\/\/blog.saulaie.com\/wp-content\/uploads\/2022\/08\/amenager-son-bureau-2-1024x488.jpg\" alt=\"\" class=\"wp-image-6095\" srcset=\"https:\/\/www.saulaie.com\/blog\/wp-content\/uploads\/2022\/08\/amenager-son-bureau-2-1024x488.jpg 1024w, https:\/\/www.saulaie.com\/blog\/wp-content\/uploads\/2022\/08\/amenager-son-bureau-2-300x143.jpg 300w, https:\/\/www.saulaie.com\/blog\/wp-content\/uploads\/2022\/08\/amenager-son-bureau-2-768x366.jpg 768w, https:\/\/www.saulaie.com\/blog\/wp-content\/uploads\/2022\/08\/amenager-son-bureau-2-705x336.jpg 705w, https:\/\/www.saulaie.com\/blog\/wp-content\/uploads\/2022\/08\/amenager-son-bureau-2.jpg 1130w\" sizes=\"(max-width: 1024px) 100vw, 1024px\" \/><\/a><\/figure>\n<\/div><\/div>\n<\/div>\n\n\n\n<div class=\"wp-block-columns is-layout-flex wp-container-core-columns-is-layout-9d6595d7 wp-block-columns-is-layout-flex\">\n<div class=\"wp-block-column is-layout-flow wp-block-column-is-layout-flow\">\n<h2 class=\"has-text-align-center wp-block-heading\">COMMENCER L\u2019AM\u00c9NAGEMENT EN CHOISISSANT VOTRE BUREAU<\/h2>\n<\/div>\n<\/div>\n\n\n\n<div class=\"wp-block-columns is-layout-flex wp-container-core-columns-is-layout-9d6595d7 wp-block-columns-is-layout-flex\">\n<div class=\"wp-block-column is-layout-flow wp-block-column-is-layout-flow\">\n<p>L\u2019am\u00e9nagement de la pi\u00e8ce commence par le choix du bureau, pi\u00e8ce ma\u00eetresse de votre d\u00e9coration. Optez pour des mat\u00e9riaux brutes et naturels qui apporteront noblesse et structure \u00e0 votre pi\u00e8ce. Un&nbsp;<a href=\"https:\/\/www.saulaie.com\/fr\/10200-bureau-design\">bureau design<\/a>&nbsp;en bois apportera du cachet \u00e0 la pi\u00e8ce et accueillera parfaitement votre ordinateur et dossiers. Un bois clair donnera un style moderne tandis qu\u2019un bois sombre cr\u00e9era un compromis id\u00e9al entre classicisme et tendance contemporaine. Il peut \u00eatre associ\u00e9 \u00e0 d\u2019autres mat\u00e9riaux nobles comme le cuir ou l\u2019inox pour ajouter une touche design \u00e0 votre meuble.<\/p>\n<\/div>\n\n\n\n<div class=\"wp-block-column is-layout-flow wp-block-column-is-layout-flow\">\n<figure class=\"wp-block-embed aligncenter is-type-video is-provider-youtube wp-block-embed-youtube wp-embed-aspect-16-9 wp-has-aspect-ratio\"><div class=\"wp-block-embed__wrapper\">\n<iframe title=\"Bureau ancien Directoire dessus cuir\" width=\"800\" height=\"450\" src=\"https:\/\/www.youtube.com\/embed\/jlh2v3NAIvo?feature=oembed\" frameborder=\"0\" allow=\"accelerometer; autoplay; clipboard-write; encrypted-media; gyroscope; picture-in-picture; web-share\" referrerpolicy=\"strict-origin-when-cross-origin\" allowfullscreen><\/iframe>\n<\/div><\/figure>\n<\/div>\n<\/div>\n\n\n\n<div class=\"wp-block-columns is-layout-flex wp-container-core-columns-is-layout-9d6595d7 wp-block-columns-is-layout-flex\">\n<div class=\"wp-block-column is-layout-flow wp-block-column-is-layout-flow\">\n<p class=\"has-text-align-center\">Faire le choix du bois, c\u2019est \u00e9galement s\u2019inscrire dans une d\u00e9marche \u00e9coresponsable avec des produits durables, solides et \u00e9l\u00e9gant. Cela participe \u00e0 cr\u00e9er une ambiance favorisant le bien-\u00eatre dans votre bureau. Le mobilier de la Maison Saulaie est fabriqu\u00e9 avec des bois issus de for\u00eats fran\u00e7aises g\u00e9r\u00e9es durablement et selon les r\u00e8gles de l\u2019artisanat fran\u00e7ais et europ\u00e9en.&nbsp;Leur confection est r\u00e9alis\u00e9e par des artisans locaux passionn\u00e9s, pour vous offrir des pi\u00e8ces d\u2019exception.<\/p>\n\n\n\n<p class=\"has-text-align-center\">Concernant sa disposition, l\u2019id\u00e9al est de placer votre<strong> bureau en bois massif<\/strong> perpendiculairement aux fen\u00eatres ou autres ouvertures naturelles afin de ne pas \u00eatre \u00e9bloui ni g\u00ean\u00e9 par les reflets du soleil sur l\u2019\u00e9cran de votre ordinateur.&nbsp;Ajoutez-y un&nbsp;<a href=\"https:\/\/www.saulaie.com\/fr\/10818-fauteuil-de-bureau\">fauteuil de bureau<\/a>&nbsp;confortable et \u00e9l\u00e9gante pour un aisance naturelle.<\/p>\n<\/div>\n<\/div>\n\n\n\n<div class=\"wp-block-columns is-layout-flex wp-container-core-columns-is-layout-9d6595d7 wp-block-columns-is-layout-flex\">\n<div class=\"wp-block-column is-layout-flow wp-block-column-is-layout-flow\">\n<h2 class=\"has-text-align-center wp-block-heading\">MULTIPLIER LES RANGEMENTS<\/h2>\n<\/div>\n<\/div>\n\n\n\n<div class=\"wp-block-columns is-layout-flex wp-container-core-columns-is-layout-9d6595d7 wp-block-columns-is-layout-flex\">\n<div class=\"wp-block-column is-layout-flow wp-block-column-is-layout-flow\">\n<figure class=\"wp-block-image size-full\"><a href=\"http:\/\/blog.saulaie.com\/wp-content\/uploads\/2022\/08\/amenager-son-bureau-3.jpg\"><img decoding=\"async\" width=\"550\" height=\"825\" src=\"http:\/\/blog.saulaie.com\/wp-content\/uploads\/2022\/08\/amenager-son-bureau-3.jpg\" alt=\"\" class=\"wp-image-6104\" srcset=\"https:\/\/www.saulaie.com\/blog\/wp-content\/uploads\/2022\/08\/amenager-son-bureau-3.jpg 550w, https:\/\/www.saulaie.com\/blog\/wp-content\/uploads\/2022\/08\/amenager-son-bureau-3-200x300.jpg 200w\" sizes=\"(max-width: 550px) 100vw, 550px\" \/><\/a><\/figure>\n<\/div>\n\n\n\n<div class=\"wp-block-column is-layout-flow wp-block-column-is-layout-flow\">\n<p>Si le passage au num\u00e9rique a r\u00e9duit le nombre de papiers et de fournitures de bureau, les dossiers n\u2019ont pas totalement disparu pour autant ! Or pour cr\u00e9er une ambiance sereine propice \u00e0 la concentration, il faut favoriser une <strong>d\u00e9coration de bureau <\/strong>\u00e9pur\u00e9e. Un bureau sur lequel s\u2019entassent des papiers et s\u2019amonc\u00e8lent des c\u00e2bles n\u2019invite pas \u00e0 travailler dans de bonnes conditions.<\/p>\n<\/div>\n<\/div>\n\n\n\n<div class=\"wp-block-columns is-layout-flex wp-container-core-columns-is-layout-9d6595d7 wp-block-columns-is-layout-flex\">\n<div class=\"wp-block-column is-layout-flow wp-block-column-is-layout-flow\">\n<p class=\"has-text-align-center\">Des&nbsp;<a href=\"https:\/\/www.saulaie.com\/fr\/10202-bibliotheque-etagere\">biblioth\u00e8ques<\/a>, \u00e9tag\u00e8res et casiers vous permettront de ranger facilement votre bureau et de le garder d\u00e9gag\u00e9. Pour une d\u00e9coration \u00e9l\u00e9gante, optez pour des meubles de rangement en bois de la m\u00eame couleur que votre bureau. Vous pouvez aussi utiliser ces rangements pour apporter une touche de couleur, sur la tranche des \u00e9tag\u00e8res, sur une porte de biblioth\u00e8que, en choisissant des casiers et coffres de rangement color\u00e9s. Le bois se marie avec toutes les couleurs. Attention cependant \u00e0 conserver une d\u00e9coration sobre. Un style trop pop ou psych\u00e9d\u00e9lique n\u2019est pas adapt\u00e9 \u00e0 un <strong>espace de travail<\/strong>.<\/p>\n<\/div>\n<\/div>\n\n\n\n<div class=\"wp-block-columns is-layout-flex wp-container-core-columns-is-layout-9d6595d7 wp-block-columns-is-layout-flex\">\n<div class=\"wp-block-column is-layout-flow wp-block-column-is-layout-flow\">\n<h2 class=\"has-text-align-center wp-block-heading\">OPTIMISER LA LUMINOSIT\u00c9<\/h2>\n<\/div>\n<\/div>\n\n\n\n<div class=\"wp-block-columns is-layout-flex wp-container-core-columns-is-layout-9d6595d7 wp-block-columns-is-layout-flex\">\n<div class=\"wp-block-column is-layout-flow wp-block-column-is-layout-flow\">\n<div class=\"wp-block-columns is-layout-flex wp-container-core-columns-is-layout-9d6595d7 wp-block-columns-is-layout-flex\">\n<div class=\"wp-block-column is-layout-flow wp-block-column-is-layout-flow\">\n<p>Id\u00e9alement, la pi\u00e8ce destin\u00e9e \u00e0 \u00eatre am\u00e9nag\u00e9e en bureau doit \u00eatre lumineuse. La lumi\u00e8re naturelle a des effets b\u00e9n\u00e9fiques sur le moral mais aussi sur le corps. Qu\u2019elle provienne d\u2019une fen\u00eatre, d\u2019une baie vitr\u00e9e, d\u2019un puits de lumi\u00e8re ou d\u2019une verri\u00e8re, elle participe au bien-\u00eatre.<\/p>\n\n\n\n<p>Vous devrez aussi installer des&nbsp;<a href=\"https:\/\/www.saulaie.com\/fr\/10115-luminaire\">luminaires<\/a>&nbsp;dans votre bureau pour vous permettre de travailler dans de bonnes conditions, surtout les jours de mauvais temps et le soir. L\u2019\u00e9clairage id\u00e9al dans un bureau se compose d\u2019un plafonnier ou d\u2019un lampadaire et d\u2019une <strong>lampe de bureau<\/strong>. Les luminaires participent \u00e0 cr\u00e9er le style de d\u00e9coration de votre bureau, classiques, modernes ou originaux, sobres ou color\u00e9s, il y en a pour tous les go\u00fbts.<\/p>\n<\/div>\n\n\n\n<div class=\"wp-block-column is-layout-flow wp-block-column-is-layout-flow\"><div class=\"wp-block-image\">\n<figure class=\"aligncenter size-full\"><a href=\"http:\/\/blog.saulaie.com\/wp-content\/uploads\/2022\/08\/amenager-son-bureau-4.jpg\" target=\"_blank\" rel=\"noreferrer noopener\"><img decoding=\"async\" width=\"550\" height=\"825\" src=\"http:\/\/blog.saulaie.com\/wp-content\/uploads\/2022\/08\/amenager-son-bureau-4.jpg\" alt=\"\" class=\"wp-image-6109\" srcset=\"https:\/\/www.saulaie.com\/blog\/wp-content\/uploads\/2022\/08\/amenager-son-bureau-4.jpg 550w, https:\/\/www.saulaie.com\/blog\/wp-content\/uploads\/2022\/08\/amenager-son-bureau-4-200x300.jpg 200w\" sizes=\"(max-width: 550px) 100vw, 550px\" \/><\/a><\/figure>\n<\/div><\/div>\n<\/div>\n<\/div>\n<\/div>\n\n\n\n<div class=\"wp-block-columns is-layout-flex wp-container-core-columns-is-layout-9d6595d7 wp-block-columns-is-layout-flex\">\n<div class=\"wp-block-column is-layout-flow wp-block-column-is-layout-flow\">\n<p class=\"has-text-align-center\">Petite astuce : si vous \u00eates droitier, placez la <strong>lampe de bureau<\/strong> \u00e0 gauche, et inversement si vous \u00eates gaucher. Le choix des ampoules est aussi important. Il faut privil\u00e9gier un \u00e9clairage naturel et chaud et \u00e9viter les lumi\u00e8res trop blanches.<\/p>\n<\/div>\n<\/div>\n\n\n\n<div class=\"wp-block-columns is-layout-flex wp-container-core-columns-is-layout-9d6595d7 wp-block-columns-is-layout-flex\">\n<div class=\"wp-block-column is-layout-flow wp-block-column-is-layout-flow\">\n<h2 class=\"wp-block-heading\">PERSONNALISER LA D\u00c9CORATION DE VOTRE BUREAU<\/h2>\n<\/div>\n\n\n\n<div class=\"wp-block-column is-layout-flow wp-block-column-is-layout-flow\">\n<p>Pour se sentir bien dans son bureau, rien de tel que d\u2019apporter une touche personnelle \u00e0 votre d\u00e9coration. Une plante verte est une source de bien-\u00eatre, augmente la productivit\u00e9 de 15 % et joue un r\u00f4le anti-pollution. Elle absorbe les odeurs chimiques et les ondes \u00e9mises par les ordinateurs et autres \u00e9quipements informatiques. N\u2019h\u00e9sitez pas non plus \u00e0 accrocher \u00e0 vos murs un <strong>tableau <\/strong>ou une affiche qui vous plait et \u00e0 placer sur votre bureau une photo qui vous tient \u00e0 c\u0153ur dans un joli cadre.<\/p>\n<\/div>\n<\/div>\n","protected":false},"excerpt":{"rendered":"<p>L\u2019am\u00e9nagement de l\u2019espace de travail a un impact significatif sur le bien-\u00eatre et la productivit\u00e9. L\u2019atmosph\u00e8re d\u00e9gag\u00e9e par un bureau doit favoriser la concentration, l\u2019inspiration et la cr\u00e9ativit\u00e9 pour permettre \u00e0 son occupant de travailler dans les meilleures conditions. Entre mobilier design et astuces d\u00e9co, d\u00e9couvrez comment am\u00e9nager le bureau id\u00e9al. COMMENCER L\u2019AM\u00c9NAGEMENT EN CHOISISSANT [&hellip;]<\/p>\n","protected":false},"author":11,"featured_media":6096,"comment_status":"open","ping_status":"open","sticky":false,"template":"","format":"standard","meta":{"_seopress_robots_primary_cat":"none","_seopress_titles_title":"","_seopress_titles_desc":"","_seopress_robots_index":"","_uag_custom_page_level_css":"","footnotes":""},"categories":[16],"tags":[],"class_list":{"0":"post-6093","1":"post","2":"type-post","3":"status-publish","4":"format-standard","5":"has-post-thumbnail","7":"category-tendances"},"uagb_featured_image_src":{"full":["https:\/\/www.saulaie.com\/blog\/wp-content\/uploads\/2022\/08\/amenager-son-bureau.jpg",1100,726,false],"thumbnail":["https:\/\/www.saulaie.com\/blog\/wp-content\/uploads\/2022\/08\/amenager-son-bureau-150x150.jpg",150,150,true],"medium":["https:\/\/www.saulaie.com\/blog\/wp-content\/uploads\/2022\/08\/amenager-son-bureau-300x198.jpg",300,198,true],"medium_large":["https:\/\/www.saulaie.com\/blog\/wp-content\/uploads\/2022\/08\/amenager-son-bureau-768x507.jpg",768,507,true],"large":["https:\/\/www.saulaie.com\/blog\/wp-content\/uploads\/2022\/08\/amenager-son-bureau-1024x676.jpg",800,528,true],"1536x1536":["https:\/\/www.saulaie.com\/blog\/wp-content\/uploads\/2022\/08\/amenager-son-bureau.jpg",1100,726,false],"2048x2048":["https:\/\/www.saulaie.com\/blog\/wp-content\/uploads\/2022\/08\/amenager-son-bureau.jpg",1100,726,false],"gform-image-choice-sm":["https:\/\/www.saulaie.com\/blog\/wp-content\/uploads\/2022\/08\/amenager-son-bureau.jpg",300,198,false],"gform-image-choice-md":["https:\/\/www.saulaie.com\/blog\/wp-content\/uploads\/2022\/08\/amenager-son-bureau.jpg",400,264,false],"gform-image-choice-lg":["https:\/\/www.saulaie.com\/blog\/wp-content\/uploads\/2022\/08\/amenager-son-bureau.jpg",600,396,false]},"uagb_author_info":{"display_name":"Elodie Rossignol","author_link":"https:\/\/www.saulaie.com\/blog\/author\/elodie\/"},"uagb_comment_info":0,"uagb_excerpt":"L\u2019am\u00e9nagement de l\u2019espace de travail a un impact significatif sur le bien-\u00eatre et la productivit\u00e9. L\u2019atmosph\u00e8re d\u00e9gag\u00e9e par un bureau doit favoriser la concentration, l\u2019inspiration et la cr\u00e9ativit\u00e9 pour permettre \u00e0 son occupant de travailler dans les meilleures conditions. Entre mobilier design et astuces d\u00e9co, d\u00e9couvrez comment am\u00e9nager le bureau id\u00e9al. COMMENCER L\u2019AM\u00c9NAGEMENT EN CHOISISSANT\u2026","_links":{"self":[{"href":"https:\/\/www.saulaie.com\/blog\/wp-json\/wp\/v2\/posts\/6093","targetHints":{"allow":["GET"]}}],"collection":[{"href":"https:\/\/www.saulaie.com\/blog\/wp-json\/wp\/v2\/posts"}],"about":[{"href":"https:\/\/www.saulaie.com\/blog\/wp-json\/wp\/v2\/types\/post"}],"author":[{"embeddable":true,"href":"https:\/\/www.saulaie.com\/blog\/wp-json\/wp\/v2\/users\/11"}],"replies":[{"embeddable":true,"href":"https:\/\/www.saulaie.com\/blog\/wp-json\/wp\/v2\/comments?post=6093"}],"version-history":[{"count":13,"href":"https:\/\/www.saulaie.com\/blog\/wp-json\/wp\/v2\/posts\/6093\/revisions"}],"predecessor-version":[{"id":7419,"href":"https:\/\/www.saulaie.com\/blog\/wp-json\/wp\/v2\/posts\/6093\/revisions\/7419"}],"wp:featuredmedia":[{"embeddable":true,"href":"https:\/\/www.saulaie.com\/blog\/wp-json\/wp\/v2\/media\/6096"}],"wp:attachment":[{"href":"https:\/\/www.saulaie.com\/blog\/wp-json\/wp\/v2\/media?parent=6093"}],"wp:term":[{"taxonomy":"category","embeddable":true,"href":"https:\/\/www.saulaie.com\/blog\/wp-json\/wp\/v2\/categories?post=6093"},{"taxonomy":"post_tag","embeddable":true,"href":"https:\/\/www.saulaie.com\/blog\/wp-json\/wp\/v2\/tags?post=6093"}],"curies":[{"name":"wp","href":"https:\/\/api.w.org\/{rel}","templated":true}]}}