{"id":5669,"date":"2020-12-09T14:09:00","date_gmt":"2020-12-09T13:09:00","guid":{"rendered":"http:\/\/blog.saulaie.com\/?p=5669"},"modified":"2023-06-09T09:59:01","modified_gmt":"2023-06-09T08:59:01","slug":"tables-de-noel-le-savoir-faire-francais-2","status":"publish","type":"post","link":"https:\/\/www.saulaie.com\/blog\/tables-de-noel-le-savoir-faire-francais-2\/","title":{"rendered":"Tables de f\u00eate : le savoir-faire fran\u00e7ais"},"content":{"rendered":"\n<div class=\"wp-block-columns is-layout-flex wp-container-core-columns-is-layout-9d6595d7 wp-block-columns-is-layout-flex\">\n<div class=\"wp-block-column is-layout-flow wp-block-column-is-layout-flow\"><\/div>\n\n\n\n<div class=\"wp-block-column is-layout-flow wp-block-column-is-layout-flow\">\n<p class=\"has-text-align-center\">Et si pour No\u00ebl, vous mettiez le&nbsp;savoir-faire fran\u00e7ais&nbsp;\u00e0 l\u2019honneur sur votre table&nbsp;? <br>La formule \u00ab&nbsp;Achetez local&nbsp;! \u00bb est partout&nbsp;: dans les m\u00e9dias, sur les r\u00e9seaux sociaux, dans les vitrines des artisans de nos r\u00e9gions\u2026 <\/p>\n<\/div>\n\n\n\n<div class=\"wp-block-column is-layout-flow wp-block-column-is-layout-flow\"><\/div>\n<\/div>\n\n\n\n<div class=\"wp-block-columns is-layout-flex wp-container-core-columns-is-layout-9d6595d7 wp-block-columns-is-layout-flex\">\n<div class=\"wp-block-column is-layout-flow wp-block-column-is-layout-flow\"><div class=\"wp-block-image\">\n<figure class=\"aligncenter size-large\"><a href=\"http:\/\/blog.saulaie.com\/wp-content\/uploads\/2022\/08\/table-noel2.jpg\"><img fetchpriority=\"high\" decoding=\"async\" width=\"1024\" height=\"512\" src=\"http:\/\/blog.saulaie.com\/wp-content\/uploads\/2022\/08\/table-noel2-1024x512.jpg\" alt=\"\" class=\"wp-image-5688\" srcset=\"https:\/\/www.saulaie.com\/blog\/wp-content\/uploads\/2022\/08\/table-noel2-1024x512.jpg 1024w, https:\/\/www.saulaie.com\/blog\/wp-content\/uploads\/2022\/08\/table-noel2-300x150.jpg 300w, https:\/\/www.saulaie.com\/blog\/wp-content\/uploads\/2022\/08\/table-noel2-768x384.jpg 768w, https:\/\/www.saulaie.com\/blog\/wp-content\/uploads\/2022\/08\/table-noel2-705x353.jpg 705w, https:\/\/www.saulaie.com\/blog\/wp-content\/uploads\/2022\/08\/table-noel2.jpg 1100w\" sizes=\"(max-width: 1024px) 100vw, 1024px\" \/><\/a><\/figure>\n<\/div><\/div>\n<\/div>\n\n\n\n<div class=\"wp-block-columns is-layout-flex wp-container-core-columns-is-layout-9d6595d7 wp-block-columns-is-layout-flex\">\n<div class=\"wp-block-column is-layout-flow wp-block-column-is-layout-flow\">\n<p class=\"has-text-align-center\">Soutenez l\u2019artisanat fran\u00e7ais&nbsp;et profitez de produits de grande qualit\u00e9, \u00e0 placer d\u2019abord sur votre <a href=\"https:\/\/www.saulaie.com\/fr\/arts-de-la-table\" target=\"_blank\" rel=\"noreferrer noopener\">table<\/a> mais aussi au pied de votre sapin.<br>La Maison Saulaie vous propose des&nbsp;meubles 100 % fran\u00e7ais, ainsi que tout ce qu\u2019il faut pour dresser et d\u00e9corer votre table pour les f\u00eates de cette fin d\u2019ann\u00e9e.<\/p>\n<\/div>\n<\/div>\n\n\n\n<div class=\"wp-block-columns is-layout-flex wp-container-core-columns-is-layout-9d6595d7 wp-block-columns-is-layout-flex\">\n<div class=\"wp-block-column is-layout-flow wp-block-column-is-layout-flow\">\n<h2 class=\"has-text-align-center wp-block-heading\">LA PORCELAINE DE LIMOGES POUR SUBLIMER VOTRE TABLE<\/h2>\n<\/div>\n<\/div>\n\n\n\n<div class=\"wp-block-columns is-layout-flex wp-container-core-columns-is-layout-9d6595d7 wp-block-columns-is-layout-flex\">\n<div class=\"wp-block-column is-layout-flow wp-block-column-is-layout-flow\">\n<p class=\"has-text-align-center\">Dresser une jolie table pour le repas de No\u00ebl, c\u2019est avant tout choisir et assembler de belles pi\u00e8ces de vaisselle. Puisque la&nbsp;porcelaine de Limoges&nbsp;est mondialement connue et reconnue, il serait dommage de ne pas l\u2019inviter sur notre table en ces f\u00eates de fin d\u2019ann\u00e9e.<br>Vous recherchez des assiettes blanches et dor\u00e9es pour No\u00ebl&nbsp;? La Maison Saulaie vous propose de la&nbsp;vaisselle en porcelaine de Limoges, pens\u00e9e, dessin\u00e9e et fabriqu\u00e9e dans les ateliers des plus grandes manufactures de porcelaine de la ville.<\/p>\n\n\n\n<p class=\"has-text-align-center\"><\/p>\n<\/div>\n<\/div>\n\n\n\n<div class=\"wp-block-columns is-layout-flex wp-container-core-columns-is-layout-9d6595d7 wp-block-columns-is-layout-flex\">\n<div class=\"wp-block-column is-layout-flow wp-block-column-is-layout-flow\">\n<p class=\"has-text-align-center\">Votre&nbsp;table de No\u00ebl&nbsp;devient un v\u00e9ritable \u00e9crin, \u00e0 la fois somptueuse et accueillante. D\u00e9couvrez la gamme porcelaine \u00ab&nbsp;Or Brillant&nbsp;\u00bb ou sa cousine plus originale \u00ab&nbsp;Nymph\u00e9a&nbsp;\u00bb et ses contours floraux. Gr\u00e2ce \u00e0 leurs filets dor\u00e9s, ces deux collections de <a href=\"https:\/\/www.saulaie.com\/fr\/10216-vaisselle\" target=\"_blank\" rel=\"noreferrer noopener\">vaisselle<\/a> attirent les regards, subliment les plats et apportent de la brillance \u00e0 votre table de f\u00eate.<\/p>\n\n\n\n<p class=\"has-text-align-center\">Service de porcelaine avec des motifs, avec un liser\u00e9 vert sapin ou enti\u00e8rement blanc, il vous suffit d\u2019inscrire le mot \u00ab&nbsp;Limoges&nbsp;\u00bb dans notre barre de recherche pour d\u00e9couvrir un grand choix<br>d\u2019assiettes en porcelaine made in France.<\/p>\n<\/div>\n\n\n\n<div class=\"wp-block-column is-layout-flow wp-block-column-is-layout-flow\"><div class=\"wp-block-image\">\n<figure class=\"aligncenter size-full\"><a href=\"http:\/\/blog.saulaie.com\/wp-content\/uploads\/2022\/08\/table-noel3.jpg\"><img decoding=\"async\" width=\"550\" height=\"560\" src=\"http:\/\/blog.saulaie.com\/wp-content\/uploads\/2022\/08\/table-noel3.jpg\" alt=\"\" class=\"wp-image-5691\" srcset=\"https:\/\/www.saulaie.com\/blog\/wp-content\/uploads\/2022\/08\/table-noel3.jpg 550w, https:\/\/www.saulaie.com\/blog\/wp-content\/uploads\/2022\/08\/table-noel3-295x300.jpg 295w\" sizes=\"(max-width: 550px) 100vw, 550px\" \/><\/a><\/figure>\n<\/div><\/div>\n<\/div>\n\n\n\n<div class=\"wp-block-columns is-layout-flex wp-container-core-columns-is-layout-9d6595d7 wp-block-columns-is-layout-flex\">\n<div class=\"wp-block-column is-layout-flow wp-block-column-is-layout-flow\">\n<h2 class=\"has-text-align-center wp-block-heading\">PRESTIGE D&rsquo;UN SERVICE EN CRISTAL DE S\u00c8VRES<\/h2>\n<\/div>\n<\/div>\n\n\n\n<div class=\"wp-block-columns is-layout-flex wp-container-core-columns-is-layout-9d6595d7 wp-block-columns-is-layout-flex\">\n<div class=\"wp-block-column is-layout-flow wp-block-column-is-layout-flow\">\n<p class=\"has-text-align-center\">Continuez d\u2019illuminer votre&nbsp;table de No\u00ebl&nbsp;de mille reflets gr\u00e2ce au cristal de S\u00e8vres.<\/p>\n\n\n\n<p class=\"has-text-align-center\">Nous vous proposons une large gamme de produits d\u2019art de la table en&nbsp;cristal de S\u00e8vres, r\u00e9alis\u00e9s en France. Verres \u00e0 pied en cristal, carafe \u00e0 eau, carafe \u00e0 vin, carafe \u00e0 d\u00e9canter en cristal, service \u00e0 Whisky, fl\u00fbtes \u00e0 champagne\u2026 toutes ces pi\u00e8ces en cristal d\u2019une grande \u00e9l\u00e9gance jouissent d\u2019un incroyable \u00e9clat.<\/p>\n\n\n\n<p class=\"has-text-align-center\">Fond\u00e9e en 1750, la Verrerie et cristallerie de S\u00e8vres n\u2019a jamais cess\u00e9 de cr\u00e9er, pour s\u2019adapter aux modes et rester pr\u00e9sente sur nos tables de f\u00eates. L\u2019Art de vivre \u00e0 la fran\u00e7aise passe en effet par le cristal et les pi\u00e8ces de&nbsp;vaisselle de luxe&nbsp;que l\u2019on peut d\u00e9cliner. Choisissez la forme et le design de votre verre en cristal pr\u00e9f\u00e9r\u00e9, et retrouvez-le dans diff\u00e9rents formats&nbsp;: verre \u00e0 vin blanc, verre \u00e0 vin rouge, verre \u00e0 eau, fl\u00fbte \u00e0 champagne, et m\u00eame carafe \u00e0 eau et carafe \u00e0 vin.<\/p>\n<\/div>\n<\/div>\n\n\n\n<div class=\"wp-block-columns is-layout-flex wp-container-core-columns-is-layout-9d6595d7 wp-block-columns-is-layout-flex\">\n<div class=\"wp-block-column is-layout-flow wp-block-column-is-layout-flow\">\n<h2 class=\"has-text-align-center wp-block-heading\">DES OBJETS EN BRONZE POUR D\u00c9CORER VOTRE TABLE DE F\u00caTE<\/h2>\n<\/div>\n<\/div>\n\n\n\n<div class=\"wp-block-columns is-layout-flex wp-container-core-columns-is-layout-9d6595d7 wp-block-columns-is-layout-flex\">\n<div class=\"wp-block-column is-layout-flow wp-block-column-is-layout-flow\"><div class=\"wp-block-image\">\n<figure class=\"aligncenter size-full\"><a href=\"http:\/\/blog.saulaie.com\/wp-content\/uploads\/2022\/08\/table-noel4.jpg\"><img decoding=\"async\" width=\"550\" height=\"369\" src=\"http:\/\/blog.saulaie.com\/wp-content\/uploads\/2022\/08\/table-noel4.jpg\" alt=\"\" class=\"wp-image-5692\" srcset=\"https:\/\/www.saulaie.com\/blog\/wp-content\/uploads\/2022\/08\/table-noel4.jpg 550w, https:\/\/www.saulaie.com\/blog\/wp-content\/uploads\/2022\/08\/table-noel4-300x201.jpg 300w\" sizes=\"(max-width: 550px) 100vw, 550px\" \/><\/a><\/figure>\n<\/div><\/div>\n\n\n\n<div class=\"wp-block-column is-layout-flow wp-block-column-is-layout-flow\">\n<p class=\"has-text-align-left\">Porte-couteau en bronze,<strong>&nbsp;<\/strong>bouchon de bouteilles original, Il existe tant d\u2019objets faits en France pour d\u00e9corer subtilement votre table.Pr\u00e9parer une&nbsp;belle table de f\u00eate, c\u2019est en effet penser \u00e0 toutes les petites touches d\u00e9co qui feront de ce repas un moment exceptionnel. La Maison Saulaie vous propose d\u2019apporter une note d\u2019originalit\u00e9 et de f\u00e9\u00e9rie \u00e0 votre table de no\u00ebl avec des&nbsp;<a href=\"https:\/\/www.saulaie.com\/fr\/objets-decoratifs\" target=\"_blank\" rel=\"noreferrer noopener\">objets en bronze<\/a>.<\/p>\n\n\n\n<p class=\"has-text-align-left\">Notre duo de dessous de bouteille en bronze \u00ab&nbsp;<em>Bois de brocard<\/em>&nbsp;\u00bb peuvent accueillir des bougies ou des bouteilles de votre meilleur vin. Ils sont r\u00e9alis\u00e9s \u00e0 la main par un artisan fran\u00e7ais&nbsp;: des objets originaux mais surtout uniques&nbsp;! <\/p>\n<\/div>\n<\/div>\n\n\n\n<div class=\"wp-block-columns is-layout-flex wp-container-core-columns-is-layout-9d6595d7 wp-block-columns-is-layout-flex\">\n<div class=\"wp-block-column is-layout-flow wp-block-column-is-layout-flow\">\n<p class=\"has-text-align-center\">Les dessous de bouteille en bronze peuvent \u00eatre assortis aux&nbsp;porte-couteaux dor\u00e9s&nbsp;du m\u00eame nom, disponibles avec une patine argent pour ceux qui pr\u00e9f\u00e8rent les tons froids.<\/p>\n\n\n\n<p class=\"has-text-align-center\">Au centre de votre&nbsp;table de No\u00ebl,&nbsp;la sali\u00e8re et la poivri\u00e8re \u00ab&nbsp;<em>Cerf<\/em>&nbsp;\u00bb en m\u00e9tal effet bronze auront des allures de rennes de P\u00e8re No\u00ebl&nbsp;!<\/p>\n\n\n\n<p class=\"has-text-align-center\">Vous comptez dresser une jolie table dans les tons argent et blanc&nbsp;? La Maison Saulaie vous propose des&nbsp;porte-couteaux&nbsp;argent\u00e9s en \u00e9tain naturel repr\u00e9sentant six&nbsp;petits teckels, chacun dans une position diff\u00e9rente. Ils sont eux aussi faits en France et prendront place avec \u00e9l\u00e9gance sur toutes les tables de f\u00eate.<\/p>\n<\/div>\n<\/div>\n\n\n\n<div class=\"wp-block-columns is-layout-flex wp-container-core-columns-is-layout-9d6595d7 wp-block-columns-is-layout-flex\">\n<div class=\"wp-block-column is-layout-flow wp-block-column-is-layout-flow\">\n<h2 class=\"has-text-align-center wp-block-heading\">DES COUVERTS \u00c9L\u00c9GANTS POUR FAIRE TOUTE LA DIFF\u00c9RENCE<\/h2>\n<\/div>\n<\/div>\n\n\n\n<p class=\"has-text-align-center\">Au carrefour du raffinement et de la gastronomie se trouvent in\u00e9vitablement les couverts. La Maison Saulaie a choisi de vous proposer sa collection Trianon&nbsp;: des couverts fabriqu\u00e9s dans la pure tradition des&nbsp;coutelleries de Thiers. Choisissez le design et les couleurs de vos couteaux, fourchettes, cuill\u00e8res, pelles \u00e0 tarte et louches, pour cr\u00e9er votre m\u00e9nag\u00e8re id\u00e9ale made in France.<\/p>\n\n\n\n<p class=\"has-text-align-center\">Cette collection<a href=\"https:\/\/www.saulaie.com\/fr\/334-couvert\" target=\"_blank\" rel=\"noreferrer noopener\"><em>&nbsp;Trianon<\/em><\/a>&nbsp;propose aussi plusieurs sortes de couteaux grav\u00e9s de la mention \u00ab&nbsp;Saulaie&nbsp;\u00bb. La lame en acier inoxydable recourb\u00e9e et \u00e0 double pointe des couteaux \u00e0 fromage, permet par exemple de couper le fromage et de le servir avec \u00e9l\u00e9gance. Les couverts sont disponibles en noir, gris, lin ou ivoire, avec mitres et corbins chrom\u00e9s.<\/p>\n\n\n\n<div class=\"wp-block-columns is-layout-flex wp-container-core-columns-is-layout-9d6595d7 wp-block-columns-is-layout-flex\">\n<div class=\"wp-block-column is-layout-flow wp-block-column-is-layout-flow\">\n<p class=\"has-text-align-center\">D\u00e9corez aussi votre table de No\u00ebl avec des&nbsp;couverts<strong>&nbsp;<\/strong>de la&nbsp;marque Ercuis. Depuis 1867, la marque Ercuis propose des couverts et des accessoires de table d\u2019exception, v\u00e9ritables pi\u00e8ces d\u2019orf\u00e8vrerie.<\/p>\n\n\n\n<p class=\"has-text-align-center\">La Maison Saulaie vous pr\u00e9sente plusieurs mod\u00e8les de couverts classiques en m\u00e9tal argent\u00e9. Ils comportent une charge minimum d\u2019argent de 63\u00b5 d\u2019\u00e9paisseur pour vous assurer brillance et qualit\u00e9 durable. D\u00e9couvrez \u00e9galement dans notre catalogue des coffrets de&nbsp;couteaux Laguiole,&nbsp;symboles d\u2019authenticit\u00e9 et de tradition fran\u00e7aise.<\/p>\n<\/div>\n\n\n\n<div class=\"wp-block-column is-layout-flow wp-block-column-is-layout-flow\"><div class=\"wp-block-image\">\n<figure class=\"aligncenter size-full\"><a href=\"http:\/\/blog.saulaie.com\/wp-content\/uploads\/2022\/08\/table-noel5.jpg\"><img loading=\"lazy\" decoding=\"async\" width=\"550\" height=\"369\" src=\"http:\/\/blog.saulaie.com\/wp-content\/uploads\/2022\/08\/table-noel5.jpg\" alt=\"\" class=\"wp-image-5698\" srcset=\"https:\/\/www.saulaie.com\/blog\/wp-content\/uploads\/2022\/08\/table-noel5.jpg 550w, https:\/\/www.saulaie.com\/blog\/wp-content\/uploads\/2022\/08\/table-noel5-300x201.jpg 300w\" sizes=\"(max-width: 550px) 100vw, 550px\" \/><\/a><\/figure>\n<\/div><\/div>\n<\/div>\n\n\n\n<div class=\"wp-block-columns is-layout-flex wp-container-core-columns-is-layout-9d6595d7 wp-block-columns-is-layout-flex\">\n<div class=\"wp-block-column is-layout-flow wp-block-column-is-layout-flow\">\n<h2 class=\"wp-block-heading\">LE LINGE DE TABLE HAUT DE GAMME PAR LE JACQUARD FRAN\u00c7AIS<\/h2>\n<\/div>\n\n\n\n<div class=\"wp-block-column is-layout-flow wp-block-column-is-layout-flow\">\n<p>Vous recherchez une nappe, des serviettes ou un chemin de table de qualit\u00e9, produits en France&nbsp;? La maison Le Jacquard Fran\u00e7ais dessine et fabrique depuis 1888 des&nbsp;<strong>collections de linge de maison<\/strong>&nbsp;pour la table, la cuisine et le bain. La marque mise sur des graphismes intemporels et des alliances de couleurs qui conviennent \u00e0 tous les int\u00e9rieurs.<\/p>\n<\/div>\n<\/div>\n\n\n\n<p class=\"has-text-align-center\">La Maison Saulaie a s\u00e9lectionn\u00e9 les plus belles nappes de la marque, subtilement monochromes ou par\u00e9es de motifs po\u00e9tiques. Pour une&nbsp;table de No\u00ebl \u00e9l\u00e9gante&nbsp;et tout en nuances de rouge, optez pour la nappe&nbsp;<em>Anneaux orange<\/em>&nbsp;carr\u00e9e.<\/p>\n\n\n\n<p class=\"has-text-align-center\">Vous recherchez une nappe en coton originale pour un repas de f\u00eate dans les tons verts et blancs\u00a0? Invitez la nature \u00e0 votre table avec la nappe\u00a0<em>Bagatelle verte<\/em>. Il ne vous reste plus qu\u2019\u00e0 dresser votre table, en y ajoutant des <a href=\"https:\/\/www.saulaie.com\/blog\/2019\/02\/19\/argenterie-redecouvrez-lelegance-et-les-fastes-dantan\/\" data-type=\"post\" data-id=\"5498\">touches argent\u00e9es<\/a>.<\/p>\n\n\n\n<h2 class=\"has-text-align-center wp-block-heading\">MADE IN FRANCE\u2026?<\/h2>\n\n\n\n<p class=\"has-text-align-center\">Pour vous aider \u00e0 mieux identifier les&nbsp;produits <a href=\"https:\/\/www.saulaie.com\/blog\/2018\/11\/27\/meubles-en-bois-made-in-france\/\" data-type=\"post\" data-id=\"1999\">made in France<\/a>, La Maison Saulaie a appos\u00e9 un petit drapeau au haut \u00e0 gauche de chaque image de pr\u00e9sentation de ses produits fran\u00e7ais. Le drapeau est \u00e9galement situ\u00e9 en bas \u00e0 droite de chaque fiche produit, une fois que vous acc\u00e9dez \u00e0 sa description d\u00e9taill\u00e9e.<\/p>\n\n\n\n<p class=\"has-text-align-center\">Un petit drapeau europ\u00e9en vous garantit, quant \u00e0 lui, une&nbsp;fabrication europ\u00e9enne.<\/p>\n","protected":false},"excerpt":{"rendered":"<p>Et si pour No\u00ebl, vous mettiez le&nbsp;savoir-faire fran\u00e7ais&nbsp;\u00e0 l\u2019honneur sur votre table&nbsp;? La formule \u00ab&nbsp;Achetez local&nbsp;! \u00bb est partout&nbsp;: dans les m\u00e9dias, sur les r\u00e9seaux sociaux, dans les vitrines des artisans de nos r\u00e9gions\u2026 Soutenez l\u2019artisanat fran\u00e7ais&nbsp;et profitez de produits de grande qualit\u00e9, \u00e0 placer d\u2019abord sur votre table mais aussi au pied de votre [&hellip;]<\/p>\n","protected":false},"author":11,"featured_media":5686,"comment_status":"open","ping_status":"open","sticky":false,"template":"","format":"standard","meta":{"_seopress_robots_primary_cat":"16","_seopress_titles_title":"","_seopress_titles_desc":"","_seopress_robots_index":"","_uag_custom_page_level_css":"","footnotes":""},"categories":[17,16],"tags":[],"class_list":{"0":"post-5669","1":"post","2":"type-post","3":"status-publish","4":"format-standard","5":"has-post-thumbnail","7":"category-philosophie","8":"category-tendances"},"uagb_featured_image_src":{"full":["https:\/\/www.saulaie.com\/blog\/wp-content\/uploads\/2022\/08\/table-noel.jpg",1100,726,false],"thumbnail":["https:\/\/www.saulaie.com\/blog\/wp-content\/uploads\/2022\/08\/table-noel-150x150.jpg",150,150,true],"medium":["https:\/\/www.saulaie.com\/blog\/wp-content\/uploads\/2022\/08\/table-noel-300x198.jpg",300,198,true],"medium_large":["https:\/\/www.saulaie.com\/blog\/wp-content\/uploads\/2022\/08\/table-noel-768x507.jpg",768,507,true],"large":["https:\/\/www.saulaie.com\/blog\/wp-content\/uploads\/2022\/08\/table-noel-1024x676.jpg",800,528,true],"1536x1536":["https:\/\/www.saulaie.com\/blog\/wp-content\/uploads\/2022\/08\/table-noel.jpg",1100,726,false],"2048x2048":["https:\/\/www.saulaie.com\/blog\/wp-content\/uploads\/2022\/08\/table-noel.jpg",1100,726,false],"gform-image-choice-sm":["https:\/\/www.saulaie.com\/blog\/wp-content\/uploads\/2022\/08\/table-noel.jpg",300,198,false],"gform-image-choice-md":["https:\/\/www.saulaie.com\/blog\/wp-content\/uploads\/2022\/08\/table-noel.jpg",400,264,false],"gform-image-choice-lg":["https:\/\/www.saulaie.com\/blog\/wp-content\/uploads\/2022\/08\/table-noel.jpg",600,396,false]},"uagb_author_info":{"display_name":"Elodie Rossignol","author_link":"https:\/\/www.saulaie.com\/blog\/author\/elodie\/"},"uagb_comment_info":1,"uagb_excerpt":"Et si pour No\u00ebl, vous mettiez le&nbsp;savoir-faire fran\u00e7ais&nbsp;\u00e0 l\u2019honneur sur votre table&nbsp;? La formule \u00ab&nbsp;Achetez local&nbsp;! \u00bb est partout&nbsp;: dans les m\u00e9dias, sur les r\u00e9seaux sociaux, dans les vitrines des artisans de nos r\u00e9gions\u2026 Soutenez l\u2019artisanat fran\u00e7ais&nbsp;et profitez de produits de grande qualit\u00e9, \u00e0 placer d\u2019abord sur votre table mais aussi au pied de votre\u2026","_links":{"self":[{"href":"https:\/\/www.saulaie.com\/blog\/wp-json\/wp\/v2\/posts\/5669","targetHints":{"allow":["GET"]}}],"collection":[{"href":"https:\/\/www.saulaie.com\/blog\/wp-json\/wp\/v2\/posts"}],"about":[{"href":"https:\/\/www.saulaie.com\/blog\/wp-json\/wp\/v2\/types\/post"}],"author":[{"embeddable":true,"href":"https:\/\/www.saulaie.com\/blog\/wp-json\/wp\/v2\/users\/11"}],"replies":[{"embeddable":true,"href":"https:\/\/www.saulaie.com\/blog\/wp-json\/wp\/v2\/comments?post=5669"}],"version-history":[{"count":11,"href":"https:\/\/www.saulaie.com\/blog\/wp-json\/wp\/v2\/posts\/5669\/revisions"}],"predecessor-version":[{"id":7617,"href":"https:\/\/www.saulaie.com\/blog\/wp-json\/wp\/v2\/posts\/5669\/revisions\/7617"}],"wp:featuredmedia":[{"embeddable":true,"href":"https:\/\/www.saulaie.com\/blog\/wp-json\/wp\/v2\/media\/5686"}],"wp:attachment":[{"href":"https:\/\/www.saulaie.com\/blog\/wp-json\/wp\/v2\/media?parent=5669"}],"wp:term":[{"taxonomy":"category","embeddable":true,"href":"https:\/\/www.saulaie.com\/blog\/wp-json\/wp\/v2\/categories?post=5669"},{"taxonomy":"post_tag","embeddable":true,"href":"https:\/\/www.saulaie.com\/blog\/wp-json\/wp\/v2\/tags?post=5669"}],"curies":[{"name":"wp","href":"https:\/\/api.w.org\/{rel}","templated":true}]}}