{"id":5481,"date":"2022-04-08T16:52:00","date_gmt":"2022-04-08T15:52:00","guid":{"rendered":"http:\/\/blog.saulaie.com\/?p=5481"},"modified":"2022-09-30T14:46:12","modified_gmt":"2022-09-30T13:46:12","slug":"choisir-le-bon-canape-pour-son-salon","status":"publish","type":"post","link":"https:\/\/www.saulaie.com\/blog\/choisir-le-bon-canape-pour-son-salon\/","title":{"rendered":"Choisir le bon canap\u00e9 pour son salon"},"content":{"rendered":"\n<div class=\"wp-block-columns is-layout-flex wp-container-core-columns-is-layout-9d6595d7 wp-block-columns-is-layout-flex\">\n<div class=\"wp-block-column is-layout-flow wp-block-column-is-layout-flow\"><\/div>\n\n\n\n<div class=\"wp-block-column is-layout-flow wp-block-column-is-layout-flow\">\n<div class=\"wp-block-group\"><div class=\"wp-block-group__inner-container is-layout-flow wp-block-group-is-layout-flow\">\n<p class=\"has-text-align-center\">Le\u00a0<strong>canap\u00e9<\/strong>\u00a0est l\u2019un des meubles phares du salon. En plus de donner le ton \u00e0 la d\u00e9coration de la pi\u00e8ce, c\u2019est une assise pratique et confortable autour de laquelle toute la famille gravite.<\/p>\n<\/div><\/div>\n<\/div>\n\n\n\n<div class=\"wp-block-column is-layout-flow wp-block-column-is-layout-flow\"><\/div>\n<\/div>\n\n\n\n<div class=\"wp-block-columns is-layout-flex wp-container-core-columns-is-layout-9d6595d7 wp-block-columns-is-layout-flex\">\n<div class=\"wp-block-column is-layout-flow wp-block-column-is-layout-flow\"><div class=\"wp-block-image\">\n<figure class=\"aligncenter size-large\"><a href=\"http:\/\/blog.saulaie.com\/wp-content\/uploads\/2022\/08\/canape-bon-salon.jpg\"><img fetchpriority=\"high\" decoding=\"async\" width=\"1024\" height=\"408\" src=\"http:\/\/blog.saulaie.com\/wp-content\/uploads\/2022\/08\/canape-bon-salon-1024x408.jpg\" alt=\"\" class=\"wp-image-6600\" srcset=\"https:\/\/www.saulaie.com\/blog\/wp-content\/uploads\/2022\/08\/canape-bon-salon-1024x408.jpg 1024w, https:\/\/www.saulaie.com\/blog\/wp-content\/uploads\/2022\/08\/canape-bon-salon-300x119.jpg 300w, https:\/\/www.saulaie.com\/blog\/wp-content\/uploads\/2022\/08\/canape-bon-salon-768x306.jpg 768w, https:\/\/www.saulaie.com\/blog\/wp-content\/uploads\/2022\/08\/canape-bon-salon-705x281.jpg 705w, https:\/\/www.saulaie.com\/blog\/wp-content\/uploads\/2022\/08\/canape-bon-salon.jpg 1130w\" sizes=\"(max-width: 1024px) 100vw, 1024px\" \/><\/a><\/figure>\n<\/div><\/div>\n<\/div>\n\n\n\n<div class=\"wp-block-columns is-layout-flex wp-container-core-columns-is-layout-9d6595d7 wp-block-columns-is-layout-flex\">\n<div class=\"wp-block-column is-layout-flow wp-block-column-is-layout-flow\">\n<p class=\"has-text-align-center\">Propice pour un moment de partage ou de d\u00e9tente, le canap\u00e9 peut \u00e9galement s\u2019av\u00e9rer tr\u00e8s utile en tant que couchage d\u2019appoint. De la dimension \u00e0 la forme en passant par le style et le rev\u00eatement, d\u00e9couvrez les pr\u00e9-requis pour un canap\u00e9 adapt\u00e9 \u00e0 votre pi\u00e8ce.<\/p>\n<\/div>\n<\/div>\n\n\n\n<div class=\"wp-block-columns is-layout-flex wp-container-core-columns-is-layout-9d6595d7 wp-block-columns-is-layout-flex\">\n<div class=\"wp-block-column is-layout-flow wp-block-column-is-layout-flow\">\n<h2 class=\"wp-block-heading\">PRENDRE QUELQUES MESURES DANS LA MAISON POUR D\u00c9FINIR  LA FORME ADAPT\u00c9E<\/h2>\n<\/div>\n\n\n\n<div class=\"wp-block-column is-layout-flow wp-block-column-is-layout-flow\">\n<p>Avant toute chose, il est n\u00e9cessaire de prendre les mesures de votre salon, surtout si celui-ci est modeste, afin de d\u00e9terminer la place id\u00e9ale pour accueillir votre&nbsp;<a href=\"https:\/\/www.saulaie.com\/fr\/10400-canape\" target=\"_blank\" rel=\"noreferrer noopener\"><u>canap\u00e9<\/u><\/a>. En plus de d\u00e9finir l\u2019espace r\u00e9serv\u00e9 \u00e0 votre&nbsp;<strong>canap\u00e9<\/strong>, mesurer votre pi\u00e8ce vous permettra de d\u00e9terminer la forme de canap\u00e9 \u00e0 privil\u00e9gier.<\/p>\n<\/div>\n<\/div>\n\n\n\n<div class=\"wp-block-columns is-layout-flex wp-container-core-columns-is-layout-9d6595d7 wp-block-columns-is-layout-flex\">\n<div class=\"wp-block-column is-layout-flow wp-block-column-is-layout-flow\">\n<p>Dans une pi\u00e8ce \u00e9troite, il est d\u00e9conseill\u00e9 de choisir un <strong>canap\u00e9 d\u2019angle <\/strong>qui constitue g\u00e9n\u00e9ralement une assise particuli\u00e8rement volumineuse. Cela risque de contraindre la circulation dans la pi\u00e8ce. Optez plut\u00f4t pour un canap\u00e9 droit \u00e9pur\u00e9 qui all\u00e8gera l\u2019espace. <\/p>\n<\/div>\n\n\n\n<div class=\"wp-block-column is-layout-flow wp-block-column-is-layout-flow\">\n<p>Mesurer votre pi\u00e8ce vous permettra aussi de d\u00e9terminer si cette derni\u00e8re peut accueillir un&nbsp;<a href=\"https:\/\/www.saulaie.com\/fr\/10444-canape-club-2-places\" target=\"_blank\" rel=\"noreferrer noopener\">canap\u00e9 2 places<\/a>, 3 places ou m\u00eame un <strong>canap\u00e9 convertible<\/strong> selon l\u2019usage que vous comptez lui conf\u00e9rer.<\/p>\n<\/div>\n<\/div>\n\n\n<div class=\"wp-block-image\">\n<figure class=\"aligncenter size-large\"><a href=\"http:\/\/blog.saulaie.com\/wp-content\/uploads\/2022\/07\/canape-middletown.jpg\"><img decoding=\"async\" width=\"1024\" height=\"512\" src=\"http:\/\/blog.saulaie.com\/wp-content\/uploads\/2022\/07\/canape-middletown-1024x512.jpg\" alt=\"\" class=\"wp-image-5484\" srcset=\"https:\/\/www.saulaie.com\/blog\/wp-content\/uploads\/2022\/07\/canape-middletown-1024x512.jpg 1024w, https:\/\/www.saulaie.com\/blog\/wp-content\/uploads\/2022\/07\/canape-middletown-300x150.jpg 300w, https:\/\/www.saulaie.com\/blog\/wp-content\/uploads\/2022\/07\/canape-middletown-768x384.jpg 768w, https:\/\/www.saulaie.com\/blog\/wp-content\/uploads\/2022\/07\/canape-middletown-705x353.jpg 705w, https:\/\/www.saulaie.com\/blog\/wp-content\/uploads\/2022\/07\/canape-middletown.jpg 1100w\" sizes=\"(max-width: 1024px) 100vw, 1024px\" \/><\/a><\/figure>\n<\/div>\n\n\n<p class=\"has-text-align-center\">Attention, n\u2019oubliez pas de prendre les mesures de votre entr\u00e9e et de la cage d\u2019escalier si vous habitez un immeuble, pour vous assurer de la bonne livraison de votre&nbsp;<strong>canap\u00e9<\/strong>.<\/p>\n\n\n\n<h2 class=\"has-text-align-center wp-block-heading\">CHOISIR LE STYLE DE CANAP\u00c9 EN FONCTION DE VOTRE PI\u00c8CE<\/h2>\n\n\n<div class=\"wp-block-image\">\n<figure class=\"aligncenter size-large\"><a href=\"http:\/\/blog.saulaie.com\/wp-content\/uploads\/2022\/07\/canape-chesterfield-tissu.jpg\"><img decoding=\"async\" width=\"1024\" height=\"512\" src=\"http:\/\/blog.saulaie.com\/wp-content\/uploads\/2022\/07\/canape-chesterfield-tissu-1024x512.jpg\" alt=\"\" class=\"wp-image-5487\" srcset=\"https:\/\/www.saulaie.com\/blog\/wp-content\/uploads\/2022\/07\/canape-chesterfield-tissu-1024x512.jpg 1024w, https:\/\/www.saulaie.com\/blog\/wp-content\/uploads\/2022\/07\/canape-chesterfield-tissu-300x150.jpg 300w, https:\/\/www.saulaie.com\/blog\/wp-content\/uploads\/2022\/07\/canape-chesterfield-tissu-768x384.jpg 768w, https:\/\/www.saulaie.com\/blog\/wp-content\/uploads\/2022\/07\/canape-chesterfield-tissu-705x353.jpg 705w, https:\/\/www.saulaie.com\/blog\/wp-content\/uploads\/2022\/07\/canape-chesterfield-tissu.jpg 1100w\" sizes=\"(max-width: 1024px) 100vw, 1024px\" \/><\/a><\/figure>\n<\/div>\n\n\n<p class=\"has-text-align-center\">Si votre canap\u00e9 doit \u00eatre adapt\u00e9 aux dimensions de votre pi\u00e8ce, il n\u2019en reste pas moins un \u00e9l\u00e9ment de d\u00e9coration fondamental dans votre salon. Il s\u2019agit du point central de votre salon, autour duquel la d\u00e9coration va s\u2019articuler. La Maison Saulaie vous invite \u00e0 d\u00e9couvrir ses collections de&nbsp;<strong>canap\u00e9s haut de gamme<\/strong>&nbsp;au gout de votre int\u00e9rieur. Des grands classiques canap\u00e9 club et&nbsp;<a href=\"https:\/\/www.saulaie.com\/fr\/10398-canape-chesterfield\" target=\"_blank\" rel=\"noreferrer noopener\">canap\u00e9 Chesterfield<\/a>&nbsp;aux plus contemporains canap\u00e9s design, en passant par les&nbsp;<strong>canap\u00e9s de style ancien<\/strong>, industriel ou art d\u00e9co.<\/p>\n\n\n\n<div class=\"wp-block-columns is-layout-flex wp-container-core-columns-is-layout-9d6595d7 wp-block-columns-is-layout-flex\">\n<div class=\"wp-block-column is-layout-flow wp-block-column-is-layout-flow\">\n<h2 class=\"wp-block-heading\">D\u00c9FINIR LE REV\u00caTEMENT ET LE COLORIS DU CANAP\u00c9<\/h2>\n<\/div>\n\n\n\n<div class=\"wp-block-column is-layout-flow wp-block-column-is-layout-flow\">\n<p>Le rev\u00eatement et les mat\u00e9riaux utilis\u00e9s dans la fabrication du canap\u00e9 sont importants \u00e0 consid\u00e9rer avant l\u2019achat de votre assise.<\/p>\n<\/div>\n<\/div>\n\n\n\n<div class=\"wp-block-columns is-layout-flex wp-container-core-columns-is-layout-9d6595d7 wp-block-columns-is-layout-flex\">\n<div class=\"wp-block-column is-layout-flow wp-block-column-is-layout-flow\">\n<p>Nos&nbsp;<strong>canap\u00e9s<\/strong>&nbsp;sont constitu\u00e9s d\u2019un ch\u00e2ssis en bois massif de h\u00eatre pour assurer solidit\u00e9 et p\u00e9rennit\u00e9 \u00e0 la structure et leur assise est garnie de plumes d\u2019oies. Enfin, le rembourrage en mousse sur sangles entrecrois\u00e9es est suffisamment dense pour assurer confort et maintien lors de l\u2019assise. <\/p>\n<\/div>\n\n\n\n<div class=\"wp-block-column is-layout-flow wp-block-column-is-layout-flow\">\n<p>Il existe diff\u00e9rents types de rev\u00eatements pour votre canap\u00e9. En premier lieu le cuir et son charme intemporel. Il s\u2019agit d\u2019un des rev\u00eatements classiques de canap\u00e9s. Le&nbsp;<strong>cuir<\/strong>&nbsp;est une mati\u00e8re robuste, confortable et \u00e9l\u00e9gante qui apportera authenticit\u00e9 et charme \u00e0 votre pi\u00e8ce.<\/p>\n<\/div>\n<\/div>\n\n\n<div class=\"wp-block-image\">\n<figure class=\"aligncenter size-large\"><a href=\"http:\/\/blog.saulaie.com\/wp-content\/uploads\/2022\/07\/canape-cuir.jpg\"><img loading=\"lazy\" decoding=\"async\" width=\"1024\" height=\"512\" src=\"http:\/\/blog.saulaie.com\/wp-content\/uploads\/2022\/07\/canape-cuir-1024x512.jpg\" alt=\"\" class=\"wp-image-5490\" srcset=\"https:\/\/www.saulaie.com\/blog\/wp-content\/uploads\/2022\/07\/canape-cuir-1024x512.jpg 1024w, https:\/\/www.saulaie.com\/blog\/wp-content\/uploads\/2022\/07\/canape-cuir-300x150.jpg 300w, https:\/\/www.saulaie.com\/blog\/wp-content\/uploads\/2022\/07\/canape-cuir-768x384.jpg 768w, https:\/\/www.saulaie.com\/blog\/wp-content\/uploads\/2022\/07\/canape-cuir-705x353.jpg 705w, https:\/\/www.saulaie.com\/blog\/wp-content\/uploads\/2022\/07\/canape-cuir.jpg 1100w\" sizes=\"(max-width: 1024px) 100vw, 1024px\" \/><\/a><\/figure>\n<\/div>\n\n\n<p class=\"has-text-align-center\">Vous pouvez \u00e9galement opter pour un\u00a0<strong>canap\u00e9 en tissu<\/strong>\u00a0particuli\u00e8rement tendance. Le tissu en lin et coton est un ind\u00e9modable de la d\u00e9coration d\u2019int\u00e9rieur. Choisissez un coloris clair tel que le beige pour apporter lumi\u00e8re est sobri\u00e9t\u00e9 \u00e0 votre pi\u00e8ce. Vous pouvez aussi jouer l\u2019originalit\u00e9 en faisant le choix d\u2019un <strong>canap\u00e9 en velours<\/strong> color\u00e9 qui s\u2019imposera comme la pi\u00e8ce phare de votre salon. <\/p>\n\n\n\n<p class=\"has-text-align-center\">Apporter une touche de couleur est notamment une belle id\u00e9e pour am\u00e9nager une petite pi\u00e8ce, cela permet d\u2019apporter contraste et profondeur \u00e0 votre pi\u00e8ce.<\/p>\n","protected":false},"excerpt":{"rendered":"<p>Le\u00a0canap\u00e9\u00a0est l\u2019un des meubles phares du salon. En plus de donner le ton \u00e0 la d\u00e9coration de la pi\u00e8ce, c\u2019est une assise pratique et confortable autour de laquelle toute la famille gravite. Propice pour un moment de partage ou de d\u00e9tente, le canap\u00e9 peut \u00e9galement s\u2019av\u00e9rer tr\u00e8s utile en tant que couchage d\u2019appoint. De la [&hellip;]<\/p>\n","protected":false},"author":11,"featured_media":5493,"comment_status":"open","ping_status":"open","sticky":false,"template":"","format":"standard","meta":{"_seopress_robots_primary_cat":"16","_seopress_titles_title":"","_seopress_titles_desc":"","_seopress_robots_index":"","_uag_custom_page_level_css":"","footnotes":""},"categories":[16],"tags":[],"class_list":{"0":"post-5481","1":"post","2":"type-post","3":"status-publish","4":"format-standard","5":"has-post-thumbnail","7":"category-tendances"},"uagb_featured_image_src":{"full":["https:\/\/www.saulaie.com\/blog\/wp-content\/uploads\/2022\/07\/choisir-le-bon-canape.jpg",1100,726,false],"thumbnail":["https:\/\/www.saulaie.com\/blog\/wp-content\/uploads\/2022\/07\/choisir-le-bon-canape-150x150.jpg",150,150,true],"medium":["https:\/\/www.saulaie.com\/blog\/wp-content\/uploads\/2022\/07\/choisir-le-bon-canape-300x198.jpg",300,198,true],"medium_large":["https:\/\/www.saulaie.com\/blog\/wp-content\/uploads\/2022\/07\/choisir-le-bon-canape-768x507.jpg",768,507,true],"large":["https:\/\/www.saulaie.com\/blog\/wp-content\/uploads\/2022\/07\/choisir-le-bon-canape-1024x676.jpg",800,528,true],"1536x1536":["https:\/\/www.saulaie.com\/blog\/wp-content\/uploads\/2022\/07\/choisir-le-bon-canape.jpg",1100,726,false],"2048x2048":["https:\/\/www.saulaie.com\/blog\/wp-content\/uploads\/2022\/07\/choisir-le-bon-canape.jpg",1100,726,false],"gform-image-choice-sm":["https:\/\/www.saulaie.com\/blog\/wp-content\/uploads\/2022\/07\/choisir-le-bon-canape.jpg",300,198,false],"gform-image-choice-md":["https:\/\/www.saulaie.com\/blog\/wp-content\/uploads\/2022\/07\/choisir-le-bon-canape.jpg",400,264,false],"gform-image-choice-lg":["https:\/\/www.saulaie.com\/blog\/wp-content\/uploads\/2022\/07\/choisir-le-bon-canape.jpg",600,396,false]},"uagb_author_info":{"display_name":"Elodie Rossignol","author_link":"https:\/\/www.saulaie.com\/blog\/author\/elodie\/"},"uagb_comment_info":0,"uagb_excerpt":"Le\u00a0canap\u00e9\u00a0est l\u2019un des meubles phares du salon. En plus de donner le ton \u00e0 la d\u00e9coration de la pi\u00e8ce, c\u2019est une assise pratique et confortable autour de laquelle toute la famille gravite. Propice pour un moment de partage ou de d\u00e9tente, le canap\u00e9 peut \u00e9galement s\u2019av\u00e9rer tr\u00e8s utile en tant que couchage d\u2019appoint. De la\u2026","_links":{"self":[{"href":"https:\/\/www.saulaie.com\/blog\/wp-json\/wp\/v2\/posts\/5481","targetHints":{"allow":["GET"]}}],"collection":[{"href":"https:\/\/www.saulaie.com\/blog\/wp-json\/wp\/v2\/posts"}],"about":[{"href":"https:\/\/www.saulaie.com\/blog\/wp-json\/wp\/v2\/types\/post"}],"author":[{"embeddable":true,"href":"https:\/\/www.saulaie.com\/blog\/wp-json\/wp\/v2\/users\/11"}],"replies":[{"embeddable":true,"href":"https:\/\/www.saulaie.com\/blog\/wp-json\/wp\/v2\/comments?post=5481"}],"version-history":[{"count":10,"href":"https:\/\/www.saulaie.com\/blog\/wp-json\/wp\/v2\/posts\/5481\/revisions"}],"predecessor-version":[{"id":6963,"href":"https:\/\/www.saulaie.com\/blog\/wp-json\/wp\/v2\/posts\/5481\/revisions\/6963"}],"wp:featuredmedia":[{"embeddable":true,"href":"https:\/\/www.saulaie.com\/blog\/wp-json\/wp\/v2\/media\/5493"}],"wp:attachment":[{"href":"https:\/\/www.saulaie.com\/blog\/wp-json\/wp\/v2\/media?parent=5481"}],"wp:term":[{"taxonomy":"category","embeddable":true,"href":"https:\/\/www.saulaie.com\/blog\/wp-json\/wp\/v2\/categories?post=5481"},{"taxonomy":"post_tag","embeddable":true,"href":"https:\/\/www.saulaie.com\/blog\/wp-json\/wp\/v2\/tags?post=5481"}],"curies":[{"name":"wp","href":"https:\/\/api.w.org\/{rel}","templated":true}]}}