{"id":5445,"date":"2022-03-28T15:23:00","date_gmt":"2022-03-28T14:23:00","guid":{"rendered":"http:\/\/blog.saulaie.com\/?p=5445"},"modified":"2023-07-06T16:43:02","modified_gmt":"2023-07-06T15:43:02","slug":"le-mobilier-francais-haut-de-gamme-quel-est-le-juste-prix","status":"publish","type":"post","link":"https:\/\/www.saulaie.com\/blog\/le-mobilier-francais-haut-de-gamme-quel-est-le-juste-prix\/","title":{"rendered":"Le mobilier fran\u00e7ais haut de gamme : quel est le juste prix ?"},"content":{"rendered":"\n<div class=\"wp-block-columns is-layout-flex wp-container-core-columns-is-layout-9d6595d7 wp-block-columns-is-layout-flex\">\n<div class=\"wp-block-column is-layout-flow wp-block-column-is-layout-flow\"><\/div>\n\n\n\n<div class=\"wp-block-column is-layout-flow wp-block-column-is-layout-flow\">\n<p class=\"has-text-align-center\">Il arrive que quelques r\u00e9serves soient \u00e9mises quant \u00e0 la&nbsp;<strong>fabrication fran\u00e7aise<\/strong>&nbsp;et \u00e0 ses co\u00fbts, jug\u00e9s dispendieux.<\/p>\n<\/div>\n\n\n\n<div class=\"wp-block-column is-layout-flow wp-block-column-is-layout-flow\"><\/div>\n<\/div>\n\n\n<div class=\"wp-block-image\">\n<figure class=\"aligncenter size-large\"><a href=\"http:\/\/blog.saulaie.com\/wp-content\/uploads\/2022\/07\/ronchons.jpg\"><img fetchpriority=\"high\" decoding=\"async\" width=\"1024\" height=\"512\" src=\"http:\/\/blog.saulaie.com\/wp-content\/uploads\/2022\/07\/ronchons-1024x512.jpg\" alt=\"\" class=\"wp-image-5451\" srcset=\"https:\/\/www.saulaie.com\/blog\/wp-content\/uploads\/2022\/07\/ronchons-1024x512.jpg 1024w, https:\/\/www.saulaie.com\/blog\/wp-content\/uploads\/2022\/07\/ronchons-300x150.jpg 300w, https:\/\/www.saulaie.com\/blog\/wp-content\/uploads\/2022\/07\/ronchons-768x384.jpg 768w, https:\/\/www.saulaie.com\/blog\/wp-content\/uploads\/2022\/07\/ronchons-705x353.jpg 705w, https:\/\/www.saulaie.com\/blog\/wp-content\/uploads\/2022\/07\/ronchons.jpg 1100w\" sizes=\"(max-width: 1024px) 100vw, 1024px\" \/><\/a><\/figure>\n<\/div>\n\n\n<p class=\"has-text-align-center\">\u00c0 contre-courant de l\u2019importation de masse et de la fast-fashion, la Maison Saulaie mise sur la qualit\u00e9 et la proximit\u00e9 pour produire du&nbsp;<strong>mobilier d\u2019exception<\/strong>, confectionn\u00e9 dans les plus beaux mat\u00e9riaux et respectueux de l\u2019environnement.&nbsp;<\/p>\n\n\n\n<p class=\"has-text-align-center\">Une d\u00e9marche engag\u00e9e qui n\u00e9cessite des expertises, du temps et des moyens.<\/p>\n\n\n\n<p class=\"has-text-align-center\">L\u2019entreprise de la Maison Saulaie consiste \u00e0 promouvoir&nbsp;<strong>l\u2019artisanat fran\u00e7ais<\/strong>&nbsp;de tradition tout en proposant le juste prix \u00e0 ses clients.<\/p>\n\n\n\n<h2 class=\"has-text-align-center wp-block-heading\">MISE EN EXERGUE D\u2019UN SAVOIR-FAIRE ARTISANAL REMARQUABLE<\/h2>\n\n\n\n<div class=\"wp-block-columns is-layout-flex wp-container-core-columns-is-layout-9d6595d7 wp-block-columns-is-layout-flex\">\n<div class=\"wp-block-column is-layout-flow wp-block-column-is-layout-flow\">\n<p>La Maison Saulaie promeut le&nbsp;<strong>savoir-faire artisanal fran\u00e7ais et europ\u00e9en<\/strong>&nbsp;en s\u2019entourant de professionnels porteurs de ma\u00eetrises et d\u2019habilet\u00e9s historiques au service d\u2019int\u00e9rieurs r\u00e9solument p\u00e9rennes. Elle int\u00e8gre \u00e0 sa production des ateliers d\u2019excellence, tels que notre soci\u00e9t\u00e9 s\u0153ur Lignartis en Mayenne, sp\u00e9cialis\u00e9e dans le&nbsp;<strong>travail artisanal du bois.<\/strong>&nbsp;Maroquinier, \u00e9b\u00e9nistes, c\u00e9ramistes, m\u00e9talliers ; autant d\u2019artisans professionnels qui assurent la facture impeccable du mobilier Saulaie.<\/p>\n<\/div>\n\n\n\n<div class=\"wp-block-column is-layout-flow wp-block-column-is-layout-flow\">\n<figure class=\"wp-block-embed is-type-video is-provider-youtube wp-block-embed-youtube wp-embed-aspect-16-9 wp-has-aspect-ratio\"><div class=\"wp-block-embed__wrapper\">\n<iframe title=\"Nos collections de meubles design en bois massif : une fabrication fran\u00e7aise artisanale d&#039;excellence\" width=\"800\" height=\"450\" src=\"https:\/\/www.youtube.com\/embed\/qMmMkKV-IuM?start=18&#038;feature=oembed\" frameborder=\"0\" allow=\"accelerometer; autoplay; clipboard-write; encrypted-media; gyroscope; picture-in-picture; web-share\" referrerpolicy=\"strict-origin-when-cross-origin\" allowfullscreen><\/iframe>\n<\/div><\/figure>\n<\/div>\n<\/div>\n\n\n\n<h2 class=\"has-text-align-center wp-block-heading\">DES MAT\u00c9RIAUX D\u2019EXCEPTION CHOISIS AVEC SOIN<\/h2>\n\n\n\n<div class=\"wp-block-columns is-layout-flex wp-container-core-columns-is-layout-9d6595d7 wp-block-columns-is-layout-flex\">\n<div class=\"wp-block-column is-layout-flow wp-block-column-is-layout-flow\">\n<p>L\u2019engagement de la Maison consid\u00e8re \u00e9galement le choix des mati\u00e8res premi\u00e8res dans le cadre de sa production. Le bois, mat\u00e9riau de pr\u00e9dilection de l\u2019ameublement, fait l\u2019objet d\u2019une attention m\u00e9ticuleuse. Les bois massifs s\u00e9lectionn\u00e9s pour confectionner nos meubles, tels que le ch\u00eane, le noyer ou encore le fr\u00eane, sont issus de&nbsp;<strong>for\u00eats g\u00e9r\u00e9es durablement<\/strong>. Des essences d\u2019exception travaill\u00e9es dans toute la tradition artisanale d\u2019\u00e9b\u00e9nisterie pour mettre en valeur leur&nbsp;<strong>veinage singulier<\/strong>&nbsp;et leur teinte subtile.<\/p>\n<\/div>\n\n\n\n<div class=\"wp-block-column is-layout-flow wp-block-column-is-layout-flow\">\n<p>Le cuir, fait aussi l\u2019objet d\u2019une grande attention. Nos\u00a0<a href=\"https:\/\/www.saulaie.com\/fr\/10541-fauteuil-cuir\" target=\"_blank\" rel=\"noreferrer noopener\">fauteuils en cuir<\/a>\u00a0et\u00a0<a rel=\"noreferrer noopener\" href=\"https:\/\/www.saulaie.com\/fr\/10369-canape-club\" target=\"_blank\">canap\u00e9s club<\/a>\u00a0sont confectionn\u00e9s en\u00a0<strong>cuir pleine fleur<\/strong>, ou aniline, qui constitue la partie la plus dense de la peau de l\u2019animal. Gr\u00e2ce \u00e0 une teinture \u00e0 l\u2019eau, le cuir pr\u00e9sente une finition naturelle et durable. Nous ne rabotons ni ne plongeons nos cuirs dans des bains chimiques, d\u2019o\u00f9 r\u00e9sultent des peaux parfaitement uniformes ou standardis\u00e9es.<\/p>\n<\/div>\n<\/div>\n\n\n\n<h2 class=\"has-text-align-center wp-block-heading\">UN ACCOMPAGNEMENT PROFESSIONNEL DANS VOS PROJETS D\u2019AMEUBLEMENT<\/h2>\n\n\n\n<p class=\"has-text-align-center\">Les professionnels de l\u2019ameublement de la Maison Saulaie sont \u00e0 votre disposition pour vous accompagner dans tous vos projets d\u2019am\u00e9nagement et de d\u00e9coration. Riche d\u2019une exp\u00e9rience de plus de vingt ans dans l<strong>\u2019\u00e9dition de meubles et l\u2019am\u00e9nagement d\u2019int\u00e9rieur<\/strong>, la Maison Saulaie dessine \u00e0 vos c\u00f4t\u00e9s des int\u00e9rieurs \u00e0 votre image et intemporels. Nous vous donnons rendez-vous dans nos\u00a0<a href=\"https:\/\/www.saulaie.com\/fr\/nous-contacter\" target=\"_blank\" rel=\"noreferrer noopener\">showrooms<\/a>\u00a0de Ch\u00e2teau-Gontier et de Paris pour tester nos collections et b\u00e9n\u00e9ficier des conseils avis\u00e9s.<\/p>\n\n\n<div class=\"wp-block-image\">\n<figure class=\"aligncenter size-large\"><a href=\"http:\/\/blog.saulaie.com\/wp-content\/uploads\/2022\/07\/avis-positifs.jpg\"><img decoding=\"async\" width=\"1024\" height=\"512\" src=\"http:\/\/blog.saulaie.com\/wp-content\/uploads\/2022\/07\/avis-positifs-1024x512.jpg\" alt=\"\" class=\"wp-image-5455\" srcset=\"https:\/\/www.saulaie.com\/blog\/wp-content\/uploads\/2022\/07\/avis-positifs-1024x512.jpg 1024w, https:\/\/www.saulaie.com\/blog\/wp-content\/uploads\/2022\/07\/avis-positifs-300x150.jpg 300w, https:\/\/www.saulaie.com\/blog\/wp-content\/uploads\/2022\/07\/avis-positifs-768x384.jpg 768w, https:\/\/www.saulaie.com\/blog\/wp-content\/uploads\/2022\/07\/avis-positifs-705x353.jpg 705w, https:\/\/www.saulaie.com\/blog\/wp-content\/uploads\/2022\/07\/avis-positifs.jpg 1100w\" sizes=\"(max-width: 1024px) 100vw, 1024px\" \/><\/a><\/figure>\n<\/div>\n\n\n<h2 class=\"has-text-align-center wp-block-heading\">UN MARCH\u00c9 VERTUEUX<\/h2>\n\n\n\n<div class=\"wp-block-columns is-layout-flex wp-container-core-columns-is-layout-9d6595d7 wp-block-columns-is-layout-flex\">\n<div class=\"wp-block-column is-layout-flow wp-block-column-is-layout-flow\">\n<p>En somme, la production de meubles haut de gamme de la Maison Saulaie rend compte d\u2019un\u00a0march\u00e9 vertueux. Au-del\u00e0 de pr\u00e9server les <strong>savoir-faire artisanaux fran\u00e7ais<\/strong>, la Maison soutient l\u2019emploi et l\u2019\u00e9conomie locale pour s\u2019inscrire dans une d\u00e9marche respectueuse et <a href=\"https:\/\/www.saulaie.com\/blog\/2022\/09\/30\/le-choix-du-durable-un-choix-optimiste-pour-la-planete\/\" data-type=\"post\" data-id=\"6902\">durable<\/a>.<\/p>\n<\/div>\n\n\n\n<div class=\"wp-block-column is-layout-flow wp-block-column-is-layout-flow\">\n<p>Soutenir ce projet invoque des co\u00fbts additionnels mesur\u00e9s et congruents largement amortis par la qualit\u00e9 incomparable de ce mobilier qui ne manquera pas de se transmettre de g\u00e9n\u00e9ration en g\u00e9n\u00e9ration.<\/p>\n<\/div>\n<\/div>\n","protected":false},"excerpt":{"rendered":"<p>Il arrive que quelques r\u00e9serves soient \u00e9mises quant \u00e0 la&nbsp;fabrication fran\u00e7aise&nbsp;et \u00e0 ses co\u00fbts, jug\u00e9s dispendieux. \u00c0 contre-courant de l\u2019importation de masse et de la fast-fashion, la Maison Saulaie mise sur la qualit\u00e9 et la proximit\u00e9 pour produire du&nbsp;mobilier d\u2019exception, confectionn\u00e9 dans les plus beaux mat\u00e9riaux et respectueux de l\u2019environnement.&nbsp; Une d\u00e9marche engag\u00e9e qui n\u00e9cessite [&hellip;]<\/p>\n","protected":false},"author":11,"featured_media":6132,"comment_status":"open","ping_status":"open","sticky":false,"template":"","format":"standard","meta":{"_seopress_robots_primary_cat":"17","_seopress_titles_title":"","_seopress_titles_desc":"","_seopress_robots_index":"","_uag_custom_page_level_css":"","footnotes":""},"categories":[17],"tags":[],"class_list":{"0":"post-5445","1":"post","2":"type-post","3":"status-publish","4":"format-standard","5":"has-post-thumbnail","7":"category-philosophie"},"uagb_featured_image_src":{"full":["https:\/\/www.saulaie.com\/blog\/wp-content\/uploads\/2022\/07\/mobilier-france-hdg.jpg",1100,726,false],"thumbnail":["https:\/\/www.saulaie.com\/blog\/wp-content\/uploads\/2022\/07\/mobilier-france-hdg-150x150.jpg",150,150,true],"medium":["https:\/\/www.saulaie.com\/blog\/wp-content\/uploads\/2022\/07\/mobilier-france-hdg-300x198.jpg",300,198,true],"medium_large":["https:\/\/www.saulaie.com\/blog\/wp-content\/uploads\/2022\/07\/mobilier-france-hdg-768x507.jpg",768,507,true],"large":["https:\/\/www.saulaie.com\/blog\/wp-content\/uploads\/2022\/07\/mobilier-france-hdg-1024x676.jpg",800,528,true],"1536x1536":["https:\/\/www.saulaie.com\/blog\/wp-content\/uploads\/2022\/07\/mobilier-france-hdg.jpg",1100,726,false],"2048x2048":["https:\/\/www.saulaie.com\/blog\/wp-content\/uploads\/2022\/07\/mobilier-france-hdg.jpg",1100,726,false],"gform-image-choice-sm":["https:\/\/www.saulaie.com\/blog\/wp-content\/uploads\/2022\/07\/mobilier-france-hdg.jpg",300,198,false],"gform-image-choice-md":["https:\/\/www.saulaie.com\/blog\/wp-content\/uploads\/2022\/07\/mobilier-france-hdg.jpg",400,264,false],"gform-image-choice-lg":["https:\/\/www.saulaie.com\/blog\/wp-content\/uploads\/2022\/07\/mobilier-france-hdg.jpg",600,396,false]},"uagb_author_info":{"display_name":"Elodie Rossignol","author_link":"https:\/\/www.saulaie.com\/blog\/author\/elodie\/"},"uagb_comment_info":0,"uagb_excerpt":"Il arrive que quelques r\u00e9serves soient \u00e9mises quant \u00e0 la&nbsp;fabrication fran\u00e7aise&nbsp;et \u00e0 ses co\u00fbts, jug\u00e9s dispendieux. \u00c0 contre-courant de l\u2019importation de masse et de la fast-fashion, la Maison Saulaie mise sur la qualit\u00e9 et la proximit\u00e9 pour produire du&nbsp;mobilier d\u2019exception, confectionn\u00e9 dans les plus beaux mat\u00e9riaux et respectueux de l\u2019environnement.&nbsp; Une d\u00e9marche engag\u00e9e qui n\u00e9cessite\u2026","_links":{"self":[{"href":"https:\/\/www.saulaie.com\/blog\/wp-json\/wp\/v2\/posts\/5445","targetHints":{"allow":["GET"]}}],"collection":[{"href":"https:\/\/www.saulaie.com\/blog\/wp-json\/wp\/v2\/posts"}],"about":[{"href":"https:\/\/www.saulaie.com\/blog\/wp-json\/wp\/v2\/types\/post"}],"author":[{"embeddable":true,"href":"https:\/\/www.saulaie.com\/blog\/wp-json\/wp\/v2\/users\/11"}],"replies":[{"embeddable":true,"href":"https:\/\/www.saulaie.com\/blog\/wp-json\/wp\/v2\/comments?post=5445"}],"version-history":[{"count":14,"href":"https:\/\/www.saulaie.com\/blog\/wp-json\/wp\/v2\/posts\/5445\/revisions"}],"predecessor-version":[{"id":7714,"href":"https:\/\/www.saulaie.com\/blog\/wp-json\/wp\/v2\/posts\/5445\/revisions\/7714"}],"wp:featuredmedia":[{"embeddable":true,"href":"https:\/\/www.saulaie.com\/blog\/wp-json\/wp\/v2\/media\/6132"}],"wp:attachment":[{"href":"https:\/\/www.saulaie.com\/blog\/wp-json\/wp\/v2\/media?parent=5445"}],"wp:term":[{"taxonomy":"category","embeddable":true,"href":"https:\/\/www.saulaie.com\/blog\/wp-json\/wp\/v2\/categories?post=5445"},{"taxonomy":"post_tag","embeddable":true,"href":"https:\/\/www.saulaie.com\/blog\/wp-json\/wp\/v2\/tags?post=5445"}],"curies":[{"name":"wp","href":"https:\/\/api.w.org\/{rel}","templated":true}]}}