{"id":5424,"date":"2022-03-22T14:45:00","date_gmt":"2022-03-22T13:45:00","guid":{"rendered":"http:\/\/blog.saulaie.com\/?p=5424"},"modified":"2023-07-06T16:00:00","modified_gmt":"2023-07-06T15:00:00","slug":"tendance-deco-2022-cote-bois","status":"publish","type":"post","link":"https:\/\/www.saulaie.com\/blog\/tendance-deco-2022-cote-bois\/","title":{"rendered":"Tendance d\u00e9co 2022 : c\u00f4t\u00e9 bois"},"content":{"rendered":"\n<div class=\"wp-block-columns is-layout-flex wp-container-core-columns-is-layout-9d6595d7 wp-block-columns-is-layout-flex\">\n<div class=\"wp-block-column is-layout-flow wp-block-column-is-layout-flow\"><\/div>\n\n\n\n<div class=\"wp-block-column is-layout-flow wp-block-column-is-layout-flow\">\n<p class=\"has-text-align-center\">Le bois parcourt, de tous temps, les tendances d\u00e9co. Cette ann\u00e9e encore, il est le mat\u00e9riau de pr\u00e9dilection de nos int\u00e9rieurs. Mise en exergue de son aspect brut, lignes a\u00e9riennes ou encore d\u00e9clinaisons de teintes, d\u00e9couvrez les derni\u00e8res&nbsp;<strong>inspirations d\u00e9coration<\/strong>&nbsp;pour un int\u00e9rieur r\u00e9solument tendance.<\/p>\n<\/div>\n\n\n\n<div class=\"wp-block-column is-layout-flow wp-block-column-is-layout-flow\"><\/div>\n<\/div>\n\n\n\n<div class=\"wp-block-columns is-layout-flex wp-container-core-columns-is-layout-9d6595d7 wp-block-columns-is-layout-flex\">\n<div class=\"wp-block-column is-layout-flow wp-block-column-is-layout-flow\">\n<h2 class=\"has-text-align-center wp-block-heading\">LES LIGNES SCULPTURALES<\/h2>\n\n\n\n<p class=\"has-text-align-center\">Cette saison, le bois arbore des lignes plus sculpturales que jamais. Le mobilier de la Maison Saulaie se dessine des silhouettes tout en courbes et volutes. Parmi nos collections de\u00a0<a href=\"https:\/\/www.saulaie.com\/fr\/10283-fauteuil-design\" target=\"_blank\" rel=\"noreferrer noopener\"><strong><u>chaises design<\/u><\/strong><\/a>, d\u00e9couvrez le\u00a0<a href=\"https:\/\/www.saulaie.com\/fr\/10749-chaise-scandinave?collection%5Bernest%5D=ernest\" target=\"_blank\" rel=\"noreferrer noopener\"><u>chaise Ernest<\/u><\/a>\u00a0et son dossier en bois massif semblable \u00e0 une anse. Une pi\u00e8ce absolument tendance et cr\u00e9ative r\u00e9alis\u00e9e avec pr\u00e9cision gr\u00e2ce \u00e0 des sangles de serrage. Ses bras aussi d\u00e9licats qu\u2019enveloppant apportent douceur et \u00e9l\u00e9gance \u00e0 votre assise.<\/p>\n\n\n\n<p class=\"has-text-align-center\">En plus d\u2019\u00eatre particuli\u00e8rement accueillantes, <strong>les courbes<\/strong> cr\u00e9ent une&nbsp;ambiance inspirante&nbsp;dans nos int\u00e9rieurs.<\/p>\n\n\n<div class=\"wp-block-image\">\n<figure class=\"aligncenter size-large\"><a href=\"http:\/\/blog.saulaie.com\/wp-content\/uploads\/2022\/07\/chaise-ernest-1.jpg\" target=\"_blank\" rel=\"noreferrer noopener\"><img fetchpriority=\"high\" decoding=\"async\" width=\"1024\" height=\"512\" src=\"http:\/\/blog.saulaie.com\/wp-content\/uploads\/2022\/07\/chaise-ernest-1-1024x512.jpg\" alt=\"\" class=\"wp-image-5430\" srcset=\"https:\/\/www.saulaie.com\/blog\/wp-content\/uploads\/2022\/07\/chaise-ernest-1-1024x512.jpg 1024w, https:\/\/www.saulaie.com\/blog\/wp-content\/uploads\/2022\/07\/chaise-ernest-1-300x150.jpg 300w, https:\/\/www.saulaie.com\/blog\/wp-content\/uploads\/2022\/07\/chaise-ernest-1-768x384.jpg 768w, https:\/\/www.saulaie.com\/blog\/wp-content\/uploads\/2022\/07\/chaise-ernest-1-705x353.jpg 705w, https:\/\/www.saulaie.com\/blog\/wp-content\/uploads\/2022\/07\/chaise-ernest-1.jpg 1100w\" sizes=\"(max-width: 1024px) 100vw, 1024px\" \/><\/a><\/figure>\n<\/div>\n\n\n<div class=\"wp-block-columns is-layout-flex wp-container-core-columns-is-layout-9d6595d7 wp-block-columns-is-layout-flex\">\n<div class=\"wp-block-column is-layout-flow wp-block-column-is-layout-flow\">\n<h2 class=\"has-text-align-center wp-block-heading\">LES NUANCES DE BRUNS<\/h2>\n\n\n\n<div class=\"wp-block-columns is-layout-flex wp-container-core-columns-is-layout-9d6595d7 wp-block-columns-is-layout-flex\">\n<div class=\"wp-block-column is-layout-flow wp-block-column-is-layout-flow\">\n<p>Nos int\u00e9rieurs s\u2019habillent d\u2019un&nbsp;<strong>nuancier de bruns<\/strong>. L\u2019occasion de s\u2019amuser avec des coloris neutres tout en dessinant un int\u00e9rieur intemporel et raffin\u00e9.<\/p>\n\n\n\n<p>R\u00e9alisez un d\u00e9grad\u00e9 d\u2019<strong>essences de bois<\/strong>, de la plus claire \u00e0 la plus fonc\u00e9e, en mixant les\u00a0<a href=\"https:\/\/www.saulaie.com\/fr\/10539-chaise-salle-a-manger?features%5B1%5D%5Bdesign%5D=design\" target=\"_blank\" rel=\"noreferrer noopener\"><u>chaises design<\/u>\u00a0de salle \u00e0 manger<\/a> autour de la table. Du bois massif teinte fonc\u00e9e, naturelle, de merisier ou de noyer, apportez un l\u00e9ger contraste \u00e0 votre d\u00e9coration avec votre cama\u00efeu de bruns. <\/p>\n<\/div>\n\n\n\n<div class=\"wp-block-column is-layout-flow wp-block-column-is-layout-flow\">\n<p>Parmi les diff\u00e9rentes essences \u00e0 mettre en valeur, les tons fonc\u00e9s sont particuli\u00e8rement en vogue. <\/p>\n\n\n\n<p>Pour des int\u00e9rieurs toujours plus inspir\u00e9s de la nature, le noyer se fait une place importante dans notre d\u00e9coration. Par ailleurs, ces cama\u00efeux ponctu\u00e9s de teintes plus fonc\u00e9es, permettent d\u2019apporter de la profondeur et du cachet aux int\u00e9rieurs les plus sobres.<\/p>\n<\/div>\n<\/div>\n\n\n\n<h2 class=\"has-text-align-center wp-block-heading\">LES MATI\u00c8RES BRUTES<\/h2>\n\n\n\n<p class=\"has-text-align-center\">Une attention particuli\u00e8re est port\u00e9e sur le&nbsp;<strong>travail du bois<\/strong>. On l\u2019aime brut, naturel et singulier. La production de masse des meubles de d\u00e9coration impersonnels et \u00e9ph\u00e9m\u00e8res est remise en cause au profit d\u2019une production vertueuse, respectueuse des mat\u00e9riaux et d\u00e9finitivement p\u00e9renne.<\/p>\n\n\n\n<p class=\"has-text-align-center\">La Maison Saulaie s\u2019applique \u00e0 conserver la naturalit\u00e9 des bois utilis\u00e9s en sublimant leur porosit\u00e9 ainsi que leur veinage. Nos bois sont issus de for\u00eats fran\u00e7aises g\u00e9r\u00e9es durablement. Ils sont travaill\u00e9s avec soin par nos artisans et rehauss\u00e9s par des produits naturels pour affirmer leur \u00e9l\u00e9gance.<\/p>\n\n\n<div class=\"wp-block-image\">\n<figure class=\"aligncenter size-large\"><a href=\"http:\/\/blog.saulaie.com\/wp-content\/uploads\/2022\/07\/bois.jpg\"><img decoding=\"async\" width=\"1024\" height=\"512\" src=\"http:\/\/blog.saulaie.com\/wp-content\/uploads\/2022\/07\/bois-1024x512.jpg\" alt=\"\" class=\"wp-image-5433\" srcset=\"https:\/\/www.saulaie.com\/blog\/wp-content\/uploads\/2022\/07\/bois-1024x512.jpg 1024w, https:\/\/www.saulaie.com\/blog\/wp-content\/uploads\/2022\/07\/bois-300x150.jpg 300w, https:\/\/www.saulaie.com\/blog\/wp-content\/uploads\/2022\/07\/bois-768x384.jpg 768w, https:\/\/www.saulaie.com\/blog\/wp-content\/uploads\/2022\/07\/bois-705x353.jpg 705w, https:\/\/www.saulaie.com\/blog\/wp-content\/uploads\/2022\/07\/bois.jpg 1100w\" sizes=\"(max-width: 1024px) 100vw, 1024px\" \/><\/a><\/figure>\n<\/div>\n\n\n<h2 class=\"has-text-align-center wp-block-heading\">LES M\u00c9LANGES DE MATI\u00c8RES<\/h2>\n\n\n\n<div class=\"wp-block-columns is-layout-flex wp-container-core-columns-is-layout-9d6595d7 wp-block-columns-is-layout-flex\">\n<div class=\"wp-block-column is-layout-flow wp-block-column-is-layout-flow\">\n<p class=\"has-text-align-center\">Finalement, l\u2019une des plus belles mani\u00e8res de mettre en exergue la beaut\u00e9 et la prestance du bois, c\u2019est encore de le mixer avec diff\u00e9rents mat\u00e9riaux. Les<strong>\u00a0jeux de mati\u00e8res<\/strong>\u00a0ont le vent en poupe. M\u00e9langer les <a href=\"https:\/\/www.saulaie.com\/blog\/2022\/01\/27\/mixer-les-matieres-pour-une-decoration-interieure-tendance-2\/\" data-type=\"post\" data-id=\"5284\">mati\u00e8res<\/a> permet d\u2019apporter contraste et personnalit\u00e9 \u00e0 votre int\u00e9rieur tout en exp\u00e9rimentant diff\u00e9rents styles de d\u00e9coration. Associ\u00e9 au m\u00e9tal, au velours, au cuir ou encore \u00e0 la c\u00e9ramique, le bois se pare de ses plus beaux atours. Aussi \u00e9l\u00e9gante dans un d\u00e9cor charg\u00e9 qu\u2019\u00e9pur\u00e9, la multiplication des mati\u00e8res participe \u00e0 l\u2019unicit\u00e9 et \u00e0 la personnalit\u00e9 de votre int\u00e9rieur.<\/p>\n<\/div>\n<\/div>\n\n\n\n<div class=\"wp-block-columns is-layout-flex wp-container-core-columns-is-layout-9d6595d7 wp-block-columns-is-layout-flex\">\n<div class=\"wp-block-column is-layout-flow wp-block-column-is-layout-flow\"><\/div>\n<\/div>\n<\/div>\n<\/div>\n<\/div>\n<\/div>\n","protected":false},"excerpt":{"rendered":"<p>Le bois parcourt, de tous temps, les tendances d\u00e9co. Cette ann\u00e9e encore, il est le mat\u00e9riau de pr\u00e9dilection de nos int\u00e9rieurs. Mise en exergue de son aspect brut, lignes a\u00e9riennes ou encore d\u00e9clinaisons de teintes, d\u00e9couvrez les derni\u00e8res&nbsp;inspirations d\u00e9coration&nbsp;pour un int\u00e9rieur r\u00e9solument tendance. LES LIGNES SCULPTURALES Cette saison, le bois arbore des lignes plus sculpturales [&hellip;]<\/p>\n","protected":false},"author":11,"featured_media":5440,"comment_status":"open","ping_status":"open","sticky":false,"template":"","format":"standard","meta":{"_seopress_robots_primary_cat":"16","_seopress_titles_title":"","_seopress_titles_desc":"","_seopress_robots_index":"","_uag_custom_page_level_css":"","footnotes":""},"categories":[16],"tags":[],"class_list":{"0":"post-5424","1":"post","2":"type-post","3":"status-publish","4":"format-standard","5":"has-post-thumbnail","7":"category-tendances"},"uagb_featured_image_src":{"full":["https:\/\/www.saulaie.com\/blog\/wp-content\/uploads\/2022\/07\/matieres-brutes.jpg",1100,726,false],"thumbnail":["https:\/\/www.saulaie.com\/blog\/wp-content\/uploads\/2022\/07\/matieres-brutes-150x150.jpg",150,150,true],"medium":["https:\/\/www.saulaie.com\/blog\/wp-content\/uploads\/2022\/07\/matieres-brutes-300x198.jpg",300,198,true],"medium_large":["https:\/\/www.saulaie.com\/blog\/wp-content\/uploads\/2022\/07\/matieres-brutes-768x507.jpg",768,507,true],"large":["https:\/\/www.saulaie.com\/blog\/wp-content\/uploads\/2022\/07\/matieres-brutes-1024x676.jpg",800,528,true],"1536x1536":["https:\/\/www.saulaie.com\/blog\/wp-content\/uploads\/2022\/07\/matieres-brutes.jpg",1100,726,false],"2048x2048":["https:\/\/www.saulaie.com\/blog\/wp-content\/uploads\/2022\/07\/matieres-brutes.jpg",1100,726,false],"gform-image-choice-sm":["https:\/\/www.saulaie.com\/blog\/wp-content\/uploads\/2022\/07\/matieres-brutes.jpg",300,198,false],"gform-image-choice-md":["https:\/\/www.saulaie.com\/blog\/wp-content\/uploads\/2022\/07\/matieres-brutes.jpg",400,264,false],"gform-image-choice-lg":["https:\/\/www.saulaie.com\/blog\/wp-content\/uploads\/2022\/07\/matieres-brutes.jpg",600,396,false]},"uagb_author_info":{"display_name":"Elodie Rossignol","author_link":"https:\/\/www.saulaie.com\/blog\/author\/elodie\/"},"uagb_comment_info":0,"uagb_excerpt":"Le bois parcourt, de tous temps, les tendances d\u00e9co. Cette ann\u00e9e encore, il est le mat\u00e9riau de pr\u00e9dilection de nos int\u00e9rieurs. Mise en exergue de son aspect brut, lignes a\u00e9riennes ou encore d\u00e9clinaisons de teintes, d\u00e9couvrez les derni\u00e8res&nbsp;inspirations d\u00e9coration&nbsp;pour un int\u00e9rieur r\u00e9solument tendance. LES LIGNES SCULPTURALES Cette saison, le bois arbore des lignes plus sculpturales\u2026","_links":{"self":[{"href":"https:\/\/www.saulaie.com\/blog\/wp-json\/wp\/v2\/posts\/5424","targetHints":{"allow":["GET"]}}],"collection":[{"href":"https:\/\/www.saulaie.com\/blog\/wp-json\/wp\/v2\/posts"}],"about":[{"href":"https:\/\/www.saulaie.com\/blog\/wp-json\/wp\/v2\/types\/post"}],"author":[{"embeddable":true,"href":"https:\/\/www.saulaie.com\/blog\/wp-json\/wp\/v2\/users\/11"}],"replies":[{"embeddable":true,"href":"https:\/\/www.saulaie.com\/blog\/wp-json\/wp\/v2\/comments?post=5424"}],"version-history":[{"count":15,"href":"https:\/\/www.saulaie.com\/blog\/wp-json\/wp\/v2\/posts\/5424\/revisions"}],"predecessor-version":[{"id":7712,"href":"https:\/\/www.saulaie.com\/blog\/wp-json\/wp\/v2\/posts\/5424\/revisions\/7712"}],"wp:featuredmedia":[{"embeddable":true,"href":"https:\/\/www.saulaie.com\/blog\/wp-json\/wp\/v2\/media\/5440"}],"wp:attachment":[{"href":"https:\/\/www.saulaie.com\/blog\/wp-json\/wp\/v2\/media?parent=5424"}],"wp:term":[{"taxonomy":"category","embeddable":true,"href":"https:\/\/www.saulaie.com\/blog\/wp-json\/wp\/v2\/categories?post=5424"},{"taxonomy":"post_tag","embeddable":true,"href":"https:\/\/www.saulaie.com\/blog\/wp-json\/wp\/v2\/tags?post=5424"}],"curies":[{"name":"wp","href":"https:\/\/api.w.org\/{rel}","templated":true}]}}