{"id":5397,"date":"2022-03-11T14:20:00","date_gmt":"2022-03-11T13:20:00","guid":{"rendered":"http:\/\/blog.saulaie.com\/?p=5397"},"modified":"2023-07-06T15:55:08","modified_gmt":"2023-07-06T14:55:08","slug":"decouvrez-la-table-volute-une-realisation-qui-donne-le-tournis","status":"publish","type":"post","link":"https:\/\/www.saulaie.com\/blog\/decouvrez-la-table-volute-une-realisation-qui-donne-le-tournis\/","title":{"rendered":"D\u00e9couvrez la table Volute\u00a0: une r\u00e9alisation qui donne le tournis"},"content":{"rendered":"\n<div class=\"wp-block-columns is-layout-flex wp-container-core-columns-is-layout-9d6595d7 wp-block-columns-is-layout-flex\">\n<div class=\"wp-block-column is-layout-flow wp-block-column-is-layout-flow\"><\/div>\n\n\n\n<div class=\"wp-block-column is-layout-flow wp-block-column-is-layout-flow\">\n<p class=\"has-text-align-center\">La Maison Saulaie vous invite \u00e0 d\u00e9couvrir sa&nbsp;<strong>nouvelle collection de tables basses et de tables de salle \u00e0 manger<\/strong>&nbsp;Volute. Une r\u00e9alisation d\u2019envergure imagin\u00e9e et fa\u00e7onn\u00e9e avec passion en France dans nos ateliers de Mayenne. Cette table ronde, au raffinement in\u00e9gal\u00e9, s\u2019impose comme la pi\u00e8ce principale du s\u00e9jour.<\/p>\n<\/div>\n\n\n\n<div class=\"wp-block-column is-layout-flow wp-block-column-is-layout-flow\"><\/div>\n<\/div>\n\n\n\n<div class=\"wp-block-columns is-layout-flex wp-container-core-columns-is-layout-9d6595d7 wp-block-columns-is-layout-flex\">\n<div class=\"wp-block-column is-layout-flow wp-block-column-is-layout-flow\">\n<h2 class=\"wp-block-heading\">UNE SILHOUETTE TOUT EN GALBES, FRUIT D\u2019UN DESIGN UNIQUE<\/h2>\n<\/div>\n\n\n\n<div class=\"wp-block-column is-layout-flow wp-block-column-is-layout-flow\">\n<figure class=\"wp-block-image size-full\"><a href=\"http:\/\/blog.saulaie.com\/wp-content\/uploads\/2022\/07\/table-salle-a-manger-volute.jpg\"><img fetchpriority=\"high\" decoding=\"async\" width=\"550\" height=\"600\" src=\"http:\/\/blog.saulaie.com\/wp-content\/uploads\/2022\/07\/table-salle-a-manger-volute.jpg\" alt=\"\" class=\"wp-image-5421\" srcset=\"https:\/\/www.saulaie.com\/blog\/wp-content\/uploads\/2022\/07\/table-salle-a-manger-volute.jpg 550w, https:\/\/www.saulaie.com\/blog\/wp-content\/uploads\/2022\/07\/table-salle-a-manger-volute-275x300.jpg 275w\" sizes=\"(max-width: 550px) 100vw, 550px\" \/><\/a><\/figure>\n<\/div>\n<\/div>\n\n\n\n<p class=\"has-text-align-center\">La table volute, basse au salon ou ample \u00e0 la salle \u00e0 manger, se caract\u00e9rise par son fastueux pi\u00e8tement semblable \u00e0 une fleur en train d\u2019\u00e9clore. Un large pied central, stable et robuste, compos\u00e9 d\u2019un chevauchement de lames de bois massif semblables \u00e0 des p\u00e9tales.<\/p>\n\n\n\n<p class=\"has-text-align-center\">Ce design singulier, \u00e9l\u00e9gant et moderne rel\u00e8ve d\u2019un v\u00e9ritable travail d\u2019orf\u00e8vre tant dans sa confection que dans le dessin de ses courbes. Un meuble inimitable au confluent entre praticit\u00e9 au quotidien et pi\u00e8ce d\u2019art au design intemporel. La\u00a0<a href=\"https:\/\/www.saulaie.com\/fr\/720-table-basse?collection%5Bvolute%5D=volute\" target=\"_blank\" rel=\"noreferrer noopener\"><strong>table basse ronde<\/strong>\u00a0Volute<\/a>\u00a0est une pi\u00e8ce\u00a0forte\u00a0qui\u00a0donnera du caract\u00e8re \u00e0 votre pi\u00e8ce.<\/p>\n\n\n\n<div class=\"wp-block-columns is-layout-flex wp-container-core-columns-is-layout-9d6595d7 wp-block-columns-is-layout-flex\">\n<div class=\"wp-block-column is-layout-flow wp-block-column-is-layout-flow\"><div class=\"wp-block-image\">\n<figure class=\"aligncenter size-full\"><a href=\"http:\/\/blog.saulaie.com\/wp-content\/uploads\/2022\/07\/Volute-gros-plan.jpg\"><img decoding=\"async\" width=\"550\" height=\"600\" src=\"http:\/\/blog.saulaie.com\/wp-content\/uploads\/2022\/07\/Volute-gros-plan.jpg\" alt=\"\" class=\"wp-image-5418\" srcset=\"https:\/\/www.saulaie.com\/blog\/wp-content\/uploads\/2022\/07\/Volute-gros-plan.jpg 550w, https:\/\/www.saulaie.com\/blog\/wp-content\/uploads\/2022\/07\/Volute-gros-plan-275x300.jpg 275w\" sizes=\"(max-width: 550px) 100vw, 550px\" \/><\/a><\/figure>\n<\/div><\/div>\n\n\n\n<div class=\"wp-block-column is-layout-flow wp-block-column-is-layout-flow\">\n<h2 class=\"has-text-align-left wp-block-heading\">UNE CONFECTION ARTISANALE DANS NOS ATELIERS LIGNARTIS<\/h2>\n<\/div>\n<\/div>\n\n\n\n<p class=\"has-text-align-center\">Chaque&nbsp;<a href=\"https:\/\/www.saulaie.com\/fr\/469-table-salle-a-manger\" target=\"_blank\" rel=\"noreferrer noopener\">table de salle \u00e0 manger<\/a>&nbsp;de la Maison Saulaie est confectionn\u00e9e par nos artisans en Mayenne. Les ateliers de cette soci\u00e9t\u00e9 d\u2019exception sont sp\u00e9cialis\u00e9s dans le travail du bois haut de gamme. Les tables de la collection Volute sont con\u00e7ues en bois massif, issu de for\u00eats g\u00e9r\u00e9es durablement. Le pi\u00e8tement est travaill\u00e9 avec soin pour mettre en valeur l\u2019\u00e9l\u00e9gance du bois.<\/p>\n\n\n\n<p class=\"has-text-align-center\">Une structure de pr\u00e9cision sublim\u00e9e par un&nbsp;<strong>plateau en c\u00e9ramique<\/strong>&nbsp;qui conf\u00e8re \u00e0 la table une allure contemporaine et harmonieuse. Au-del\u00e0 de l\u2019aspect esth\u00e9tique, la c\u00e9ramique est un mat\u00e9riau adapt\u00e9 \u00e0 la vie de votre maison. Elle se nettoie en un clin d\u2019\u0153il et pr\u00e9sente plus d\u2019inertie \u00e0 la chaleur.<\/p>\n\n\n\n<div class=\"wp-block-columns is-layout-flex wp-container-core-columns-is-layout-9d6595d7 wp-block-columns-is-layout-flex\">\n<div class=\"wp-block-column is-layout-flow wp-block-column-is-layout-flow\"><\/div>\n\n\n\n<div class=\"wp-block-column is-layout-flow wp-block-column-is-layout-flow\"><\/div>\n<\/div>\n\n\n\n<div class=\"wp-block-columns is-layout-flex wp-container-core-columns-is-layout-9d6595d7 wp-block-columns-is-layout-flex\">\n<div class=\"wp-block-column is-layout-flow wp-block-column-is-layout-flow\">\n<h2 class=\"has-text-align-center wp-block-heading\">UNE TABLE \u00c0 LA MESURE DE VOTRE INT\u00c9RIEUR<\/h2>\n<\/div>\n<\/div>\n\n\n\n<p class=\"has-text-align-center\">La Maison Saulaie s\u2019engage \u00e0 offrir des pi\u00e8ces haut de gamme et \u00e0 votre image. Gr\u00e2ce \u00e0 de nombreuses <strong>combinaisons de\u00a0personnalisation<\/strong>, cr\u00e9ez votre\u00a0table sur mesure. La table Volute se d\u00e9cline dans diff\u00e9rentes teintes de bois, des plus naturelles aux plus fonc\u00e9es. Le bois, teint \u00e0 l\u2019eau, a des nuances subtiles et sublimes qui viennent mettre en exergue son veinage. Le <strong>plateau en c\u00e9ramique<\/strong> lui aussi varie pour pouvoir s\u2019adapter au mieux \u00e0 votre int\u00e9rieur. Choisissez parmi des <a href=\"https:\/\/www.saulaie.com\/blog\/2022\/08\/09\/bien-entretenir-ses-meubles-en-ceramique\/\" data-type=\"post\" data-id=\"6079\">c\u00e9ramiques<\/a><strong> <\/strong>effet marbre blanc, noir ardoise ou encore brun oxyd\u00e9. Disponibles dans diff\u00e9rentes dimensions, cette table d\u2019exception se pr\u00eate \u00e0 l\u2019accueil de vos convives.<\/p>\n","protected":false},"excerpt":{"rendered":"<p>La Maison Saulaie vous invite \u00e0 d\u00e9couvrir sa&nbsp;nouvelle collection de tables basses et de tables de salle \u00e0 manger&nbsp;Volute. Une r\u00e9alisation d\u2019envergure imagin\u00e9e et fa\u00e7onn\u00e9e avec passion en France dans nos ateliers de Mayenne. Cette table ronde, au raffinement in\u00e9gal\u00e9, s\u2019impose comme la pi\u00e8ce principale du s\u00e9jour. UNE SILHOUETTE TOUT EN GALBES, FRUIT D\u2019UN DESIGN [&hellip;]<\/p>\n","protected":false},"author":11,"featured_media":5400,"comment_status":"open","ping_status":"open","sticky":false,"template":"","format":"standard","meta":{"_seopress_robots_primary_cat":"16","_seopress_titles_title":"","_seopress_titles_desc":"","_seopress_robots_index":"","_uag_custom_page_level_css":"","footnotes":""},"categories":[16],"tags":[],"class_list":{"0":"post-5397","1":"post","2":"type-post","3":"status-publish","4":"format-standard","5":"has-post-thumbnail","7":"category-tendances"},"uagb_featured_image_src":{"full":["https:\/\/www.saulaie.com\/blog\/wp-content\/uploads\/2022\/07\/table-Volute.jpg",1100,726,false],"thumbnail":["https:\/\/www.saulaie.com\/blog\/wp-content\/uploads\/2022\/07\/table-Volute-150x150.jpg",150,150,true],"medium":["https:\/\/www.saulaie.com\/blog\/wp-content\/uploads\/2022\/07\/table-Volute-300x198.jpg",300,198,true],"medium_large":["https:\/\/www.saulaie.com\/blog\/wp-content\/uploads\/2022\/07\/table-Volute-768x507.jpg",768,507,true],"large":["https:\/\/www.saulaie.com\/blog\/wp-content\/uploads\/2022\/07\/table-Volute-1024x676.jpg",800,528,true],"1536x1536":["https:\/\/www.saulaie.com\/blog\/wp-content\/uploads\/2022\/07\/table-Volute.jpg",1100,726,false],"2048x2048":["https:\/\/www.saulaie.com\/blog\/wp-content\/uploads\/2022\/07\/table-Volute.jpg",1100,726,false],"gform-image-choice-sm":["https:\/\/www.saulaie.com\/blog\/wp-content\/uploads\/2022\/07\/table-Volute.jpg",300,198,false],"gform-image-choice-md":["https:\/\/www.saulaie.com\/blog\/wp-content\/uploads\/2022\/07\/table-Volute.jpg",400,264,false],"gform-image-choice-lg":["https:\/\/www.saulaie.com\/blog\/wp-content\/uploads\/2022\/07\/table-Volute.jpg",600,396,false]},"uagb_author_info":{"display_name":"Elodie Rossignol","author_link":"https:\/\/www.saulaie.com\/blog\/author\/elodie\/"},"uagb_comment_info":0,"uagb_excerpt":"La Maison Saulaie vous invite \u00e0 d\u00e9couvrir sa&nbsp;nouvelle collection de tables basses et de tables de salle \u00e0 manger&nbsp;Volute. Une r\u00e9alisation d\u2019envergure imagin\u00e9e et fa\u00e7onn\u00e9e avec passion en France dans nos ateliers de Mayenne. Cette table ronde, au raffinement in\u00e9gal\u00e9, s\u2019impose comme la pi\u00e8ce principale du s\u00e9jour. UNE SILHOUETTE TOUT EN GALBES, FRUIT D\u2019UN DESIGN\u2026","_links":{"self":[{"href":"https:\/\/www.saulaie.com\/blog\/wp-json\/wp\/v2\/posts\/5397","targetHints":{"allow":["GET"]}}],"collection":[{"href":"https:\/\/www.saulaie.com\/blog\/wp-json\/wp\/v2\/posts"}],"about":[{"href":"https:\/\/www.saulaie.com\/blog\/wp-json\/wp\/v2\/types\/post"}],"author":[{"embeddable":true,"href":"https:\/\/www.saulaie.com\/blog\/wp-json\/wp\/v2\/users\/11"}],"replies":[{"embeddable":true,"href":"https:\/\/www.saulaie.com\/blog\/wp-json\/wp\/v2\/comments?post=5397"}],"version-history":[{"count":20,"href":"https:\/\/www.saulaie.com\/blog\/wp-json\/wp\/v2\/posts\/5397\/revisions"}],"predecessor-version":[{"id":7710,"href":"https:\/\/www.saulaie.com\/blog\/wp-json\/wp\/v2\/posts\/5397\/revisions\/7710"}],"wp:featuredmedia":[{"embeddable":true,"href":"https:\/\/www.saulaie.com\/blog\/wp-json\/wp\/v2\/media\/5400"}],"wp:attachment":[{"href":"https:\/\/www.saulaie.com\/blog\/wp-json\/wp\/v2\/media?parent=5397"}],"wp:term":[{"taxonomy":"category","embeddable":true,"href":"https:\/\/www.saulaie.com\/blog\/wp-json\/wp\/v2\/categories?post=5397"},{"taxonomy":"post_tag","embeddable":true,"href":"https:\/\/www.saulaie.com\/blog\/wp-json\/wp\/v2\/tags?post=5397"}],"curies":[{"name":"wp","href":"https:\/\/api.w.org\/{rel}","templated":true}]}}