{"id":5298,"date":"2022-02-01T08:30:00","date_gmt":"2022-02-01T07:30:00","guid":{"rendered":"http:\/\/blog.saulaie.com\/?p=5298"},"modified":"2023-10-13T15:37:00","modified_gmt":"2023-10-13T14:37:00","slug":"3-pieces-style-scandinave-pour-un-interieur-chaleureux-et-elegant","status":"publish","type":"post","link":"https:\/\/www.saulaie.com\/blog\/3-pieces-style-scandinave-pour-un-interieur-chaleureux-et-elegant\/","title":{"rendered":"3 pi\u00e8ces style scandinave pour un int\u00e9rieur chaleureux et \u00e9l\u00e9gant"},"content":{"rendered":"\n<div class=\"wp-block-columns is-layout-flex wp-container-core-columns-is-layout-9d6595d7 wp-block-columns-is-layout-flex\">\n<div class=\"wp-block-column is-layout-flow wp-block-column-is-layout-flow\"><\/div>\n\n\n\n<div class=\"wp-block-column is-layout-flow wp-block-column-is-layout-flow\">\n<p class=\"has-text-align-center\">Le&nbsp;<strong>style scandinave<\/strong>&nbsp;investit depuis quelques ann\u00e9es nos int\u00e9rieurs. Ce style d\u00e9coratif consid\u00e8re du mobilier \u00e9pur\u00e9, fonctionnel et beau, mais \u00e9galement un art de<br>l\u2019am\u00e9nagement de l\u2019espace.<\/p>\n\n\n\n<p class=\"has-text-align-center\">La Maison Saulaie aime l\u2019esth\u00e9tique scandinave et les tendances qui en d\u00e9coulent. Aujourd\u2019hui, nous vous proposons de d\u00e9couvrir trois pi\u00e8ces phares qui apportent \u00e0 votre int\u00e9rieur \u00e9l\u00e9gance et convivialit\u00e9.<\/p>\n<\/div>\n\n\n\n<div class=\"wp-block-column is-layout-flow wp-block-column-is-layout-flow\"><\/div>\n<\/div>\n\n\n\n<div class=\"wp-block-columns is-layout-flex wp-container-core-columns-is-layout-9d6595d7 wp-block-columns-is-layout-flex\">\n<div class=\"wp-block-column is-layout-flow wp-block-column-is-layout-flow\"><div class=\"wp-block-image\">\n<figure class=\"aligncenter size-full\"><a href=\"http:\/\/blog.saulaie.com\/wp-content\/uploads\/2022\/07\/console-albatre.jpg\" target=\"_blank\" rel=\"noreferrer noopener\"><img fetchpriority=\"high\" decoding=\"async\" width=\"550\" height=\"616\" src=\"http:\/\/blog.saulaie.com\/wp-content\/uploads\/2022\/07\/console-albatre.jpg\" alt=\"\" class=\"wp-image-5306\" srcset=\"https:\/\/www.saulaie.com\/blog\/wp-content\/uploads\/2022\/07\/console-albatre.jpg 550w, https:\/\/www.saulaie.com\/blog\/wp-content\/uploads\/2022\/07\/console-albatre-268x300.jpg 268w\" sizes=\"(max-width: 550px) 100vw, 550px\" \/><\/a><\/figure>\n<\/div><\/div>\n\n\n\n<div class=\"wp-block-column is-layout-flow wp-block-column-is-layout-flow\">\n<h2 class=\"has-text-align-left wp-block-heading\">LA CONSOLE ALB\u00c2TRE&nbsp;: UNE PI\u00c8CE EN BOIS AUX LIGNES \u00c9PUR\u00c9ES<\/h2>\n\n\n\n<p class=\"has-text-align-left\">La<strong>&nbsp;console Alb\u00e2tre<\/strong>&nbsp;est confectionn\u00e9e en ch\u00eane massif issu de for\u00eats europ\u00e9ennes g\u00e9r\u00e9es durablement et se d\u00e9cline en trois teintes de bois. Sa silhouette \u00e9lanc\u00e9e et longiligne et ses pieds fins l\u00e9g\u00e8rement en fuseau lui permettent de s\u2019int\u00e9grer parfaitement \u00e0 tous les espaces et styles de d\u00e9coration. Ses&nbsp;lignes \u00e9pur\u00e9es et son bois noble t\u00e9moignent des influences nordiques de la pi\u00e8ce, mais aussi de son style classique et intemporel. <\/p>\n\n\n\n<p class=\"has-text-align-left\">Cette&nbsp;<a href=\"https:\/\/www.saulaie.com\/fr\/10414-console-design\" target=\"_blank\" rel=\"noreferrer noopener\">console design<\/a>&nbsp;convient parfaitement \u00e0 l\u2019am\u00e9nagement d\u2019un espace contemporain et a\u00e9r\u00e9, ses pieds fins la rendent mobile tout en permettant une meilleure circulation de la lumi\u00e8re. Chaque angle de votre meuble a \u00e9t\u00e9 longuement travaill\u00e9 et poli, pour apporter davantage de rondeur et de douceur \u00e0 votre pi\u00e8ce de vie. Gr\u00e2ce \u00e0 ses lignes subtiles et son plateau \u00e9troit, la&nbsp;<a href=\"https:\/\/www.saulaie.com\/fr\/10502-console-bois?collection%5Balbatre%5D=albatre\" target=\"_blank\" rel=\"noreferrer noopener\">console Alb\u00e2tre<\/a>&nbsp;vient se fondre gracieusement dans une entr\u00e9e, une chambre ou encore un salon.<\/p>\n<\/div>\n<\/div>\n\n\n\n<div class=\"wp-block-columns is-layout-flex wp-container-core-columns-is-layout-9d6595d7 wp-block-columns-is-layout-flex\">\n<div class=\"wp-block-column is-layout-flow wp-block-column-is-layout-flow\">\n<h2 class=\"wp-block-heading\">LA CHAISE ZELIE\u00a0: UNE SILHOUETTE \u00c9LANC\u00c9E ET DES LIGNES DESIGN<\/h2>\n\n\n\n<p>La chaise Z\u00e9lie\u00a0avec accoudoirs est une v\u00e9ritable prouesse esth\u00e9tique et artisanale. Confectionn\u00e9 en bois de fr\u00eane massif, Z\u00e9lie se distingue par les jolies courbes de ses accoudoirs et sa silhouette effil\u00e9e et a\u00e9rienne. La cr\u00e9ation de cette pi\u00e8ce d\u2019exception rel\u00e8ve d\u2019un v\u00e9ritable travail d\u2019orf\u00e8vre. Le veinage du bois est sublim\u00e9 pour un aspect brut. Sa structure originale et ses mat\u00e9riaux de choix renvoient la chaise Z\u00e9lie \u00e0 un\u00a0<strong><a rel=\"noreferrer noopener\" href=\"https:\/\/www.saulaie.com\/fr\/10749-chaise-scandinave\" target=\"_blank\">style scandinave et contemporain<\/a><\/strong>\u00a0tr\u00e8s tendance.<br><\/p>\n\n\n\n<p>En somme une pi\u00e8ce originale, raffin\u00e9e et tr\u00e8s a\u00e9rienne qui apporte une touche sophistiqu\u00e9e \u00e0 votre d\u00e9coration.<\/p>\n<\/div>\n\n\n\n<div class=\"wp-block-column is-layout-flow wp-block-column-is-layout-flow\"><div class=\"wp-block-image\">\n<figure class=\"alignright size-full\"><a href=\"https:\/\/www.saulaie.com\/blog\/wp-content\/uploads\/2022\/07\/zelie-2.jpg\"><img decoding=\"async\" width=\"550\" height=\"616\" src=\"https:\/\/www.saulaie.com\/blog\/wp-content\/uploads\/2022\/07\/zelie-2.jpg\" alt=\"\" class=\"wp-image-5024\" srcset=\"https:\/\/www.saulaie.com\/blog\/wp-content\/uploads\/2022\/07\/zelie-2.jpg 550w, https:\/\/www.saulaie.com\/blog\/wp-content\/uploads\/2022\/07\/zelie-2-268x300.jpg 268w\" sizes=\"(max-width: 550px) 100vw, 550px\" \/><\/a><\/figure>\n<\/div><\/div>\n<\/div>\n\n\n\n<div class=\"wp-block-columns is-layout-flex wp-container-core-columns-is-layout-9d6595d7 wp-block-columns-is-layout-flex\">\n<div class=\"wp-block-column is-layout-flow wp-block-column-is-layout-flow\">\n<figure class=\"wp-block-image size-full\"><a href=\"http:\/\/blog.saulaie.com\/wp-content\/uploads\/2022\/07\/table-collection-H.jpg\"><img decoding=\"async\" width=\"550\" height=\"616\" src=\"http:\/\/blog.saulaie.com\/wp-content\/uploads\/2022\/07\/table-collection-H.jpg\" alt=\"\" class=\"wp-image-5304\" srcset=\"https:\/\/www.saulaie.com\/blog\/wp-content\/uploads\/2022\/07\/table-collection-H.jpg 550w, https:\/\/www.saulaie.com\/blog\/wp-content\/uploads\/2022\/07\/table-collection-H-268x300.jpg 268w\" sizes=\"(max-width: 550px) 100vw, 550px\" \/><\/a><\/figure>\n<\/div>\n\n\n\n<div class=\"wp-block-column is-layout-flow wp-block-column-is-layout-flow\">\n<h2 class=\"has-text-align-left wp-block-heading\">LA TABLE BASSE COLLECTION H&nbsp;: LA FUSION DU BOIS ET DE LA C\u00c9RAMIQUE<\/h2>\n\n\n\n<p class=\"has-text-align-left\">La&nbsp;<strong>table basse<\/strong>&nbsp;est un incontournable de l\u2019am\u00e9nagement d\u2019une pi\u00e8ce \u00e0 vivre et une pi\u00e8ce essentielle du style scandinave. La table en bois massif donne syst\u00e9matiquement le ton et l\u2019allure de la pi\u00e8ce. C\u2019est autour d\u2019elle que s\u2019organise la circulation du salon. La&nbsp;<a href=\"https:\/\/www.saulaie.com\/fr\/10493-table-basse-scandinave\" target=\"_blank\" rel=\"noreferrer noopener\">table basse Collection H<\/a>&nbsp;rectangulaire ou carr\u00e9e est une r\u00e9alisation d\u2019exception.<\/p>\n\n\n\n<p class=\"has-text-align-left\">Elle se d\u00e9cline en 100 % bois ou arbore un plateau <a href=\"https:\/\/www.saulaie.com\/blog\/2021\/12\/31\/la-table-des-matieres-bois-ceramiques\/\" data-type=\"post\" data-id=\"5232\">c\u00e9ramique<\/a> qui lui prodigue douceur et raffinement. Le m\u00e9lange des mati\u00e8res renforce l\u2019esth\u00e9tique \u00e9l\u00e9gante et structur\u00e9e de la pi\u00e8ce. De plus, le plateau inf\u00e9rieur, en plus de r\u00e9affirmer la structure du meuble, s\u2019impose comme un rangement pratique pour livres et magazines d\u00e9co.<\/p>\n<\/div>\n<\/div>\n","protected":false},"excerpt":{"rendered":"<p>Le&nbsp;style scandinave&nbsp;investit depuis quelques ann\u00e9es nos int\u00e9rieurs. Ce style d\u00e9coratif consid\u00e8re du mobilier \u00e9pur\u00e9, fonctionnel et beau, mais \u00e9galement un art del\u2019am\u00e9nagement de l\u2019espace. La Maison Saulaie aime l\u2019esth\u00e9tique scandinave et les tendances qui en d\u00e9coulent. Aujourd\u2019hui, nous vous proposons de d\u00e9couvrir trois pi\u00e8ces phares qui apportent \u00e0 votre int\u00e9rieur \u00e9l\u00e9gance et convivialit\u00e9. LA CONSOLE [&hellip;]<\/p>\n","protected":false},"author":11,"featured_media":5301,"comment_status":"open","ping_status":"open","sticky":false,"template":"","format":"standard","meta":{"_seopress_robots_primary_cat":"16","_seopress_titles_title":"","_seopress_titles_desc":"","_seopress_robots_index":"","_uag_custom_page_level_css":"","footnotes":""},"categories":[19,16],"tags":[],"class_list":{"0":"post-5298","1":"post","2":"type-post","3":"status-publish","4":"format-standard","5":"has-post-thumbnail","7":"category-collections","8":"category-tendances"},"uagb_featured_image_src":{"full":["https:\/\/www.saulaie.com\/blog\/wp-content\/uploads\/2022\/07\/style-scandinave.jpg",1100,726,false],"thumbnail":["https:\/\/www.saulaie.com\/blog\/wp-content\/uploads\/2022\/07\/style-scandinave-150x150.jpg",150,150,true],"medium":["https:\/\/www.saulaie.com\/blog\/wp-content\/uploads\/2022\/07\/style-scandinave-300x198.jpg",300,198,true],"medium_large":["https:\/\/www.saulaie.com\/blog\/wp-content\/uploads\/2022\/07\/style-scandinave-768x507.jpg",768,507,true],"large":["https:\/\/www.saulaie.com\/blog\/wp-content\/uploads\/2022\/07\/style-scandinave-1024x676.jpg",800,528,true],"1536x1536":["https:\/\/www.saulaie.com\/blog\/wp-content\/uploads\/2022\/07\/style-scandinave.jpg",1100,726,false],"2048x2048":["https:\/\/www.saulaie.com\/blog\/wp-content\/uploads\/2022\/07\/style-scandinave.jpg",1100,726,false],"gform-image-choice-sm":["https:\/\/www.saulaie.com\/blog\/wp-content\/uploads\/2022\/07\/style-scandinave.jpg",300,198,false],"gform-image-choice-md":["https:\/\/www.saulaie.com\/blog\/wp-content\/uploads\/2022\/07\/style-scandinave.jpg",400,264,false],"gform-image-choice-lg":["https:\/\/www.saulaie.com\/blog\/wp-content\/uploads\/2022\/07\/style-scandinave.jpg",600,396,false]},"uagb_author_info":{"display_name":"Elodie Rossignol","author_link":"https:\/\/www.saulaie.com\/blog\/author\/elodie\/"},"uagb_comment_info":0,"uagb_excerpt":"Le&nbsp;style scandinave&nbsp;investit depuis quelques ann\u00e9es nos int\u00e9rieurs. Ce style d\u00e9coratif consid\u00e8re du mobilier \u00e9pur\u00e9, fonctionnel et beau, mais \u00e9galement un art del\u2019am\u00e9nagement de l\u2019espace. La Maison Saulaie aime l\u2019esth\u00e9tique scandinave et les tendances qui en d\u00e9coulent. Aujourd\u2019hui, nous vous proposons de d\u00e9couvrir trois pi\u00e8ces phares qui apportent \u00e0 votre int\u00e9rieur \u00e9l\u00e9gance et convivialit\u00e9. LA CONSOLE\u2026","_links":{"self":[{"href":"https:\/\/www.saulaie.com\/blog\/wp-json\/wp\/v2\/posts\/5298","targetHints":{"allow":["GET"]}}],"collection":[{"href":"https:\/\/www.saulaie.com\/blog\/wp-json\/wp\/v2\/posts"}],"about":[{"href":"https:\/\/www.saulaie.com\/blog\/wp-json\/wp\/v2\/types\/post"}],"author":[{"embeddable":true,"href":"https:\/\/www.saulaie.com\/blog\/wp-json\/wp\/v2\/users\/11"}],"replies":[{"embeddable":true,"href":"https:\/\/www.saulaie.com\/blog\/wp-json\/wp\/v2\/comments?post=5298"}],"version-history":[{"count":10,"href":"https:\/\/www.saulaie.com\/blog\/wp-json\/wp\/v2\/posts\/5298\/revisions"}],"predecessor-version":[{"id":7904,"href":"https:\/\/www.saulaie.com\/blog\/wp-json\/wp\/v2\/posts\/5298\/revisions\/7904"}],"wp:featuredmedia":[{"embeddable":true,"href":"https:\/\/www.saulaie.com\/blog\/wp-json\/wp\/v2\/media\/5301"}],"wp:attachment":[{"href":"https:\/\/www.saulaie.com\/blog\/wp-json\/wp\/v2\/media?parent=5298"}],"wp:term":[{"taxonomy":"category","embeddable":true,"href":"https:\/\/www.saulaie.com\/blog\/wp-json\/wp\/v2\/categories?post=5298"},{"taxonomy":"post_tag","embeddable":true,"href":"https:\/\/www.saulaie.com\/blog\/wp-json\/wp\/v2\/tags?post=5298"}],"curies":[{"name":"wp","href":"https:\/\/api.w.org\/{rel}","templated":true}]}}