{"id":5232,"date":"2021-12-31T14:14:00","date_gmt":"2021-12-31T13:14:00","guid":{"rendered":"http:\/\/blog.saulaie.com\/?p=5232"},"modified":"2023-06-16T09:41:50","modified_gmt":"2023-06-16T08:41:50","slug":"la-table-des-matieres-bois-ceramiques","status":"publish","type":"post","link":"https:\/\/www.saulaie.com\/blog\/la-table-des-matieres-bois-ceramiques\/","title":{"rendered":"La table des mati\u00e8res \u2013 Bois &#038; C\u00e9ramique"},"content":{"rendered":"\n<div class=\"wp-block-columns is-layout-flex wp-container-core-columns-is-layout-9d6595d7 wp-block-columns-is-layout-flex\">\n<div class=\"wp-block-column is-layout-flow wp-block-column-is-layout-flow\"><\/div>\n\n\n\n<div class=\"wp-block-column is-layout-flow wp-block-column-is-layout-flow\">\n<p class=\"has-text-align-center\">D\u00e9couvrez nos mati\u00e8res brutes, travaill\u00e9es par la Maison Saulaie, dans un souci de noblesse et de caract\u00e8re du mobilier.<\/p>\n<\/div>\n\n\n\n<div class=\"wp-block-column is-layout-flow wp-block-column-is-layout-flow\"><\/div>\n<\/div>\n\n\n\n<h2 class=\"has-text-align-right wp-block-heading\">B COMME BOIS<\/h2>\n\n\n\n<div class=\"wp-block-columns is-layout-flex wp-container-core-columns-is-layout-9d6595d7 wp-block-columns-is-layout-flex\">\n<div class=\"wp-block-column is-layout-flow wp-block-column-is-layout-flow\">\n<figure class=\"wp-block-embed is-type-video is-provider-youtube wp-block-embed-youtube wp-embed-aspect-16-9 wp-has-aspect-ratio\"><div class=\"wp-block-embed__wrapper\">\n<iframe title=\"Fauteuil design Ernest teinte noyer\" width=\"800\" height=\"450\" src=\"https:\/\/www.youtube.com\/embed\/stae78uz8zs?feature=oembed\" frameborder=\"0\" allow=\"accelerometer; autoplay; clipboard-write; encrypted-media; gyroscope; picture-in-picture; web-share\" referrerpolicy=\"strict-origin-when-cross-origin\" allowfullscreen><\/iframe>\n<\/div><\/figure>\n<\/div>\n\n\n\n<div class=\"wp-block-column is-layout-flow wp-block-column-is-layout-flow\">\n<p class=\"has-text-align-right\">Mat\u00e9riau incontournable de l\u2019ameublement, le bois dans toute sa&nbsp;<strong>tradition artisanale<\/strong>&nbsp;s\u2019inscrit comme un intemporel d\u2019esth\u00e9tique et de durabilit\u00e9. Les bois utilis\u00e9s dans la cr\u00e9ation du mobilier Saulaie sont issus de for\u00eats fran\u00e7aises g\u00e9r\u00e9es durablement. Une mati\u00e8re premi\u00e8re haut de gamme travaill\u00e9e avec soin dans les r\u00e8gles de l\u2019artisanat dans des ateliers fran\u00e7ais et europ\u00e9ens. Des essences d\u2019exception et des teintes naturelles pour un rendu \u00e9l\u00e9gant et p\u00e9renne. Le leitmotiv de la Maison est de mettre en valeur les&nbsp;<strong>mat\u00e9riaux nobles<\/strong>&nbsp;et&nbsp;le savoir-faire technique europ\u00e9en. Elle ne manque pas non plus de r\u00e9aliser des prouesses en termes de conception et de production pour assurer des&nbsp;<strong>pi\u00e8ces raffin\u00e9es et design<\/strong>.<\/p>\n<\/div>\n<\/div>\n\n\n\n<div class=\"wp-block-columns is-layout-flex wp-container-core-columns-is-layout-9d6595d7 wp-block-columns-is-layout-flex\">\n<div class=\"wp-block-column is-layout-flow wp-block-column-is-layout-flow\">\n<p class=\"has-text-align-center\">Elle se sp\u00e9cialise notamment dans le\u00a0<strong>bois courb\u00e9\u00a0<\/strong>pour ses\u00a0<a href=\"https:\/\/www.saulaie.com\/fr\/10248-chaise-design\" target=\"_blank\" rel=\"noreferrer noopener\"><u>chaises design<\/u><\/a>. Le bois est chauff\u00e9 \u00e0 la vapeur afin de gagner en souplesse. Gr\u00e2ce \u00e0 un syst\u00e8me d\u2019\u00e9vacuation de l\u2019eau, le bois pr\u00e9serve toute sa stature et sa qualit\u00e9. Une fois mall\u00e9able, il est attentivement courb\u00e9 et maintenu gr\u00e2ce \u00e0 une sangle de serrage, ce qui lui permet de s\u00e9cher en douceur et ainsi de stabiliser ses volutes.<\/p>\n<\/div>\n<\/div>\n\n\n<div class=\"wp-block-image\">\n<figure class=\"aligncenter size-large\"><a href=\"http:\/\/blog.saulaie.com\/wp-content\/uploads\/2022\/07\/chaises-scandinaves.jpg\"><img fetchpriority=\"high\" decoding=\"async\" width=\"1024\" height=\"512\" src=\"http:\/\/blog.saulaie.com\/wp-content\/uploads\/2022\/07\/chaises-scandinaves-1024x512.jpg\" alt=\"\" class=\"wp-image-5236\" srcset=\"https:\/\/www.saulaie.com\/blog\/wp-content\/uploads\/2022\/07\/chaises-scandinaves-1024x512.jpg 1024w, https:\/\/www.saulaie.com\/blog\/wp-content\/uploads\/2022\/07\/chaises-scandinaves-300x150.jpg 300w, https:\/\/www.saulaie.com\/blog\/wp-content\/uploads\/2022\/07\/chaises-scandinaves-768x384.jpg 768w, https:\/\/www.saulaie.com\/blog\/wp-content\/uploads\/2022\/07\/chaises-scandinaves-705x353.jpg 705w, https:\/\/www.saulaie.com\/blog\/wp-content\/uploads\/2022\/07\/chaises-scandinaves.jpg 1100w\" sizes=\"(max-width: 1024px) 100vw, 1024px\" \/><\/a><\/figure>\n<\/div>\n\n\n<h2 class=\"has-text-align-left wp-block-heading\">C COMME C\u00c9RAMIQUE<\/h2>\n\n\n\n<p class=\"has-text-align-center\">La c\u00e9ramique ou \u00ab&nbsp;terre de potier&nbsp;\u00bb est un mat\u00e9riau fabriqu\u00e9 par l\u2019homme \u00e0 partir de terre d\u2019argile \u00e0 laquelle il ajoute d\u2019autres composants min\u00e9raux, le tout cuit au four \u00e0 tr\u00e8s forte temp\u00e9rature. Une m\u00e9thode de production qui n\u00e9cessite sens de l\u2019esth\u00e9tique et minutie pour garantir une cuisson optimale. Cuite \u00e0 bonne temp\u00e9rature, la c\u00e9ramique promet r\u00e9sistance et robustesse. C\u2019est pourquoi la Maison Saulaie travaille main dans la main avec des&nbsp;<strong>artisans c\u00e9ramistes<\/strong>&nbsp;appliqu\u00e9s et exigeants.<\/p>\n\n\n\n<p class=\"has-text-align-center\">Chaque objet ou partie de&nbsp;<strong>meuble en c\u00e9ramique<\/strong>&nbsp;est le r\u00e9sultat d\u2019un long travail de composition, de cuisson, de v\u00e9rification et d\u2019exp\u00e9rience.<\/p>\n\n\n\n<p class=\"has-text-align-center\">La <a href=\"https:\/\/www.saulaie.com\/blog\/2023\/02\/23\/quelle-est-la-difference-entre-le-marbre-et-la-ceramique\/\" data-type=\"post\" data-id=\"7390\">c\u00e9ramique <\/a>apporte un design \u00e0 la fois moderne et raffin\u00e9. Particuli\u00e8rement tendance, elle se d\u00e9cline dans la maison \u00e0 travers des\u00a0<a rel=\"noreferrer noopener\" href=\"https:\/\/www.saulaie.com\/fr\/25-decoration\" target=\"_blank\">objets de d\u00e9coration<\/a>, de la\u00a0vaisselle, mais \u00e9galement des\u00a0<strong>plateaux de meubles<\/strong>. Sa composition rigoureuse lui permet de pr\u00e9venir des chocs thermiques, en faisant donc un alli\u00e9 incontestable pour les repas.\u00a0<\/p>\n\n\n<div class=\"wp-block-image\">\n<figure class=\"aligncenter size-large\"><a href=\"http:\/\/blog.saulaie.com\/wp-content\/uploads\/2022\/07\/ceramiques.jpg\"><img decoding=\"async\" width=\"1024\" height=\"512\" src=\"http:\/\/blog.saulaie.com\/wp-content\/uploads\/2022\/07\/ceramiques-1024x512.jpg\" alt=\"\" class=\"wp-image-5240\" srcset=\"https:\/\/www.saulaie.com\/blog\/wp-content\/uploads\/2022\/07\/ceramiques-1024x512.jpg 1024w, https:\/\/www.saulaie.com\/blog\/wp-content\/uploads\/2022\/07\/ceramiques-300x150.jpg 300w, https:\/\/www.saulaie.com\/blog\/wp-content\/uploads\/2022\/07\/ceramiques-768x384.jpg 768w, https:\/\/www.saulaie.com\/blog\/wp-content\/uploads\/2022\/07\/ceramiques-705x353.jpg 705w, https:\/\/www.saulaie.com\/blog\/wp-content\/uploads\/2022\/07\/ceramiques.jpg 1100w\" sizes=\"(max-width: 1024px) 100vw, 1024px\" \/><\/a><\/figure>\n<\/div>","protected":false},"excerpt":{"rendered":"<p>D\u00e9couvrez nos mati\u00e8res brutes, travaill\u00e9es par la Maison Saulaie, dans un souci de noblesse et de caract\u00e8re du mobilier. B COMME BOIS Mat\u00e9riau incontournable de l\u2019ameublement, le bois dans toute sa&nbsp;tradition artisanale&nbsp;s\u2019inscrit comme un intemporel d\u2019esth\u00e9tique et de durabilit\u00e9. Les bois utilis\u00e9s dans la cr\u00e9ation du mobilier Saulaie sont issus de for\u00eats fran\u00e7aises g\u00e9r\u00e9es durablement. [&hellip;]<\/p>\n","protected":false},"author":11,"featured_media":5849,"comment_status":"open","ping_status":"open","sticky":false,"template":"","format":"standard","meta":{"_seopress_robots_primary_cat":"16","_seopress_titles_title":"","_seopress_titles_desc":"","_seopress_robots_index":"","_uag_custom_page_level_css":"","footnotes":""},"categories":[17,16],"tags":[],"class_list":{"0":"post-5232","1":"post","2":"type-post","3":"status-publish","4":"format-standard","5":"has-post-thumbnail","7":"category-philosophie","8":"category-tendances"},"uagb_featured_image_src":{"full":["https:\/\/www.saulaie.com\/blog\/wp-content\/uploads\/2022\/07\/bois-ceramique.jpg",1100,726,false],"thumbnail":["https:\/\/www.saulaie.com\/blog\/wp-content\/uploads\/2022\/07\/bois-ceramique-150x150.jpg",150,150,true],"medium":["https:\/\/www.saulaie.com\/blog\/wp-content\/uploads\/2022\/07\/bois-ceramique-300x198.jpg",300,198,true],"medium_large":["https:\/\/www.saulaie.com\/blog\/wp-content\/uploads\/2022\/07\/bois-ceramique-768x507.jpg",768,507,true],"large":["https:\/\/www.saulaie.com\/blog\/wp-content\/uploads\/2022\/07\/bois-ceramique-1024x676.jpg",800,528,true],"1536x1536":["https:\/\/www.saulaie.com\/blog\/wp-content\/uploads\/2022\/07\/bois-ceramique.jpg",1100,726,false],"2048x2048":["https:\/\/www.saulaie.com\/blog\/wp-content\/uploads\/2022\/07\/bois-ceramique.jpg",1100,726,false],"gform-image-choice-sm":["https:\/\/www.saulaie.com\/blog\/wp-content\/uploads\/2022\/07\/bois-ceramique.jpg",300,198,false],"gform-image-choice-md":["https:\/\/www.saulaie.com\/blog\/wp-content\/uploads\/2022\/07\/bois-ceramique.jpg",400,264,false],"gform-image-choice-lg":["https:\/\/www.saulaie.com\/blog\/wp-content\/uploads\/2022\/07\/bois-ceramique.jpg",600,396,false]},"uagb_author_info":{"display_name":"Elodie Rossignol","author_link":"https:\/\/www.saulaie.com\/blog\/author\/elodie\/"},"uagb_comment_info":0,"uagb_excerpt":"D\u00e9couvrez nos mati\u00e8res brutes, travaill\u00e9es par la Maison Saulaie, dans un souci de noblesse et de caract\u00e8re du mobilier. B COMME BOIS Mat\u00e9riau incontournable de l\u2019ameublement, le bois dans toute sa&nbsp;tradition artisanale&nbsp;s\u2019inscrit comme un intemporel d\u2019esth\u00e9tique et de durabilit\u00e9. Les bois utilis\u00e9s dans la cr\u00e9ation du mobilier Saulaie sont issus de for\u00eats fran\u00e7aises g\u00e9r\u00e9es durablement.\u2026","_links":{"self":[{"href":"https:\/\/www.saulaie.com\/blog\/wp-json\/wp\/v2\/posts\/5232","targetHints":{"allow":["GET"]}}],"collection":[{"href":"https:\/\/www.saulaie.com\/blog\/wp-json\/wp\/v2\/posts"}],"about":[{"href":"https:\/\/www.saulaie.com\/blog\/wp-json\/wp\/v2\/types\/post"}],"author":[{"embeddable":true,"href":"https:\/\/www.saulaie.com\/blog\/wp-json\/wp\/v2\/users\/11"}],"replies":[{"embeddable":true,"href":"https:\/\/www.saulaie.com\/blog\/wp-json\/wp\/v2\/comments?post=5232"}],"version-history":[{"count":21,"href":"https:\/\/www.saulaie.com\/blog\/wp-json\/wp\/v2\/posts\/5232\/revisions"}],"predecessor-version":[{"id":7682,"href":"https:\/\/www.saulaie.com\/blog\/wp-json\/wp\/v2\/posts\/5232\/revisions\/7682"}],"wp:featuredmedia":[{"embeddable":true,"href":"https:\/\/www.saulaie.com\/blog\/wp-json\/wp\/v2\/media\/5849"}],"wp:attachment":[{"href":"https:\/\/www.saulaie.com\/blog\/wp-json\/wp\/v2\/media?parent=5232"}],"wp:term":[{"taxonomy":"category","embeddable":true,"href":"https:\/\/www.saulaie.com\/blog\/wp-json\/wp\/v2\/categories?post=5232"},{"taxonomy":"post_tag","embeddable":true,"href":"https:\/\/www.saulaie.com\/blog\/wp-json\/wp\/v2\/tags?post=5232"}],"curies":[{"name":"wp","href":"https:\/\/api.w.org\/{rel}","templated":true}]}}