{"id":4891,"date":"2021-08-16T11:03:00","date_gmt":"2021-08-16T10:03:00","guid":{"rendered":"http:\/\/blog.saulaie.com\/?p=4891"},"modified":"2023-06-09T14:51:12","modified_gmt":"2023-06-09T13:51:12","slug":"fauteuils-louis-xvi-choisissez-votre-piece-unique-2","status":"publish","type":"post","link":"https:\/\/www.saulaie.com\/blog\/fauteuils-louis-xvi-choisissez-votre-piece-unique-2\/","title":{"rendered":"Fauteuils Louis XVI, choisissez votre pi\u00e8ce unique"},"content":{"rendered":"\n<div class=\"wp-block-columns is-layout-flex wp-container-core-columns-is-layout-9d6595d7 wp-block-columns-is-layout-flex\">\n<div class=\"wp-block-column is-layout-flow wp-block-column-is-layout-flow\"><\/div>\n\n\n\n<div class=\"wp-block-column is-layout-flow wp-block-column-is-layout-flow\">\n<p class=\"has-text-align-center\">L\u2019av\u00e8nement du style Louis XVI a \u00e9t\u00e9 f\u00e9cond en design d\u2019<strong>assises exceptionnelles et intemporelles<\/strong>.<\/p>\n\n\n\n<p class=\"has-text-align-center\">Ces fauteuils \u00e0 l\u2019allure classique se caract\u00e9risent par leurs formes tr\u00e8s g\u00e9om\u00e9triques et enveloppantes. Dans une salle \u00e0 manger, un salon, une chambre ou encore une entr\u00e9e, leur style saura vous s\u00e9duire et po\u00e9tiser votre int\u00e9rieur.<\/p>\n<\/div>\n\n\n\n<div class=\"wp-block-column is-layout-flow wp-block-column-is-layout-flow\"><\/div>\n<\/div>\n\n\n\n<div class=\"wp-block-columns is-layout-flex wp-container-core-columns-is-layout-9d6595d7 wp-block-columns-is-layout-flex\">\n<div class=\"wp-block-column is-layout-flow wp-block-column-is-layout-flow\"><div class=\"wp-block-image\">\n<figure class=\"aligncenter size-large\"><a href=\"http:\/\/blog.saulaie.com\/wp-content\/uploads\/2022\/07\/fauteuilLouisXVI-1.jpg\"><img fetchpriority=\"high\" decoding=\"async\" width=\"1024\" height=\"512\" src=\"http:\/\/blog.saulaie.com\/wp-content\/uploads\/2022\/07\/fauteuilLouisXVI-1-1024x512.jpg\" alt=\"\" class=\"wp-image-4894\" srcset=\"https:\/\/www.saulaie.com\/blog\/wp-content\/uploads\/2022\/07\/fauteuilLouisXVI-1-1024x512.jpg 1024w, https:\/\/www.saulaie.com\/blog\/wp-content\/uploads\/2022\/07\/fauteuilLouisXVI-1-300x150.jpg 300w, https:\/\/www.saulaie.com\/blog\/wp-content\/uploads\/2022\/07\/fauteuilLouisXVI-1-768x384.jpg 768w, https:\/\/www.saulaie.com\/blog\/wp-content\/uploads\/2022\/07\/fauteuilLouisXVI-1-705x353.jpg 705w, https:\/\/www.saulaie.com\/blog\/wp-content\/uploads\/2022\/07\/fauteuilLouisXVI-1.jpg 1100w\" sizes=\"(max-width: 1024px) 100vw, 1024px\" \/><\/a><\/figure>\n<\/div><\/div>\n<\/div>\n\n\n\n<div class=\"wp-block-columns is-layout-flex wp-container-core-columns-is-layout-9d6595d7 wp-block-columns-is-layout-flex\">\n<div class=\"wp-block-column is-layout-flow wp-block-column-is-layout-flow\">\n<h2 class=\"has-text-align-center wp-block-heading\">La fauteuil M\u00e9daillon, embl\u00e8me du style Louis XVI<\/h2>\n<\/div>\n<\/div>\n\n\n\n<div class=\"wp-block-columns is-layout-flex wp-container-core-columns-is-layout-9d6595d7 wp-block-columns-is-layout-flex\">\n<div class=\"wp-block-column is-layout-flow wp-block-column-is-layout-flow\">\n<p>Ce somptueux si\u00e8ge s\u2019impose comme le symbole du\u00a0<a rel=\"noreferrer noopener\" href=\"https:\/\/www.saulaie.com\/blog\/2021\/08\/10\/succombez-au-charme-du-style-louis-xvi-pour-votre-chambre\/\" target=\"_blank\">style Louis XVI<\/a>. Avec son dossier ovale et sa structure en bois sculpt\u00e9, le\u00a0<strong>fauteuil M\u00e9daillon<\/strong>\u00a0fait l\u2019objet d\u2019un travail m\u00e9ticuleux. La Maison Saulaie, fi\u00e8re gardienne de ce savoir-faire vous invite \u00e0 d\u00e9couvrir le\u00a0<a href=\"https:\/\/www.saulaie.com\/fr\/10282-fauteuil-ancien?collection%5Bmedaillon%5D=medaillon\" target=\"_blank\" rel=\"noreferrer noopener\">fauteuil M\u00e9daillon<\/a>,\u00a0cann\u00e9 de fa\u00e7on artisanale.\u00a0<\/p>\n<\/div>\n\n\n\n<div class=\"wp-block-column is-layout-flow wp-block-column-is-layout-flow\">\n<p>Ce si\u00e8ge donnera vie \u00e0 toutes vos pi\u00e8ces, comme assise dans une salle \u00e0 manger ou un salon, mais aussi comme agr\u00e9ment dans une chambre \u00e0 coucher. Son allure et ses mat\u00e9riaux nobles rehausseront votre d\u00e9coration.<\/p>\n<\/div>\n<\/div>\n\n\n\n<div class=\"wp-block-columns is-layout-flex wp-container-core-columns-is-layout-9d6595d7 wp-block-columns-is-layout-flex\">\n<div class=\"wp-block-column is-layout-flow wp-block-column-is-layout-flow\">\n<h2 class=\"has-text-align-center wp-block-heading\">Le fauteuil berg\u00e8re, une assise confortable et cossue<\/h2>\n<\/div>\n<\/div>\n\n\n\n<div class=\"wp-block-columns is-layout-flex wp-container-core-columns-is-layout-9d6595d7 wp-block-columns-is-layout-flex\">\n<div class=\"wp-block-column is-layout-flow wp-block-column-is-layout-flow\">\n<p class=\"has-text-align-center\">Le&nbsp;<strong><a href=\"https:\/\/www.saulaie.com\/fr\/10173-fauteuil-bergere\" target=\"_blank\" rel=\"noreferrer noopener\">fauteuil Berg\u00e8re<\/a><\/strong>, v\u00e9ritable reproduction du meuble ancien est l\u2019atout charme de votre d\u00e9coration. Sa forme cosy tout en rondeur et son assise \u00e9paisse et moelleuse en fait une assise aussi confortable qu\u2019\u00e9l\u00e9gante. V\u00e9ritable expression de l\u2019art de vivre fran\u00e7ais et de convivialit\u00e9, cette pi\u00e8ce cossue appelle \u00e0 la d\u00e9tente et aux instants de partage. Recouverte d\u2019un tissu beige lui donnant une apparence contemporaine et habill\u00e9e, cette assise id\u00e9ale prendra tout son sens dans un salon ou une pi\u00e8ce \u00e0 vivre.&nbsp;<\/p>\n<\/div>\n<\/div>\n\n\n\n<div class=\"wp-block-columns is-layout-flex wp-container-core-columns-is-layout-9d6595d7 wp-block-columns-is-layout-flex\">\n<div class=\"wp-block-column is-layout-flow wp-block-column-is-layout-flow\"><div class=\"wp-block-image\">\n<figure class=\"aligncenter size-large\"><a href=\"http:\/\/blog.saulaie.com\/wp-content\/uploads\/2022\/07\/fauteuilLouisXVI-2-1.jpg\"><img decoding=\"async\" width=\"1024\" height=\"512\" src=\"http:\/\/blog.saulaie.com\/wp-content\/uploads\/2022\/07\/fauteuilLouisXVI-2-1-1024x512.jpg\" alt=\"\" class=\"wp-image-4900\" srcset=\"https:\/\/www.saulaie.com\/blog\/wp-content\/uploads\/2022\/07\/fauteuilLouisXVI-2-1-1024x512.jpg 1024w, https:\/\/www.saulaie.com\/blog\/wp-content\/uploads\/2022\/07\/fauteuilLouisXVI-2-1-300x150.jpg 300w, https:\/\/www.saulaie.com\/blog\/wp-content\/uploads\/2022\/07\/fauteuilLouisXVI-2-1-768x384.jpg 768w, https:\/\/www.saulaie.com\/blog\/wp-content\/uploads\/2022\/07\/fauteuilLouisXVI-2-1-705x353.jpg 705w, https:\/\/www.saulaie.com\/blog\/wp-content\/uploads\/2022\/07\/fauteuilLouisXVI-2-1.jpg 1100w\" sizes=\"(max-width: 1024px) 100vw, 1024px\" \/><\/a><\/figure>\n<\/div><\/div>\n<\/div>\n\n\n\n<div class=\"wp-block-columns is-layout-flex wp-container-core-columns-is-layout-9d6595d7 wp-block-columns-is-layout-flex\">\n<div class=\"wp-block-column is-layout-flow wp-block-column-is-layout-flow\">\n<h2 class=\"wp-block-heading\">La banquette Louis XVI, agr\u00e9ment d&rsquo;exception<\/h2>\n<\/div>\n\n\n\n<div class=\"wp-block-column is-layout-flow wp-block-column-is-layout-flow\">\n<p>La\u00a0<strong>banquette Louis XVI<\/strong>, elle aussi, est une des pi\u00e8ces mise en exergue. Ce meuble tout en longueur est le parfait \u00e9quilibre entre confort et esth\u00e9tique. Nous vous invitons \u00e0 red\u00e9couvrir la\u00a0banquette Trianon\u00a0style Louis XVI\u00a0de fabrication artisanale, recouverte d\u2019un tissu beige avec finition passepoil. Avec ses lignes effil\u00e9es et raffin\u00e9es, cette pi\u00e8ce aux six pieds cannel\u00e9s s\u2019ancre au sol en toute l\u00e9g\u00e8ret\u00e9. La banquette est id\u00e9ale en bout de lit pour donner corps \u00e0 votre couchage ou dans une entr\u00e9e afin de cr\u00e9er un espace pour se chausser o\u00f9 d\u00e9poser veste et sac \u00e0 main. Elle est \u00e9galement appr\u00e9ciable dans un <a href=\"https:\/\/www.saulaie.com\/blog\/2020\/05\/18\/comment-accessoiriser-son-salon-avec-gout-et-raffinement-2\/\" data-type=\"post\" data-id=\"4455\">salon<\/a>, pour une assise intime et conviviale.<\/p>\n<\/div>\n<\/div>\n","protected":false},"excerpt":{"rendered":"<p>L\u2019av\u00e8nement du style Louis XVI a \u00e9t\u00e9 f\u00e9cond en design d\u2019assises exceptionnelles et intemporelles. Ces fauteuils \u00e0 l\u2019allure classique se caract\u00e9risent par leurs formes tr\u00e8s g\u00e9om\u00e9triques et enveloppantes. Dans une salle \u00e0 manger, un salon, une chambre ou encore une entr\u00e9e, leur style saura vous s\u00e9duire et po\u00e9tiser votre int\u00e9rieur. La fauteuil M\u00e9daillon, embl\u00e8me du [&hellip;]<\/p>\n","protected":false},"author":11,"featured_media":4896,"comment_status":"open","ping_status":"open","sticky":false,"template":"","format":"standard","meta":{"_seopress_robots_primary_cat":"19","_seopress_titles_title":"","_seopress_titles_desc":"","_seopress_robots_index":"","_uag_custom_page_level_css":"","footnotes":""},"categories":[19],"tags":[],"class_list":{"0":"post-4891","1":"post","2":"type-post","3":"status-publish","4":"format-standard","5":"has-post-thumbnail","7":"category-collections"},"uagb_featured_image_src":{"full":["https:\/\/www.saulaie.com\/blog\/wp-content\/uploads\/2022\/07\/fauteuilLouisXVI-2.jpg",1100,726,false],"thumbnail":["https:\/\/www.saulaie.com\/blog\/wp-content\/uploads\/2022\/07\/fauteuilLouisXVI-2-150x150.jpg",150,150,true],"medium":["https:\/\/www.saulaie.com\/blog\/wp-content\/uploads\/2022\/07\/fauteuilLouisXVI-2-300x198.jpg",300,198,true],"medium_large":["https:\/\/www.saulaie.com\/blog\/wp-content\/uploads\/2022\/07\/fauteuilLouisXVI-2-768x507.jpg",768,507,true],"large":["https:\/\/www.saulaie.com\/blog\/wp-content\/uploads\/2022\/07\/fauteuilLouisXVI-2-1024x676.jpg",800,528,true],"1536x1536":["https:\/\/www.saulaie.com\/blog\/wp-content\/uploads\/2022\/07\/fauteuilLouisXVI-2.jpg",1100,726,false],"2048x2048":["https:\/\/www.saulaie.com\/blog\/wp-content\/uploads\/2022\/07\/fauteuilLouisXVI-2.jpg",1100,726,false],"gform-image-choice-sm":["https:\/\/www.saulaie.com\/blog\/wp-content\/uploads\/2022\/07\/fauteuilLouisXVI-2.jpg",300,198,false],"gform-image-choice-md":["https:\/\/www.saulaie.com\/blog\/wp-content\/uploads\/2022\/07\/fauteuilLouisXVI-2.jpg",400,264,false],"gform-image-choice-lg":["https:\/\/www.saulaie.com\/blog\/wp-content\/uploads\/2022\/07\/fauteuilLouisXVI-2.jpg",600,396,false]},"uagb_author_info":{"display_name":"Elodie Rossignol","author_link":"https:\/\/www.saulaie.com\/blog\/author\/elodie\/"},"uagb_comment_info":0,"uagb_excerpt":"L\u2019av\u00e8nement du style Louis XVI a \u00e9t\u00e9 f\u00e9cond en design d\u2019assises exceptionnelles et intemporelles. Ces fauteuils \u00e0 l\u2019allure classique se caract\u00e9risent par leurs formes tr\u00e8s g\u00e9om\u00e9triques et enveloppantes. Dans une salle \u00e0 manger, un salon, une chambre ou encore une entr\u00e9e, leur style saura vous s\u00e9duire et po\u00e9tiser votre int\u00e9rieur. La fauteuil M\u00e9daillon, embl\u00e8me du\u2026","_links":{"self":[{"href":"https:\/\/www.saulaie.com\/blog\/wp-json\/wp\/v2\/posts\/4891","targetHints":{"allow":["GET"]}}],"collection":[{"href":"https:\/\/www.saulaie.com\/blog\/wp-json\/wp\/v2\/posts"}],"about":[{"href":"https:\/\/www.saulaie.com\/blog\/wp-json\/wp\/v2\/types\/post"}],"author":[{"embeddable":true,"href":"https:\/\/www.saulaie.com\/blog\/wp-json\/wp\/v2\/users\/11"}],"replies":[{"embeddable":true,"href":"https:\/\/www.saulaie.com\/blog\/wp-json\/wp\/v2\/comments?post=4891"}],"version-history":[{"count":6,"href":"https:\/\/www.saulaie.com\/blog\/wp-json\/wp\/v2\/posts\/4891\/revisions"}],"predecessor-version":[{"id":7650,"href":"https:\/\/www.saulaie.com\/blog\/wp-json\/wp\/v2\/posts\/4891\/revisions\/7650"}],"wp:featuredmedia":[{"embeddable":true,"href":"https:\/\/www.saulaie.com\/blog\/wp-json\/wp\/v2\/media\/4896"}],"wp:attachment":[{"href":"https:\/\/www.saulaie.com\/blog\/wp-json\/wp\/v2\/media?parent=4891"}],"wp:term":[{"taxonomy":"category","embeddable":true,"href":"https:\/\/www.saulaie.com\/blog\/wp-json\/wp\/v2\/categories?post=4891"},{"taxonomy":"post_tag","embeddable":true,"href":"https:\/\/www.saulaie.com\/blog\/wp-json\/wp\/v2\/tags?post=4891"}],"curies":[{"name":"wp","href":"https:\/\/api.w.org\/{rel}","templated":true}]}}