{"id":4807,"date":"2021-08-02T14:12:00","date_gmt":"2021-08-02T13:12:00","guid":{"rendered":"http:\/\/blog.saulaie.com\/?p=4807"},"modified":"2023-06-09T13:43:00","modified_gmt":"2023-06-09T12:43:00","slug":"lesprit-vacances-voguez-au-large-2","status":"publish","type":"post","link":"https:\/\/www.saulaie.com\/blog\/lesprit-vacances-voguez-au-large-2\/","title":{"rendered":"L&rsquo;esprit vacances, voguez au large"},"content":{"rendered":"\n<div class=\"wp-block-columns is-layout-flex wp-container-core-columns-is-layout-9d6595d7 wp-block-columns-is-layout-flex\">\n<div class=\"wp-block-column is-layout-flow wp-block-column-is-layout-flow\"><\/div>\n\n\n\n<div class=\"wp-block-column is-layout-flow wp-block-column-is-layout-flow\">\n<p class=\"has-text-align-center\">Si le style bord de mer s\u00e9duit les estivants depuis de nombreuses ann\u00e9es avec ses rayures bleues et blanches et ses bois flott\u00e9es, allez plus loin et voguez au large&nbsp;! Laissez-vous s\u00e9duire par les collections au&nbsp;<strong>style marine<\/strong>&nbsp;de la Maison Saulaie.&nbsp;<\/p>\n<\/div>\n\n\n\n<div class=\"wp-block-column is-layout-flow wp-block-column-is-layout-flow\"><\/div>\n<\/div>\n\n\n\n<div class=\"wp-block-columns is-layout-flex wp-container-core-columns-is-layout-9d6595d7 wp-block-columns-is-layout-flex\">\n<div class=\"wp-block-column is-layout-flow wp-block-column-is-layout-flow\"><div class=\"wp-block-image\">\n<figure class=\"aligncenter size-large\"><a href=\"http:\/\/blog.saulaie.com\/wp-content\/uploads\/2022\/07\/voguez-large-1.jpg\"><img fetchpriority=\"high\" decoding=\"async\" width=\"1024\" height=\"512\" src=\"http:\/\/blog.saulaie.com\/wp-content\/uploads\/2022\/07\/voguez-large-1-1024x512.jpg\" alt=\"\" class=\"wp-image-4812\" srcset=\"https:\/\/www.saulaie.com\/blog\/wp-content\/uploads\/2022\/07\/voguez-large-1-1024x512.jpg 1024w, https:\/\/www.saulaie.com\/blog\/wp-content\/uploads\/2022\/07\/voguez-large-1-300x150.jpg 300w, https:\/\/www.saulaie.com\/blog\/wp-content\/uploads\/2022\/07\/voguez-large-1-768x384.jpg 768w, https:\/\/www.saulaie.com\/blog\/wp-content\/uploads\/2022\/07\/voguez-large-1-705x353.jpg 705w, https:\/\/www.saulaie.com\/blog\/wp-content\/uploads\/2022\/07\/voguez-large-1.jpg 1100w\" sizes=\"(max-width: 1024px) 100vw, 1024px\" \/><\/a><\/figure>\n<\/div><\/div>\n<\/div>\n\n\n\n<div class=\"wp-block-columns is-layout-flex wp-container-core-columns-is-layout-9d6595d7 wp-block-columns-is-layout-flex\">\n<div class=\"wp-block-column is-layout-flow wp-block-column-is-layout-flow\">\n<p class=\"has-text-align-center\">Des meubles cossus, chaleureux, un brin d\u2019esth\u00e9tique de la French Riviera, la recette parfaite pour am\u00e9nager votre voilier\u2026 ou votre int\u00e9rieur.&nbsp;<\/p>\n<\/div>\n<\/div>\n\n\n\n<div class=\"wp-block-columns is-layout-flex wp-container-core-columns-is-layout-9d6595d7 wp-block-columns-is-layout-flex\">\n<div class=\"wp-block-column is-layout-flow wp-block-column-is-layout-flow\">\n<h2 class=\"wp-block-heading\">Un style cabine cossu cuir et bois noble<\/h2>\n<\/div>\n\n\n\n<div class=\"wp-block-column is-layout-flow wp-block-column-is-layout-flow\">\n<p>Recr\u00e9ez l\u2019ambiance des fastueux navires d\u2019antan en meublant votre int\u00e9rieur de pi\u00e8ces uniques et raffin\u00e9es. On joue sur les effets de mati\u00e8res entre lattes de bois cir\u00e9s qui rappellent les parquets des anciens bateaux et&nbsp;<strong>cuir pleine fleur<\/strong>&nbsp;pour apporter une note raffin\u00e9e et travaill\u00e9e. Des ensembles \u00e9loquents et \u00e9vocateurs qui habillent \u00e0 la perfection les int\u00e9rieurs de tous types.<\/p>\n<\/div>\n<\/div>\n\n\n\n<div class=\"wp-block-columns is-layout-flex wp-container-core-columns-is-layout-9d6595d7 wp-block-columns-is-layout-flex\">\n<div class=\"wp-block-column is-layout-flow wp-block-column-is-layout-flow\">\n<p>Les mod\u00e8les de la\u00a0<a href=\"https:\/\/www.saulaie.com\/fr\/10176-fauteuil-club?collection%5Bla-perouse%5D=la-perouse\" target=\"_blank\" rel=\"noreferrer noopener\">collection\u00a0La P\u00e9rouse,<\/a>\u00a0cr\u00e9\u00e9s par la Maison Saulaie offrent une atmosph\u00e8re des plus intemporelle, charmante et confortable. Le design sobre rappelle \u00e0 bien des \u00e9gards la forme et l\u2019aspect des navires d\u2019exception.\u00a0<\/p>\n<\/div>\n\n\n\n<div class=\"wp-block-column is-layout-flow wp-block-column-is-layout-flow\"><div class=\"wp-block-image\">\n<figure class=\"aligncenter size-full\"><a href=\"http:\/\/blog.saulaie.com\/wp-content\/uploads\/2022\/07\/voguez-large-2.jpg\"><img decoding=\"async\" width=\"550\" height=\"550\" src=\"http:\/\/blog.saulaie.com\/wp-content\/uploads\/2022\/07\/voguez-large-2.jpg\" alt=\"\" class=\"wp-image-4817\" srcset=\"https:\/\/www.saulaie.com\/blog\/wp-content\/uploads\/2022\/07\/voguez-large-2.jpg 550w, https:\/\/www.saulaie.com\/blog\/wp-content\/uploads\/2022\/07\/voguez-large-2-300x300.jpg 300w, https:\/\/www.saulaie.com\/blog\/wp-content\/uploads\/2022\/07\/voguez-large-2-150x150.jpg 150w\" sizes=\"(max-width: 550px) 100vw, 550px\" \/><\/a><\/figure>\n<\/div><\/div>\n<\/div>\n\n\n\n<div class=\"wp-block-columns is-layout-flex wp-container-core-columns-is-layout-9d6595d7 wp-block-columns-is-layout-flex\">\n<div class=\"wp-block-column is-layout-flow wp-block-column-is-layout-flow\">\n<h2 class=\"has-text-align-center wp-block-heading\">Des pi\u00e8ces portant une histoire entre moderne et ancien<\/h2>\n<\/div>\n<\/div>\n\n\n\n<div class=\"wp-block-columns is-layout-flex wp-container-core-columns-is-layout-9d6595d7 wp-block-columns-is-layout-flex\">\n<div class=\"wp-block-column is-layout-flow wp-block-column-is-layout-flow\">\n<p class=\"has-text-align-center\">Les\u00a0<strong>meubles de style officier<\/strong>, originellement mis \u00e0 la disposition des officiers de marine d\u00e8s la fin du XIX<sup>e<\/sup> si\u00e8cle, allient esth\u00e9tique, robustesse et fonctionnalit\u00e9. S\u2019ils agr\u00e9mentent pour la plupart avec faste les int\u00e9rieurs des marins, il est \u00e9galement possible de les embarquer \u00e0 bord des navires. Cet univers opulent et authentique a largement inspir\u00e9 la\u00a0<a href=\"https:\/\/www.saulaie.com\/fr\/10410-meuble?collection%5Bofficier%5D=officier\" target=\"_blank\" rel=\"noreferrer noopener\">collection\u00a0Officier<\/a>\u00a0de la Maison Saulaie tant en termes de qualit\u00e9 des mat\u00e9riaux que d\u2019ergonomie du mobilier.<\/p>\n\n\n\n<p class=\"has-text-align-center\">De la&nbsp;<strong>commode en bois<\/strong>&nbsp;au bureau recouvert de cuir pour \u00e9tablir l\u2019itin\u00e9raire de navigation, des pi\u00e8ces au charme d\u2019antan qui s\u2019adaptent tout \u00e0 fait dans des d\u00e9cors plus modernes.&nbsp;<\/p>\n<\/div>\n<\/div>\n\n\n\n<div class=\"wp-block-columns is-layout-flex wp-container-core-columns-is-layout-9d6595d7 wp-block-columns-is-layout-flex\">\n<div class=\"wp-block-column is-layout-flow wp-block-column-is-layout-flow\">\n<h2 class=\"wp-block-heading\">Du mobilier fonctionnel pour un d\u00e9part en mer<\/h2>\n<\/div>\n\n\n\n<div class=\"wp-block-column is-layout-flow wp-block-column-is-layout-flow\">\n<p>Pour voguer au large, le mobilier doit \u00eatre fonctionnel et pratique. Le\u00a0<strong><a href=\"https:\/\/www.saulaie.com\/fr\/style-marine\" target=\"_blank\" rel=\"noreferrer noopener\">style marine<\/a><\/strong>\u00a0et ses pi\u00e8ces modulables et pratiques s\u2019inscrivent parfaitement dans des ensembles vastes comme dans des espaces plus modestes.<\/p>\n<\/div>\n<\/div>\n\n\n\n<div class=\"wp-block-columns is-layout-flex wp-container-core-columns-is-layout-9d6595d7 wp-block-columns-is-layout-flex\">\n<div class=\"wp-block-column is-layout-flow wp-block-column-is-layout-flow\">\n<p>Optez pour des pi\u00e8ces comme la\u00a0<a href=\"https:\/\/www.saulaie.com\/fr\/720-table-basse?features%5B1%5D%5Bmarine%5D=marine\" target=\"_blank\" rel=\"noreferrer noopener\"><strong>table basse bateau<\/strong>\u00a0La Fayette<\/a>\u00a0avec sa forme ovale pr\u00eate \u00e0 accueillir vos convives et ses bords r\u00e9tractables \u00e0 90 degr\u00e9s, gr\u00e2ce \u00e0 des charni\u00e8res en laiton dor\u00e9, pour arborer une fonction de plateau et venir se glisser dans des recoins plus \u00e9troits.  <\/p>\n<\/div>\n\n\n\n<div class=\"wp-block-column is-layout-flow wp-block-column-is-layout-flow\">\n<p>Sa hauteur <a href=\"https:\/\/www.saulaie.com\/blog\/2022\/08\/10\/quelle-table-basse-pour-un-salon-charmant-et-intemporel\/\" data-type=\"post\" data-id=\"6403\">modulable<\/a> permet de s\u2019adapter \u00e0 toutes les configurations de la maison. Le mobilier fonctionnel s\u2019ajuste \u00e0 vos besoins et \u00e0 la vie de votre int\u00e9rieur.\u00a0<\/p>\n<\/div>\n<\/div>\n","protected":false},"excerpt":{"rendered":"<p>Si le style bord de mer s\u00e9duit les estivants depuis de nombreuses ann\u00e9es avec ses rayures bleues et blanches et ses bois flott\u00e9es, allez plus loin et voguez au large&nbsp;! Laissez-vous s\u00e9duire par les collections au&nbsp;style marine&nbsp;de la Maison Saulaie.&nbsp; Des meubles cossus, chaleureux, un brin d\u2019esth\u00e9tique de la French Riviera, la recette parfaite pour [&hellip;]<\/p>\n","protected":false},"author":11,"featured_media":4809,"comment_status":"open","ping_status":"open","sticky":false,"template":"","format":"standard","meta":{"_seopress_robots_primary_cat":"19","_seopress_titles_title":"","_seopress_titles_desc":"","_seopress_robots_index":"","_uag_custom_page_level_css":"","footnotes":""},"categories":[19,16],"tags":[],"class_list":{"0":"post-4807","1":"post","2":"type-post","3":"status-publish","4":"format-standard","5":"has-post-thumbnail","7":"category-collections","8":"category-tendances"},"uagb_featured_image_src":{"full":["https:\/\/www.saulaie.com\/blog\/wp-content\/uploads\/2022\/07\/voguez-large.jpg",1100,726,false],"thumbnail":["https:\/\/www.saulaie.com\/blog\/wp-content\/uploads\/2022\/07\/voguez-large-150x150.jpg",150,150,true],"medium":["https:\/\/www.saulaie.com\/blog\/wp-content\/uploads\/2022\/07\/voguez-large-300x198.jpg",300,198,true],"medium_large":["https:\/\/www.saulaie.com\/blog\/wp-content\/uploads\/2022\/07\/voguez-large-768x507.jpg",768,507,true],"large":["https:\/\/www.saulaie.com\/blog\/wp-content\/uploads\/2022\/07\/voguez-large-1024x676.jpg",800,528,true],"1536x1536":["https:\/\/www.saulaie.com\/blog\/wp-content\/uploads\/2022\/07\/voguez-large.jpg",1100,726,false],"2048x2048":["https:\/\/www.saulaie.com\/blog\/wp-content\/uploads\/2022\/07\/voguez-large.jpg",1100,726,false],"gform-image-choice-sm":["https:\/\/www.saulaie.com\/blog\/wp-content\/uploads\/2022\/07\/voguez-large.jpg",300,198,false],"gform-image-choice-md":["https:\/\/www.saulaie.com\/blog\/wp-content\/uploads\/2022\/07\/voguez-large.jpg",400,264,false],"gform-image-choice-lg":["https:\/\/www.saulaie.com\/blog\/wp-content\/uploads\/2022\/07\/voguez-large.jpg",600,396,false]},"uagb_author_info":{"display_name":"Elodie Rossignol","author_link":"https:\/\/www.saulaie.com\/blog\/author\/elodie\/"},"uagb_comment_info":0,"uagb_excerpt":"Si le style bord de mer s\u00e9duit les estivants depuis de nombreuses ann\u00e9es avec ses rayures bleues et blanches et ses bois flott\u00e9es, allez plus loin et voguez au large&nbsp;! Laissez-vous s\u00e9duire par les collections au&nbsp;style marine&nbsp;de la Maison Saulaie.&nbsp; Des meubles cossus, chaleureux, un brin d\u2019esth\u00e9tique de la French Riviera, la recette parfaite pour\u2026","_links":{"self":[{"href":"https:\/\/www.saulaie.com\/blog\/wp-json\/wp\/v2\/posts\/4807","targetHints":{"allow":["GET"]}}],"collection":[{"href":"https:\/\/www.saulaie.com\/blog\/wp-json\/wp\/v2\/posts"}],"about":[{"href":"https:\/\/www.saulaie.com\/blog\/wp-json\/wp\/v2\/types\/post"}],"author":[{"embeddable":true,"href":"https:\/\/www.saulaie.com\/blog\/wp-json\/wp\/v2\/users\/11"}],"replies":[{"embeddable":true,"href":"https:\/\/www.saulaie.com\/blog\/wp-json\/wp\/v2\/comments?post=4807"}],"version-history":[{"count":9,"href":"https:\/\/www.saulaie.com\/blog\/wp-json\/wp\/v2\/posts\/4807\/revisions"}],"predecessor-version":[{"id":7640,"href":"https:\/\/www.saulaie.com\/blog\/wp-json\/wp\/v2\/posts\/4807\/revisions\/7640"}],"wp:featuredmedia":[{"embeddable":true,"href":"https:\/\/www.saulaie.com\/blog\/wp-json\/wp\/v2\/media\/4809"}],"wp:attachment":[{"href":"https:\/\/www.saulaie.com\/blog\/wp-json\/wp\/v2\/media?parent=4807"}],"wp:term":[{"taxonomy":"category","embeddable":true,"href":"https:\/\/www.saulaie.com\/blog\/wp-json\/wp\/v2\/categories?post=4807"},{"taxonomy":"post_tag","embeddable":true,"href":"https:\/\/www.saulaie.com\/blog\/wp-json\/wp\/v2\/tags?post=4807"}],"curies":[{"name":"wp","href":"https:\/\/api.w.org\/{rel}","templated":true}]}}