{"id":4790,"date":"2021-07-02T11:34:00","date_gmt":"2021-07-02T10:34:00","guid":{"rendered":"http:\/\/blog.saulaie.com\/?p=4790"},"modified":"2023-06-09T13:33:26","modified_gmt":"2023-06-09T12:33:26","slug":"le-cuir-vieilli-un-procede-artisanal-au-service-de-la-tendance","status":"publish","type":"post","link":"https:\/\/www.saulaie.com\/blog\/le-cuir-vieilli-un-procede-artisanal-au-service-de-la-tendance\/","title":{"rendered":"Le cuir vieilli, un proc\u00e9d\u00e9 artisanal au service de la tendance"},"content":{"rendered":"\n<div class=\"wp-block-columns is-layout-flex wp-container-core-columns-is-layout-9d6595d7 wp-block-columns-is-layout-flex\">\n<div class=\"wp-block-column is-layout-flow wp-block-column-is-layout-flow\"><\/div>\n\n\n\n<div class=\"wp-block-column is-layout-flow wp-block-column-is-layout-flow\">\n<p class=\"has-text-align-center\">Classique mais intemporel, le cuir s\u00e9duit toujours autant. Il donne \u00e0 un salon un style \u00e0 la fois authentique et chaleureux.&nbsp;<\/p>\n<\/div>\n\n\n\n<div class=\"wp-block-column is-layout-flow wp-block-column-is-layout-flow\"><\/div>\n<\/div>\n\n\n\n<div class=\"wp-block-columns is-layout-flex wp-container-core-columns-is-layout-9d6595d7 wp-block-columns-is-layout-flex\">\n<div class=\"wp-block-column is-layout-flow wp-block-column-is-layout-flow\"><div class=\"wp-block-image\">\n<figure class=\"aligncenter size-large\"><a href=\"http:\/\/blog.saulaie.com\/wp-content\/uploads\/2022\/07\/cuir-vieilli-2.jpg\"><img fetchpriority=\"high\" decoding=\"async\" width=\"1024\" height=\"391\" src=\"http:\/\/blog.saulaie.com\/wp-content\/uploads\/2022\/07\/cuir-vieilli-2-1024x391.jpg\" alt=\"\" class=\"wp-image-4792\" srcset=\"https:\/\/www.saulaie.com\/blog\/wp-content\/uploads\/2022\/07\/cuir-vieilli-2-1024x391.jpg 1024w, https:\/\/www.saulaie.com\/blog\/wp-content\/uploads\/2022\/07\/cuir-vieilli-2-300x115.jpg 300w, https:\/\/www.saulaie.com\/blog\/wp-content\/uploads\/2022\/07\/cuir-vieilli-2-768x293.jpg 768w, https:\/\/www.saulaie.com\/blog\/wp-content\/uploads\/2022\/07\/cuir-vieilli-2-705x269.jpg 705w, https:\/\/www.saulaie.com\/blog\/wp-content\/uploads\/2022\/07\/cuir-vieilli-2.jpg 1100w\" sizes=\"(max-width: 1024px) 100vw, 1024px\" \/><\/a><\/figure>\n<\/div><\/div>\n<\/div>\n\n\n\n<div class=\"wp-block-columns is-layout-flex wp-container-core-columns-is-layout-9d6595d7 wp-block-columns-is-layout-flex\">\n<div class=\"wp-block-column is-layout-flow wp-block-column-is-layout-flow\">\n<p class=\"has-text-align-center\">Un&nbsp;<strong>cuir vieilli<\/strong>, travaill\u00e9 fa\u00e7on vintage, est tann\u00e9 puis teint\u00e9 de fa\u00e7on naturelle ; on parle de&nbsp;<strong>cuir aniline<\/strong>.&nbsp;<\/p>\n\n\n\n<p class=\"has-text-align-center\">Il s\u2019obtient gr\u00e2ce \u00e0 des m\u00e9thodes artisanales de travail du cuir, cette mati\u00e8re naturelle qui garde sur elle les effets de la vie de l\u2019animal.&nbsp;<\/p>\n<\/div>\n<\/div>\n\n\n\n<div class=\"wp-block-columns is-layout-flex wp-container-core-columns-is-layout-9d6595d7 wp-block-columns-is-layout-flex\">\n<div class=\"wp-block-column is-layout-flow wp-block-column-is-layout-flow\">\n<h2 class=\"wp-block-heading\">Des fauteuils et canap\u00e9 en cuir pleine fleur uniques<\/h2>\n<\/div>\n\n\n\n<div class=\"wp-block-column is-layout-flow wp-block-column-is-layout-flow\">\n<p>La maison Saulaie proscrit les produits de coloration \u00e0 base de solvants et pr\u00e9f\u00e8re colorer ses cuirs avec des produits \u00e0 base d\u2019eau ; la coloration est dite naturelle\u2026 sans composant chimique !<\/p>\n\n\n\n<p>Appliqu\u00e9e \u00e0 la main, la teinte ne couvre pas les impacts du temps sur la peau et donne ainsi&nbsp;cet&nbsp;<strong>effet cuir vieilli<\/strong>&nbsp;si recherch\u00e9, qui permet d\u2019ajouter une teinte chaude et vivante \u00e0 votre pi\u00e8ce.<\/p>\n<\/div>\n<\/div>\n\n\n\n<div class=\"wp-block-columns is-layout-flex wp-container-core-columns-is-layout-9d6595d7 wp-block-columns-is-layout-flex\">\n<div class=\"wp-block-column is-layout-flow wp-block-column-is-layout-flow\">\n<p>Cette&nbsp;<strong>coloration naturelle<\/strong>&nbsp;se patine ensuite avec le temps et prend ainsi, en plus des marques initiales d\u00e9j\u00e0 pr\u00e9sentes sur la peau, un caract\u00e8re unique.<\/p>\n\n\n\n<p>L\u2019une des particularit\u00e9s de nos\u00a0<strong>fauteuils et canap\u00e9s cuir<\/strong>\u00a0repose sur le nombre de coloris disponibles. Mais, l\u2019effet cuir vieilli\u00a0sur un cuir de couleur <a href=\"https:\/\/www.saulaie.com\/blog\/2022\/08\/02\/quelles-couleurs-associer-avec-un-canape-marron\/\" data-type=\"post\" data-id=\"6438\">marron<\/a> reste un incontournable !<\/p>\n<\/div>\n\n\n\n<div class=\"wp-block-column is-layout-flow wp-block-column-is-layout-flow\"><div class=\"wp-block-image\">\n<figure class=\"aligncenter size-full\"><a href=\"http:\/\/blog.saulaie.com\/wp-content\/uploads\/2022\/07\/cuir-vieilli-3.jpg\"><img decoding=\"async\" width=\"550\" height=\"550\" src=\"http:\/\/blog.saulaie.com\/wp-content\/uploads\/2022\/07\/cuir-vieilli-3.jpg\" alt=\"\" class=\"wp-image-4796\" srcset=\"https:\/\/www.saulaie.com\/blog\/wp-content\/uploads\/2022\/07\/cuir-vieilli-3.jpg 550w, https:\/\/www.saulaie.com\/blog\/wp-content\/uploads\/2022\/07\/cuir-vieilli-3-300x300.jpg 300w, https:\/\/www.saulaie.com\/blog\/wp-content\/uploads\/2022\/07\/cuir-vieilli-3-150x150.jpg 150w\" sizes=\"(max-width: 550px) 100vw, 550px\" \/><\/a><\/figure>\n<\/div><\/div>\n<\/div>\n\n\n\n<div class=\"wp-block-columns is-layout-flex wp-container-core-columns-is-layout-9d6595d7 wp-block-columns-is-layout-flex\">\n<div class=\"wp-block-column is-layout-flow wp-block-column-is-layout-flow\">\n<h2 class=\"has-text-align-center wp-block-heading\">L&rsquo;effet cuir vieilli selon 3 ambiances<\/h2>\n<\/div>\n<\/div>\n\n\n\n<div class=\"wp-block-columns is-layout-flex wp-container-core-columns-is-layout-9d6595d7 wp-block-columns-is-layout-flex\">\n<div class=\"wp-block-column is-layout-flow wp-block-column-is-layout-flow\">\n<p class=\"has-text-align-center\">Voici 3 ambiances qui mettent en valeur ces intemporels&nbsp;<strong>fauteuils et&nbsp;canap\u00e9s en&nbsp;<\/strong><strong>cuir vieilli<\/strong>.<\/p>\n\n\n\n<p><a href=\"https:\/\/www.saulaie.com\/blog\/wp-content\/uploads\/2021\/07\/canape-havane.jpg\"><\/a><\/p>\n<\/div>\n<\/div>\n\n\n\n<div class=\"wp-block-columns is-layout-flex wp-container-core-columns-is-layout-9d6595d7 wp-block-columns-is-layout-flex\">\n<div class=\"wp-block-column is-layout-flow wp-block-column-is-layout-flow\">\n<p class=\"has-text-align-center\">\u00a0Une d\u00e9co Nature-chic\u2026 Quand le\u00a0<a href=\"https:\/\/www.saulaie.com\/fr\/10369-canape-club?collection%5Bhavane%5D=havane\" target=\"_blank\" rel=\"noreferrer noopener\"><strong>canap\u00e9 Club Havane<\/strong><\/a>\u00a0se marrie avec des teintes naturelles. En\u00a0<a href=\"https:\/\/www.saulaie.com\/fr\/10369-canape-club?features%5B4%5D%5Bmarron-fonce%5D=marron-fonce\" target=\"_blank\" rel=\"noreferrer noopener\">marron vintage<\/a>.<\/p>\n<\/div>\n<\/div>\n\n\n\n<div class=\"wp-block-columns is-layout-flex wp-container-core-columns-is-layout-9d6595d7 wp-block-columns-is-layout-flex\">\n<div class=\"wp-block-column is-layout-flow wp-block-column-is-layout-flow\"><div class=\"wp-block-image\">\n<figure class=\"aligncenter size-large\"><a href=\"https:\/\/www.saulaie.com\/fr\/canape-club\/26479-canape-club-cuir-marron-vintage-2-places-havane-3700953431513.html\" target=\"_blank\" rel=\"noreferrer noopener\"><img decoding=\"async\" width=\"1024\" height=\"512\" src=\"http:\/\/blog.saulaie.com\/wp-content\/uploads\/2022\/07\/cuir-vieilli-4-1024x512.jpg\" alt=\"\" class=\"wp-image-4797\" srcset=\"https:\/\/www.saulaie.com\/blog\/wp-content\/uploads\/2022\/07\/cuir-vieilli-4-1024x512.jpg 1024w, https:\/\/www.saulaie.com\/blog\/wp-content\/uploads\/2022\/07\/cuir-vieilli-4-300x150.jpg 300w, https:\/\/www.saulaie.com\/blog\/wp-content\/uploads\/2022\/07\/cuir-vieilli-4-768x384.jpg 768w, https:\/\/www.saulaie.com\/blog\/wp-content\/uploads\/2022\/07\/cuir-vieilli-4-705x353.jpg 705w, https:\/\/www.saulaie.com\/blog\/wp-content\/uploads\/2022\/07\/cuir-vieilli-4.jpg 1100w\" sizes=\"(max-width: 1024px) 100vw, 1024px\" \/><\/a><\/figure>\n<\/div><\/div>\n<\/div>\n\n\n\n<div class=\"wp-block-columns is-layout-flex wp-container-core-columns-is-layout-9d6595d7 wp-block-columns-is-layout-flex\">\n<div class=\"wp-block-column is-layout-flow wp-block-column-is-layout-flow\">\n<p class=\"has-text-align-center\">Esprit jardin d\u2019hiver, on apporte douceur et chaleur au c\u00f4t\u00e9 brut du\u00a0<a href=\"https:\/\/www.saulaie.com\/fr\/10176-fauteuil-club?collection%5Bchoiseul%5D=choiseul\" target=\"_blank\" rel=\"noreferrer noopener\"><strong>fauteuil Club Choiseul<\/strong><\/a>. En\u00a0<a href=\"https:\/\/www.saulaie.com\/fr\/61-fauteuil-club-cuir-marron-clair-choiseul.html\" target=\"_blank\" rel=\"noreferrer noopener\">marron clair<\/a>.<\/p>\n<\/div>\n<\/div>\n\n\n\n<div class=\"wp-block-columns is-layout-flex wp-container-core-columns-is-layout-9d6595d7 wp-block-columns-is-layout-flex\">\n<div class=\"wp-block-column is-layout-flow wp-block-column-is-layout-flow\">\n<figure class=\"wp-block-image size-large\"><a href=\"http:\/\/blog.saulaie.com\/wp-content\/uploads\/2022\/07\/cuir-vieilli-5.jpg\" target=\"_blank\" rel=\"noreferrer noopener\"><img loading=\"lazy\" decoding=\"async\" width=\"1024\" height=\"512\" src=\"http:\/\/blog.saulaie.com\/wp-content\/uploads\/2022\/07\/cuir-vieilli-5-1024x512.jpg\" alt=\"\" class=\"wp-image-4800\" srcset=\"https:\/\/www.saulaie.com\/blog\/wp-content\/uploads\/2022\/07\/cuir-vieilli-5-1024x512.jpg 1024w, https:\/\/www.saulaie.com\/blog\/wp-content\/uploads\/2022\/07\/cuir-vieilli-5-300x150.jpg 300w, https:\/\/www.saulaie.com\/blog\/wp-content\/uploads\/2022\/07\/cuir-vieilli-5-768x384.jpg 768w, https:\/\/www.saulaie.com\/blog\/wp-content\/uploads\/2022\/07\/cuir-vieilli-5-705x353.jpg 705w, https:\/\/www.saulaie.com\/blog\/wp-content\/uploads\/2022\/07\/cuir-vieilli-5.jpg 1100w\" sizes=\"(max-width: 1024px) 100vw, 1024px\" \/><\/a><\/figure>\n<\/div>\n<\/div>\n\n\n\n<div class=\"wp-block-columns is-layout-flex wp-container-core-columns-is-layout-9d6595d7 wp-block-columns-is-layout-flex\">\n<div class=\"wp-block-column is-layout-flow wp-block-column-is-layout-flow\">\n<p class=\"has-text-align-center\">\u00a0Un salon \u00e0 l\u2019ambiance masculine, empreinte de personnalit\u00e9, avec le\u00a0<a rel=\"noreferrer noopener\" href=\"https:\/\/www.saulaie.com\/fr\/10398-canape-chesterfield\" target=\"_blank\">canap\u00e9 Chesterfield<\/a>. En\u00a0<a href=\"https:\/\/www.saulaie.com\/fr\/10398-canape-chesterfield?features%5B4%5D%5Bmarron-fonce%5D=marron-fonce\" target=\"_blank\" rel=\"noreferrer noopener\">marron soutenu<\/a>.<\/p>\n<\/div>\n<\/div>\n\n\n\n<div class=\"wp-block-columns is-layout-flex wp-container-core-columns-is-layout-9d6595d7 wp-block-columns-is-layout-flex\">\n<div class=\"wp-block-column is-layout-flow wp-block-column-is-layout-flow\"><div class=\"wp-block-image\">\n<figure class=\"aligncenter size-large\"><a href=\"http:\/\/blog.saulaie.com\/wp-content\/uploads\/2022\/07\/cuir-vieilli-6.jpg\"><img loading=\"lazy\" decoding=\"async\" width=\"1024\" height=\"512\" src=\"http:\/\/blog.saulaie.com\/wp-content\/uploads\/2022\/07\/cuir-vieilli-6-1024x512.jpg\" alt=\"\" class=\"wp-image-4801\" srcset=\"https:\/\/www.saulaie.com\/blog\/wp-content\/uploads\/2022\/07\/cuir-vieilli-6-1024x512.jpg 1024w, https:\/\/www.saulaie.com\/blog\/wp-content\/uploads\/2022\/07\/cuir-vieilli-6-300x150.jpg 300w, https:\/\/www.saulaie.com\/blog\/wp-content\/uploads\/2022\/07\/cuir-vieilli-6-768x384.jpg 768w, https:\/\/www.saulaie.com\/blog\/wp-content\/uploads\/2022\/07\/cuir-vieilli-6-705x353.jpg 705w, https:\/\/www.saulaie.com\/blog\/wp-content\/uploads\/2022\/07\/cuir-vieilli-6.jpg 1100w\" sizes=\"(max-width: 1024px) 100vw, 1024px\" \/><\/a><\/figure>\n<\/div><\/div>\n<\/div>\n","protected":false},"excerpt":{"rendered":"<p>Classique mais intemporel, le cuir s\u00e9duit toujours autant. Il donne \u00e0 un salon un style \u00e0 la fois authentique et chaleureux.&nbsp; Un&nbsp;cuir vieilli, travaill\u00e9 fa\u00e7on vintage, est tann\u00e9 puis teint\u00e9 de fa\u00e7on naturelle ; on parle de&nbsp;cuir aniline.&nbsp; Il s\u2019obtient gr\u00e2ce \u00e0 des m\u00e9thodes artisanales de travail du cuir, cette mati\u00e8re naturelle qui garde sur [&hellip;]<\/p>\n","protected":false},"author":11,"featured_media":4794,"comment_status":"open","ping_status":"open","sticky":false,"template":"","format":"standard","meta":{"_seopress_robots_primary_cat":"16","_seopress_titles_title":"","_seopress_titles_desc":"","_seopress_robots_index":"","_uag_custom_page_level_css":"","footnotes":""},"categories":[16],"tags":[],"class_list":{"0":"post-4790","1":"post","2":"type-post","3":"status-publish","4":"format-standard","5":"has-post-thumbnail","7":"category-tendances"},"uagb_featured_image_src":{"full":["https:\/\/www.saulaie.com\/blog\/wp-content\/uploads\/2022\/07\/cuir-vieilli.jpg",1100,726,false],"thumbnail":["https:\/\/www.saulaie.com\/blog\/wp-content\/uploads\/2022\/07\/cuir-vieilli-150x150.jpg",150,150,true],"medium":["https:\/\/www.saulaie.com\/blog\/wp-content\/uploads\/2022\/07\/cuir-vieilli-300x198.jpg",300,198,true],"medium_large":["https:\/\/www.saulaie.com\/blog\/wp-content\/uploads\/2022\/07\/cuir-vieilli-768x507.jpg",768,507,true],"large":["https:\/\/www.saulaie.com\/blog\/wp-content\/uploads\/2022\/07\/cuir-vieilli-1024x676.jpg",800,528,true],"1536x1536":["https:\/\/www.saulaie.com\/blog\/wp-content\/uploads\/2022\/07\/cuir-vieilli.jpg",1100,726,false],"2048x2048":["https:\/\/www.saulaie.com\/blog\/wp-content\/uploads\/2022\/07\/cuir-vieilli.jpg",1100,726,false],"gform-image-choice-sm":["https:\/\/www.saulaie.com\/blog\/wp-content\/uploads\/2022\/07\/cuir-vieilli.jpg",300,198,false],"gform-image-choice-md":["https:\/\/www.saulaie.com\/blog\/wp-content\/uploads\/2022\/07\/cuir-vieilli.jpg",400,264,false],"gform-image-choice-lg":["https:\/\/www.saulaie.com\/blog\/wp-content\/uploads\/2022\/07\/cuir-vieilli.jpg",600,396,false]},"uagb_author_info":{"display_name":"Elodie Rossignol","author_link":"https:\/\/www.saulaie.com\/blog\/author\/elodie\/"},"uagb_comment_info":0,"uagb_excerpt":"Classique mais intemporel, le cuir s\u00e9duit toujours autant. Il donne \u00e0 un salon un style \u00e0 la fois authentique et chaleureux.&nbsp; Un&nbsp;cuir vieilli, travaill\u00e9 fa\u00e7on vintage, est tann\u00e9 puis teint\u00e9 de fa\u00e7on naturelle ; on parle de&nbsp;cuir aniline.&nbsp; Il s\u2019obtient gr\u00e2ce \u00e0 des m\u00e9thodes artisanales de travail du cuir, cette mati\u00e8re naturelle qui garde sur\u2026","_links":{"self":[{"href":"https:\/\/www.saulaie.com\/blog\/wp-json\/wp\/v2\/posts\/4790","targetHints":{"allow":["GET"]}}],"collection":[{"href":"https:\/\/www.saulaie.com\/blog\/wp-json\/wp\/v2\/posts"}],"about":[{"href":"https:\/\/www.saulaie.com\/blog\/wp-json\/wp\/v2\/types\/post"}],"author":[{"embeddable":true,"href":"https:\/\/www.saulaie.com\/blog\/wp-json\/wp\/v2\/users\/11"}],"replies":[{"embeddable":true,"href":"https:\/\/www.saulaie.com\/blog\/wp-json\/wp\/v2\/comments?post=4790"}],"version-history":[{"count":6,"href":"https:\/\/www.saulaie.com\/blog\/wp-json\/wp\/v2\/posts\/4790\/revisions"}],"predecessor-version":[{"id":7638,"href":"https:\/\/www.saulaie.com\/blog\/wp-json\/wp\/v2\/posts\/4790\/revisions\/7638"}],"wp:featuredmedia":[{"embeddable":true,"href":"https:\/\/www.saulaie.com\/blog\/wp-json\/wp\/v2\/media\/4794"}],"wp:attachment":[{"href":"https:\/\/www.saulaie.com\/blog\/wp-json\/wp\/v2\/media?parent=4790"}],"wp:term":[{"taxonomy":"category","embeddable":true,"href":"https:\/\/www.saulaie.com\/blog\/wp-json\/wp\/v2\/categories?post=4790"},{"taxonomy":"post_tag","embeddable":true,"href":"https:\/\/www.saulaie.com\/blog\/wp-json\/wp\/v2\/tags?post=4790"}],"curies":[{"name":"wp","href":"https:\/\/api.w.org\/{rel}","templated":true}]}}