{"id":4690,"date":"2020-09-29T15:06:00","date_gmt":"2020-09-29T14:06:00","guid":{"rendered":"http:\/\/blog.saulaie.com\/?p=4690"},"modified":"2023-05-19T13:45:15","modified_gmt":"2023-05-19T12:45:15","slug":"nos-essentiels-la-chaise-style-louis-xvi","status":"publish","type":"post","link":"https:\/\/www.saulaie.com\/blog\/nos-essentiels-la-chaise-style-louis-xvi\/","title":{"rendered":"Nos essentiels, la chaise style Louis XVI"},"content":{"rendered":"\n<div class=\"wp-block-columns is-layout-flex wp-container-core-columns-is-layout-9d6595d7 wp-block-columns-is-layout-flex\">\n<div class=\"wp-block-column is-layout-flow wp-block-column-is-layout-flow\"><\/div>\n\n\n\n<div class=\"wp-block-column is-layout-flow wp-block-column-is-layout-flow\">\n<p class=\"has-text-align-center\">La&nbsp;chaise de style Louis XVI&nbsp;sublime nos int\u00e9rieurs depuis plus de 200 ans. C\u2019est une pi\u00e8ce de mobilier forte, dans une \u00e9poque qui cherchait l\u2019\u00e9quilibre, l\u2019\u00e9l\u00e9gance et la simplicit\u00e9. A la cour du roi surnomm\u00e9 \u00ab&nbsp;<em>le restaurateur de la libert\u00e9<\/em>&nbsp;\u00bb, on souhaite retrouver la douceur du classicisme et lui ajouter la noblesse des lignes de l\u2019Antiquit\u00e9. <\/p>\n<\/div>\n\n\n\n<div class=\"wp-block-column is-layout-flow wp-block-column-is-layout-flow\"><\/div>\n<\/div>\n\n\n\n<div class=\"wp-block-columns is-layout-flex wp-container-core-columns-is-layout-9d6595d7 wp-block-columns-is-layout-flex\">\n<div class=\"wp-block-column is-layout-flow wp-block-column-is-layout-flow\"><div class=\"wp-block-image\">\n<figure class=\"aligncenter size-large\"><a href=\"http:\/\/blog.saulaie.com\/wp-content\/uploads\/2022\/06\/chaise-louisXVI.jpg\"><img fetchpriority=\"high\" decoding=\"async\" width=\"1024\" height=\"406\" src=\"http:\/\/blog.saulaie.com\/wp-content\/uploads\/2022\/06\/chaise-louisXVI-1024x406.jpg\" alt=\"\" class=\"wp-image-4692\" srcset=\"https:\/\/www.saulaie.com\/blog\/wp-content\/uploads\/2022\/06\/chaise-louisXVI-1024x406.jpg 1024w, https:\/\/www.saulaie.com\/blog\/wp-content\/uploads\/2022\/06\/chaise-louisXVI-300x119.jpg 300w, https:\/\/www.saulaie.com\/blog\/wp-content\/uploads\/2022\/06\/chaise-louisXVI-768x304.jpg 768w, https:\/\/www.saulaie.com\/blog\/wp-content\/uploads\/2022\/06\/chaise-louisXVI-705x279.jpg 705w, https:\/\/www.saulaie.com\/blog\/wp-content\/uploads\/2022\/06\/chaise-louisXVI.jpg 1100w\" sizes=\"(max-width: 1024px) 100vw, 1024px\" \/><\/a><\/figure>\n<\/div><\/div>\n<\/div>\n\n\n\n<div class=\"wp-block-columns is-layout-flex wp-container-core-columns-is-layout-9d6595d7 wp-block-columns-is-layout-flex\">\n<div class=\"wp-block-column is-layout-flow wp-block-column-is-layout-flow\">\n<p class=\"has-text-align-center\">La Maison Saulaie propose plusieurs mod\u00e8les de&nbsp;<strong>chaises Louis XVI en bois massif<\/strong>, fa\u00e7onn\u00e9es et sculpt\u00e9es de mani\u00e8re artisanale puis assembl\u00e9es selon des techniques traditionnelles.<\/p>\n<\/div>\n<\/div>\n\n\n\n<div class=\"wp-block-columns is-layout-flex wp-container-core-columns-is-layout-9d6595d7 wp-block-columns-is-layout-flex\">\n<div class=\"wp-block-column is-layout-flow wp-block-column-is-layout-flow\">\n<h2 class=\"wp-block-heading\">LES CARACT\u00c9RISTIQUES DE LA CHAISE LOUIS XVI<br><\/h2>\n<\/div>\n\n\n\n<div class=\"wp-block-column is-layout-flow wp-block-column-is-layout-flow\">\n<p>La&nbsp;<strong>chaise Louis XVI<\/strong>&nbsp;est facilement identifiable lorsque l\u2019on conna\u00eet les codes du style.<\/p>\n\n\n\n<p>Son dossier peut \u00eatre arrondi et bien englobant\u00a0; il est dans ce cas appel\u00e9 \u00ab\u00a0<a href=\"https:\/\/www.saulaie.com\/fr\/10529-chaise-medaillon\" target=\"_blank\" rel=\"noreferrer noopener\">dossier m\u00e9daillon<\/a>\u00a0\u00bb. Il peut aussi \u00eatre de forme rectangulaire ou carr\u00e9e et l\u00e9g\u00e8rement inclin\u00e9 en arri\u00e8re\u00a0: on parle alors de \u00ab\u00a0<a href=\"https:\/\/www.saulaie.com\/fr\/4242-chaise-ancienne-style-louis-xvi-tissu-beige-naturel-trianon.html\" target=\"_blank\" rel=\"noreferrer noopener\">dossier droit carr\u00e9<\/a>\u00a0\u00bb. Dans ces deux configurations, le dossier est pens\u00e9 pour apporter confort et soutient.<\/p>\n<\/div>\n<\/div>\n\n\n\n<div class=\"wp-block-columns is-layout-flex wp-container-core-columns-is-layout-9d6595d7 wp-block-columns-is-layout-flex\">\n<div class=\"wp-block-column is-layout-flow wp-block-column-is-layout-flow\">\n<p>Les lignes et les motifs de la\u00a0<a href=\"https:\/\/www.saulaie.com\/fr\/10528-chaise-louis-xvi\" target=\"_blank\" rel=\"noreferrer noopener\">chaise Louis XVI<\/a>\u00a0sont \u00e0 la crois\u00e9e de deux mondes\u00a0: la pastorale chr\u00e9tienne et l\u2019Antiquit\u00e9. Alors que de nouveaux vestiges gr\u00e9co-romains sont d\u00e9couverts \u00e0 cette \u00e9poque (ruines d\u2019Herculanum et cit\u00e9 de Pomp\u00e9i), le style Louis XVI cherche \u00e0 associer les motifs v\u00e9g\u00e9taux simples avec la droiture de l\u2019Antiquit\u00e9.<\/p>\n\n\n\n<p>La teinte de bois de pr\u00e9dilection change elle aussi d\u2019un r\u00e8gne \u00e0 l\u2019autre. Les&nbsp;<strong>chaises Louis XVI<\/strong>&nbsp;qui \u00e9taient faites de bois clair passent de mode et les \u00e9b\u00e9nistes sont amen\u00e9s \u00e0 se tourner vers des teintes de bois plus chaudes telles que le noyer, l\u2019acajou ou encore le palissandre.<\/p>\n<\/div>\n\n\n\n<div class=\"wp-block-column is-layout-flow wp-block-column-is-layout-flow\"><div class=\"wp-block-image\">\n<figure class=\"aligncenter size-full\"><a href=\"http:\/\/blog.saulaie.com\/wp-content\/uploads\/2022\/06\/chaise-louisXVI-3.jpg\"><img decoding=\"async\" width=\"550\" height=\"747\" src=\"http:\/\/blog.saulaie.com\/wp-content\/uploads\/2022\/06\/chaise-louisXVI-3.jpg\" alt=\"\" class=\"wp-image-4696\" srcset=\"https:\/\/www.saulaie.com\/blog\/wp-content\/uploads\/2022\/06\/chaise-louisXVI-3.jpg 550w, https:\/\/www.saulaie.com\/blog\/wp-content\/uploads\/2022\/06\/chaise-louisXVI-3-221x300.jpg 221w\" sizes=\"(max-width: 550px) 100vw, 550px\" \/><\/a><\/figure>\n<\/div><\/div>\n<\/div>\n\n\n\n<div class=\"wp-block-columns is-layout-flex wp-container-core-columns-is-layout-9d6595d7 wp-block-columns-is-layout-flex\">\n<div class=\"wp-block-column is-layout-flow wp-block-column-is-layout-flow\">\n<h2 class=\"has-text-align-center wp-block-heading\">UNE CHAISE LOUIS XVI, CONFORT ET \u00c9L\u00c9GANCE<\/h2>\n<\/div>\n<\/div>\n\n\n\n<div class=\"wp-block-columns is-layout-flex wp-container-core-columns-is-layout-9d6595d7 wp-block-columns-is-layout-flex\">\n<div class=\"wp-block-column is-layout-flow wp-block-column-is-layout-flow\"><\/div>\n\n\n\n<div class=\"wp-block-column is-layout-flow wp-block-column-is-layout-flow\">\n<p class=\"has-text-align-center\">La Maison Saulaie est fi\u00e8re de vous pr\u00e9senter des&nbsp;<strong>chaises de style Louis XVI haut de gamme<\/strong>, fid\u00e8les reproductions d\u2019anciens mod\u00e8les cr\u00e9\u00e9s \u00e0 la fin du XVIII<sup>e<\/sup>&nbsp;si\u00e8cle.<\/p>\n<\/div>\n\n\n\n<div class=\"wp-block-column is-layout-flow wp-block-column-is-layout-flow\"><\/div>\n<\/div>\n\n\n\n<div class=\"wp-block-columns is-layout-flex wp-container-core-columns-is-layout-9d6595d7 wp-block-columns-is-layout-flex\">\n<div class=\"wp-block-column is-layout-flow wp-block-column-is-layout-flow\">\n<p>D\u00e9couvrez par exemple nos\u00a0<strong>chaises m\u00e9daillon<\/strong>\u00a0avec leurs pieds fusel\u00e9s et cannel\u00e9s \u00ab\u00a0\u00e0 l\u2019antique\u00a0\u00bb dont la rudenture est travaill\u00e9e \u00e0 la main par des \u00e9b\u00e9nistes professionnels. Une rosace, grav\u00e9e sur chacun des quatre d\u00e9s de raccordement souligne la toute-puissance de la nature. Dans cette m\u00eame optique, le dossier du\u00a0mod\u00e8le Monceau\u00a0est finement\u00a0<em>grav\u00e9 d\u2019une frise de feuilles de laurier<\/em>\u00a0tandis que le mod\u00e8le de chaise\u00a0<a href=\"https:\/\/www.saulaie.com\/fr\/4686-chaise-ancienne-style-louis-xvi-tissu-beige-naturel-medaillon.html\" target=\"_blank\" rel=\"noreferrer noopener\">Louis XVI M\u00e9daillon<\/a>\u00a0est plus simplement\u00a0<strong>moulur\u00e9<\/strong>.<\/p>\n<\/div>\n\n\n\n<div class=\"wp-block-column is-layout-flow wp-block-column-is-layout-flow\">\n<p>Enfin, l\u2019assise de chaque&nbsp;<strong>chaise Louis XVI<\/strong>, rembourr\u00e9e et recouverte de tissu ou enti\u00e8rement r\u00e9alis\u00e9e en cannage, est soulign\u00e9e de petits boutons de bois, rappelant les traditionnels clous de tapissier. L\u2019esth\u00e9tique et le confort se rejoignent toujours dans les chaises et les fauteuils La Maison Saulaie.<\/p>\n<\/div>\n<\/div>\n\n\n\n<div class=\"wp-block-columns is-layout-flex wp-container-core-columns-is-layout-9d6595d7 wp-block-columns-is-layout-flex\">\n<div class=\"wp-block-column is-layout-flow wp-block-column-is-layout-flow\">\n<h2 class=\"has-text-align-center wp-block-heading\">LA CHAISE LOUIS XVI FABRIQU\u00c9E DANS LES R\u00c8GLES DE L\u2019ART<\/h2>\n<\/div>\n<\/div>\n\n\n\n<div class=\"wp-block-columns is-layout-flex wp-container-core-columns-is-layout-9d6595d7 wp-block-columns-is-layout-flex\">\n<div class=\"wp-block-column is-layout-flow wp-block-column-is-layout-flow\">\n<p>Gr\u00e2ce aux talents de nos&nbsp;<strong>designers et artisans<\/strong>, vous \u00eates certain d\u2019investir dans un meuble \u00e0 l\u2019allure ancienne de grande qualit\u00e9.<\/p>\n\n\n\n<p><strong>Les pieds<\/strong>&nbsp;de chaque chaise vous garantissent<strong>&nbsp;stabilit\u00e9, solidit\u00e9&nbsp;<\/strong>et<strong>&nbsp;durabilit\u00e9<\/strong>&nbsp;puisqu\u2019ils sont assembl\u00e9s de mani\u00e8re traditionnelle, avec tenons et mortaises.<\/p>\n\n\n\n<p>La teinte de chaque chaise, r\u00e9alis\u00e9e \u00e0 partir de bois d\u2019h\u00e9v\u00e9a, est travaill\u00e9e \u00e0 la&nbsp;<strong>cire naturelle<\/strong>, \u00e0 la main, pour une patine authentique de qualit\u00e9. Le veinage du bois est ainsi mis en valeur et le bois de votre meuble est prot\u00e9g\u00e9 des al\u00e9as du quotidien.<\/p>\n<\/div>\n\n\n\n<div class=\"wp-block-column is-layout-flow wp-block-column-is-layout-flow\"><div class=\"wp-block-image\">\n<figure class=\"aligncenter size-full\"><a href=\"http:\/\/blog.saulaie.com\/wp-content\/uploads\/2022\/06\/chaise-louisXVI-4.jpg\"><img decoding=\"async\" width=\"550\" height=\"747\" src=\"http:\/\/blog.saulaie.com\/wp-content\/uploads\/2022\/06\/chaise-louisXVI-4.jpg\" alt=\"\" class=\"wp-image-4700\" srcset=\"https:\/\/www.saulaie.com\/blog\/wp-content\/uploads\/2022\/06\/chaise-louisXVI-4.jpg 550w, https:\/\/www.saulaie.com\/blog\/wp-content\/uploads\/2022\/06\/chaise-louisXVI-4-221x300.jpg 221w\" sizes=\"(max-width: 550px) 100vw, 550px\" \/><\/a><\/figure>\n<\/div><\/div>\n<\/div>\n\n\n\n<div class=\"wp-block-columns is-layout-flex wp-container-core-columns-is-layout-9d6595d7 wp-block-columns-is-layout-flex\">\n<div class=\"wp-block-column is-layout-flow wp-block-column-is-layout-flow\">\n<p class=\"has-text-align-center\">Gr\u00e2ce \u00e0 leur imagination et \u00e0 leur technique, les artisans des Ateliers La Maison Saulaie cr\u00e9ent des&nbsp;<a href=\"https:\/\/www.saulaie.com\/fr\/10180-chaise-ancienne\" target=\"_blank\" rel=\"noreferrer noopener\"><strong>chaises uniques<\/strong><\/a>, reproductions d\u2019anciens mod\u00e8les enti\u00e8rement r\u00e9alis\u00e9s \u00e0 la main ou cr\u00e9ations innovantes suivant les codes du style Louis XVI.<\/p>\n<\/div>\n<\/div>\n\n\n\n<div class=\"wp-block-columns is-layout-flex wp-container-core-columns-is-layout-9d6595d7 wp-block-columns-is-layout-flex\">\n<div class=\"wp-block-column is-layout-flow wp-block-column-is-layout-flow\">\n<h2 class=\"has-text-align-center wp-block-heading\">CLASSIQUE ET INTEMPORELLE, LA CHAISE LOUIS XVI EN TISSU<\/h2>\n<\/div>\n<\/div>\n\n\n\n<div class=\"wp-block-columns is-layout-flex wp-container-core-columns-is-layout-9d6595d7 wp-block-columns-is-layout-flex\">\n<div class=\"wp-block-column is-layout-flow wp-block-column-is-layout-flow\">\n<p>Dans un&nbsp;<strong>int\u00e9rieur classique-chic<\/strong>&nbsp;ou dans une salle \u00e0 manger contemporaine, la chaise Louis XVI contente tous les profils&nbsp;! Elle vous offre \u00e0 la fois l\u2019\u00e9l\u00e9gance d\u2019un meuble charg\u00e9 d\u2019histoire et le confort d\u2019une chaise savamment pens\u00e9e.<\/p>\n\n\n\n<p>Les assises de nos\u00a0<strong>chaises de style Louis XVI<\/strong>\u00a0sont rembourr\u00e9es, garnies de mousse haute densit\u00e9 et pos\u00e9es sur des sangles entrecrois\u00e9es en toile de jute, comme le faisaient d\u00e9j\u00e0 les artisans royaux. Les dossiers sont \u00e9galement rembourr\u00e9s, en fonction des mod\u00e8les ou peuvent \u00eatre ajour\u00e9s et compos\u00e9s de barreaux de bois, comme pour notre\u00a0mod\u00e8le Bastille.<\/p>\n<\/div>\n\n\n\n<div class=\"wp-block-column is-layout-flow wp-block-column-is-layout-flow\">\n<p>La Maison Saulaie vous propose plusieurs mod\u00e8les de chaises&nbsp;<strong>Louis XVI en bois massif<\/strong>&nbsp;recouvertes de tissu beige. Cette&nbsp;<strong>couleur intemporelle<\/strong>&nbsp;et tr\u00e8s lumineuse vous permet d\u2019agrandir visuellement votre espace, sans attirer le regard.<\/p>\n\n\n\n<p>Vous recherchez une&nbsp;<strong>chaise Louis XVI en tissu<\/strong>&nbsp;de couleur ou par\u00e9e de motifs&nbsp;? Nous pouvons r\u00e9aliser votre&nbsp;<em>meuble<\/em>&nbsp;<em>sur-mesure.<\/em>&nbsp;N\u2019h\u00e9sitez pas \u00e0 nous contacter pour nous faire part de votre projet.<\/p>\n<\/div>\n<\/div>\n\n\n\n<div class=\"wp-block-columns is-layout-flex wp-container-core-columns-is-layout-9d6595d7 wp-block-columns-is-layout-flex\">\n<div class=\"wp-block-column is-layout-flow wp-block-column-is-layout-flow\">\n<h2 class=\"has-text-align-center wp-block-heading\">LA CHAISE LOUIS XVI CANN\u00c9E, AUTHENTIQUE ET CHALEUREUSE<\/h2>\n<\/div>\n<\/div>\n\n\n\n<div class=\"wp-block-columns is-layout-flex wp-container-core-columns-is-layout-9d6595d7 wp-block-columns-is-layout-flex\">\n<div class=\"wp-block-column is-layout-flow wp-block-column-is-layout-flow\"><div class=\"wp-block-image\">\n<figure class=\"aligncenter size-full\"><a href=\"http:\/\/blog.saulaie.com\/wp-content\/uploads\/2022\/06\/chaise-louisXVI-5.jpg\" target=\"_blank\" rel=\"noreferrer noopener\"><img loading=\"lazy\" decoding=\"async\" width=\"550\" height=\"747\" src=\"http:\/\/blog.saulaie.com\/wp-content\/uploads\/2022\/06\/chaise-louisXVI-5.jpg\" alt=\"\" class=\"wp-image-4706\" srcset=\"https:\/\/www.saulaie.com\/blog\/wp-content\/uploads\/2022\/06\/chaise-louisXVI-5.jpg 550w, https:\/\/www.saulaie.com\/blog\/wp-content\/uploads\/2022\/06\/chaise-louisXVI-5-221x300.jpg 221w\" sizes=\"(max-width: 550px) 100vw, 550px\" \/><\/a><\/figure>\n<\/div><\/div>\n\n\n\n<div class=\"wp-block-column is-layout-flow wp-block-column-is-layout-flow\">\n<p>Le cannage fait son grand retour dans le monde de la d\u00e9coration d\u2019int\u00e9rieur. La Maison Saulaie ne pouvait pas passer \u00e0 c\u00f4t\u00e9 de cette tendance qui met une nouvelle fois en lumi\u00e8re le travail accompli par l\u2019homme. Nous vous proposons alors parmi notre catalogue produit des chaises Louis XVI en bois massif avec&nbsp;<strong>assise cann\u00e9e<\/strong>. Leur assise en fibres v\u00e9g\u00e9tales naturelles est elle aussi enti\u00e8rement r\u00e9alis\u00e9e \u00e0 la main.<\/p>\n\n\n\n<p>Ainsi, la&nbsp;<a href=\"https:\/\/www.saulaie.com\/fr\/10766-chaise-cannee\" target=\"_blank\" rel=\"noreferrer noopener\">chaise cann\u00e9e ancienne<\/a>&nbsp;trouve sa place dans de nombreux styles de d\u00e9coration, de la salle \u00e0 manger classique au boudoir chic, en passant par le&nbsp;<strong>s\u00e9jour scandinave<\/strong>. Le mariage de ces mati\u00e8res naturelles et tr\u00e8s chaleureuses peut r\u00e9sonner comme un v\u00e9ritable appel au repos, une invitation \u00e0 passer \u00e0 table ou une incitation \u00e0 la lecture.<\/p>\n<\/div>\n<\/div>\n\n\n\n<div class=\"wp-block-columns is-layout-flex wp-container-core-columns-is-layout-9d6595d7 wp-block-columns-is-layout-flex\">\n<div class=\"wp-block-column is-layout-flow wp-block-column-is-layout-flow\">\n<h2 class=\"has-text-align-center wp-block-heading\">LE FAUTEUIL LOUIS XVI, ROI DE VOTRE D\u00c9CORATION<\/h2>\n<\/div>\n<\/div>\n\n\n\n<div class=\"wp-block-columns is-layout-flex wp-container-core-columns-is-layout-9d6595d7 wp-block-columns-is-layout-flex\">\n<div class=\"wp-block-column is-layout-flow wp-block-column-is-layout-flow\">\n<p>Vous \u00eates \u00e0 la recherche d\u2019<strong>une chaise Louis XVI avec accoudoirs\u00a0<\/strong>? La Maison Saulaie d\u00e9cline ses plus c\u00e9l\u00e8bres mod\u00e8les de chaises de style Louis XVI en fauteuils confortables et \u00e9l\u00e9gants. Retrouvez le raffinement de leurs dossiers moulur\u00e9s et la finesse du travail de chaque pi\u00e8tement dans un\u00a0<a href=\"https:\/\/www.saulaie.com\/fr\/fauteuil-medaillon\" target=\"_blank\" rel=\"noreferrer noopener\">fauteuil Louis XVI m\u00e9daillon<\/a>\u00a0ou \u00e0\u00a0<a href=\"https:\/\/www.saulaie.com\/fr\/10553-fauteuil-louis-xvi\" target=\"_blank\" rel=\"noreferrer noopener\">dossier droit<\/a>, selon vos envies et votre d\u00e9coration d\u2019int\u00e9rieur.<\/p>\n\n\n\n<p>Placez un\u00a0<strong>fauteuil berg\u00e8re<\/strong>\u00a0<a href=\"https:\/\/www.saulaie.com\/fr\/6916-fauteuil-bergere-style-louis-xvi-monceau.html\" target=\"_blank\" rel=\"noreferrer noopener\">Monceau<\/a>\u00a0dans votre salon moderne et agr\u00e9mentez-le de coussins \u00e0 motifs pour une d\u00e9coration tendance et un confort in\u00e9gal\u00e9.\u00a0<\/p>\n<\/div>\n\n\n\n<div class=\"wp-block-column is-layout-flow wp-block-column-is-layout-flow\">\n<p>Plus a\u00e9rien avec ses accoudoirs d\u00e9croch\u00e9s et son dossier m\u00e9daillon, le <a href=\"https:\/\/www.saulaie.com\/blog\/2021\/08\/16\/fauteuils-louis-xvi-choisissez-votre-piece-unique-2\/\" data-type=\"post\" data-id=\"4891\">fauteuil Louis XVI<\/a> de la m\u00eame gamme vous transporte plus de 200 ans en arri\u00e8re.<\/p>\n\n\n\n<p><a href=\"https:\/\/www.saulaie.com\/fr\/10415-console-classique\" target=\"_blank\" rel=\"noreferrer noopener\">Console en demi-lune<\/a>,\u00a0<a href=\"https:\/\/www.saulaie.com\/fr\/10202-bibliotheque-etagere\" target=\"_blank\" rel=\"noreferrer noopener\">biblioth\u00e8que basse<\/a>\u00a0ou encore\u00a0<a href=\"https:\/\/www.saulaie.com\/fr\/10883-bureau-bois-massif\" target=\"_blank\" rel=\"noreferrer noopener\">bureau en bois massif<\/a>, La Maison Saulaie vous propose d\u2019autres meubles r\u00e9alis\u00e9s dans le sillage du\u00a0<strong>style Louis XVI<\/strong>, et toujours \u00e0 partir de bois massif de grande qualit\u00e9.<\/p>\n<\/div>\n<\/div>\n","protected":false},"excerpt":{"rendered":"<p>La&nbsp;chaise de style Louis XVI&nbsp;sublime nos int\u00e9rieurs depuis plus de 200 ans. C\u2019est une pi\u00e8ce de mobilier forte, dans une \u00e9poque qui cherchait l\u2019\u00e9quilibre, l\u2019\u00e9l\u00e9gance et la simplicit\u00e9. A la cour du roi surnomm\u00e9 \u00ab&nbsp;le restaurateur de la libert\u00e9&nbsp;\u00bb, on souhaite retrouver la douceur du classicisme et lui ajouter la noblesse des lignes de l\u2019Antiquit\u00e9. [&hellip;]<\/p>\n","protected":false},"author":11,"featured_media":4940,"comment_status":"open","ping_status":"open","sticky":false,"template":"","format":"standard","meta":{"_seopress_robots_primary_cat":"16","_seopress_titles_title":"","_seopress_titles_desc":"","_seopress_robots_index":"","_uag_custom_page_level_css":"","footnotes":""},"categories":[16],"tags":[],"class_list":{"0":"post-4690","1":"post","2":"type-post","3":"status-publish","4":"format-standard","5":"has-post-thumbnail","7":"category-tendances"},"uagb_featured_image_src":{"full":["https:\/\/www.saulaie.com\/blog\/wp-content\/uploads\/2022\/06\/chaise-louisXVI-2-1.jpg",1100,726,false],"thumbnail":["https:\/\/www.saulaie.com\/blog\/wp-content\/uploads\/2022\/06\/chaise-louisXVI-2-1-150x150.jpg",150,150,true],"medium":["https:\/\/www.saulaie.com\/blog\/wp-content\/uploads\/2022\/06\/chaise-louisXVI-2-1-300x198.jpg",300,198,true],"medium_large":["https:\/\/www.saulaie.com\/blog\/wp-content\/uploads\/2022\/06\/chaise-louisXVI-2-1-768x507.jpg",768,507,true],"large":["https:\/\/www.saulaie.com\/blog\/wp-content\/uploads\/2022\/06\/chaise-louisXVI-2-1-1024x676.jpg",800,528,true],"1536x1536":["https:\/\/www.saulaie.com\/blog\/wp-content\/uploads\/2022\/06\/chaise-louisXVI-2-1.jpg",1100,726,false],"2048x2048":["https:\/\/www.saulaie.com\/blog\/wp-content\/uploads\/2022\/06\/chaise-louisXVI-2-1.jpg",1100,726,false],"gform-image-choice-sm":["https:\/\/www.saulaie.com\/blog\/wp-content\/uploads\/2022\/06\/chaise-louisXVI-2-1.jpg",300,198,false],"gform-image-choice-md":["https:\/\/www.saulaie.com\/blog\/wp-content\/uploads\/2022\/06\/chaise-louisXVI-2-1.jpg",400,264,false],"gform-image-choice-lg":["https:\/\/www.saulaie.com\/blog\/wp-content\/uploads\/2022\/06\/chaise-louisXVI-2-1.jpg",600,396,false]},"uagb_author_info":{"display_name":"Elodie Rossignol","author_link":"https:\/\/www.saulaie.com\/blog\/author\/elodie\/"},"uagb_comment_info":0,"uagb_excerpt":"La&nbsp;chaise de style Louis XVI&nbsp;sublime nos int\u00e9rieurs depuis plus de 200 ans. C\u2019est une pi\u00e8ce de mobilier forte, dans une \u00e9poque qui cherchait l\u2019\u00e9quilibre, l\u2019\u00e9l\u00e9gance et la simplicit\u00e9. A la cour du roi surnomm\u00e9 \u00ab&nbsp;le restaurateur de la libert\u00e9&nbsp;\u00bb, on souhaite retrouver la douceur du classicisme et lui ajouter la noblesse des lignes de l\u2019Antiquit\u00e9.\u2026","_links":{"self":[{"href":"https:\/\/www.saulaie.com\/blog\/wp-json\/wp\/v2\/posts\/4690","targetHints":{"allow":["GET"]}}],"collection":[{"href":"https:\/\/www.saulaie.com\/blog\/wp-json\/wp\/v2\/posts"}],"about":[{"href":"https:\/\/www.saulaie.com\/blog\/wp-json\/wp\/v2\/types\/post"}],"author":[{"embeddable":true,"href":"https:\/\/www.saulaie.com\/blog\/wp-json\/wp\/v2\/users\/11"}],"replies":[{"embeddable":true,"href":"https:\/\/www.saulaie.com\/blog\/wp-json\/wp\/v2\/comments?post=4690"}],"version-history":[{"count":12,"href":"https:\/\/www.saulaie.com\/blog\/wp-json\/wp\/v2\/posts\/4690\/revisions"}],"predecessor-version":[{"id":7595,"href":"https:\/\/www.saulaie.com\/blog\/wp-json\/wp\/v2\/posts\/4690\/revisions\/7595"}],"wp:featuredmedia":[{"embeddable":true,"href":"https:\/\/www.saulaie.com\/blog\/wp-json\/wp\/v2\/media\/4940"}],"wp:attachment":[{"href":"https:\/\/www.saulaie.com\/blog\/wp-json\/wp\/v2\/media?parent=4690"}],"wp:term":[{"taxonomy":"category","embeddable":true,"href":"https:\/\/www.saulaie.com\/blog\/wp-json\/wp\/v2\/categories?post=4690"},{"taxonomy":"post_tag","embeddable":true,"href":"https:\/\/www.saulaie.com\/blog\/wp-json\/wp\/v2\/tags?post=4690"}],"curies":[{"name":"wp","href":"https:\/\/api.w.org\/{rel}","templated":true}]}}