{"id":4589,"date":"2020-09-04T10:12:00","date_gmt":"2020-09-04T09:12:00","guid":{"rendered":"http:\/\/blog.saulaie.com\/?p=4589"},"modified":"2023-05-19T12:48:24","modified_gmt":"2023-05-19T11:48:24","slug":"le-classique-chic-un-style-qui-saccorde-au-present-2","status":"publish","type":"post","link":"https:\/\/www.saulaie.com\/blog\/le-classique-chic-un-style-qui-saccorde-au-present-2\/","title":{"rendered":"Le classique chic, un style qui s&rsquo;accorde au pr\u00e9sent"},"content":{"rendered":"\n<div class=\"wp-block-columns is-layout-flex wp-container-core-columns-is-layout-9d6595d7 wp-block-columns-is-layout-flex\">\n<div class=\"wp-block-column is-layout-flow wp-block-column-is-layout-flow\"><\/div>\n\n\n\n<div class=\"wp-block-column is-layout-flow wp-block-column-is-layout-flow\">\n<p class=\"has-text-align-center\">Associer un meuble ancien \u00e0 sa&nbsp;<strong>d\u00e9coration d\u2019int\u00e9rieur&nbsp;<\/strong>plus moderne, c\u2019est possible quand on suit certaines r\u00e8gles d\u00e9co. Le courant nomm\u00e9 \u00ab&nbsp;<em>classique chic<\/em>&nbsp;\u00bb ambitionne justement de combiner style, qualit\u00e9 et meubles porteurs d\u2019histoire. Mati\u00e8res nobles, int\u00e9rieur clairs et lumineux, palettes de couleurs tout en nuances et en discr\u00e9tion\u2026 Le&nbsp;<strong>classique chic<\/strong>&nbsp;qui se nomme aussi \u00ab&nbsp;<em>n\u00e9o-classique<\/em>&nbsp;\u00bb est synonyme d\u2019\u00e9l\u00e9gance.<\/p>\n<\/div>\n\n\n\n<div class=\"wp-block-column is-layout-flow wp-block-column-is-layout-flow\"><\/div>\n<\/div>\n\n\n\n<div class=\"wp-block-columns is-layout-flex wp-container-core-columns-is-layout-9d6595d7 wp-block-columns-is-layout-flex\">\n<div class=\"wp-block-column is-layout-flow wp-block-column-is-layout-flow\"><div class=\"wp-block-image\">\n<figure class=\"aligncenter size-large\"><a href=\"http:\/\/blog.saulaie.com\/wp-content\/uploads\/2022\/06\/classique-chic2.jpg\"><img fetchpriority=\"high\" decoding=\"async\" width=\"1024\" height=\"406\" src=\"http:\/\/blog.saulaie.com\/wp-content\/uploads\/2022\/06\/classique-chic2-1024x406.jpg\" alt=\"\" class=\"wp-image-4591\" srcset=\"https:\/\/www.saulaie.com\/blog\/wp-content\/uploads\/2022\/06\/classique-chic2-1024x406.jpg 1024w, https:\/\/www.saulaie.com\/blog\/wp-content\/uploads\/2022\/06\/classique-chic2-300x119.jpg 300w, https:\/\/www.saulaie.com\/blog\/wp-content\/uploads\/2022\/06\/classique-chic2-768x304.jpg 768w, https:\/\/www.saulaie.com\/blog\/wp-content\/uploads\/2022\/06\/classique-chic2-705x279.jpg 705w, https:\/\/www.saulaie.com\/blog\/wp-content\/uploads\/2022\/06\/classique-chic2.jpg 1100w\" sizes=\"(max-width: 1024px) 100vw, 1024px\" \/><\/a><\/figure>\n<\/div><\/div>\n<\/div>\n\n\n\n<div class=\"wp-block-columns is-layout-flex wp-container-core-columns-is-layout-9d6595d7 wp-block-columns-is-layout-flex\">\n<div class=\"wp-block-column is-layout-flow wp-block-column-is-layout-flow\">\n<p class=\"has-text-align-center\">La Maison Saulaie vous propose des meubles de style ancien et d\u2019autres, aux allures plus modernes, pour cr\u00e9er la&nbsp;<strong>d\u00e9coration d\u2019int\u00e9rieur<\/strong>&nbsp;qui vous ressemble. Mieux encore, en mariant les meubles anciens et plus r\u00e9cents, vous cr\u00e9ez une ambiance conviviale et mettez en lumi\u00e8re des fauteuils ou des chaises qui ont travers\u00e9 les \u00e9poques avec brio.<\/p>\n<\/div>\n<\/div>\n\n\n\n<div class=\"wp-block-columns is-layout-flex wp-container-core-columns-is-layout-9d6595d7 wp-block-columns-is-layout-flex\">\n<div class=\"wp-block-column is-layout-flow wp-block-column-is-layout-flow\">\n<h2 class=\"wp-block-heading\">UN FAUTEUIL ANCIEN POUR DONNER DU CARACT\u00c8RE \u00c0 VOTRE SALON<\/h2>\n<\/div>\n\n\n\n<div class=\"wp-block-column is-layout-flow wp-block-column-is-layout-flow\">\n<p>Le&nbsp;<strong>style classique chic<\/strong>&nbsp;est un style de d\u00e9coration d\u2019int\u00e9rieur qui se veut intemporel, chaleureux et raffin\u00e9. Il est n\u00e9 des amoureux de meubles anciens qui ont souhait\u00e9 donn\u00e9 une cure de jouvence \u00e0 ce mobilier en l\u2019adaptant aux rythmes de vie, aux styles de d\u00e9coration plus contemporain.\u2026<\/p>\n\n\n\n<p>Amateurs de d\u00e9coration et stylistes chevronn\u00e9s ont donc appris \u00e0 composer avec les pi\u00e8ces de toutes les \u00e9poques, pour cr\u00e9er des&nbsp;<strong>ambiances d\u00e9co<\/strong>&nbsp;uniques parfaitement actuelles.<\/p>\n<\/div>\n<\/div>\n\n\n\n<div class=\"wp-block-columns is-layout-flex wp-container-core-columns-is-layout-9d6595d7 wp-block-columns-is-layout-flex\">\n<div class=\"wp-block-column is-layout-flow wp-block-column-is-layout-flow\">\n<h3 class=\"has-text-align-center wp-block-heading\">LA PASSION DU FAUTEUIL ANCIEN HAUT DE GAMME PAR LA MAISON SAULAIE<\/h3>\n<\/div>\n<\/div>\n\n\n\n<div class=\"wp-block-columns is-layout-flex wp-container-core-columns-is-layout-9d6595d7 wp-block-columns-is-layout-flex\">\n<div class=\"wp-block-column is-layout-flow wp-block-column-is-layout-flow\">\n<p>Pourquoi donner ou remiser au grenier des chaises ou des fauteuils anciens robustes et esth\u00e9tiques, alors qu\u2019ils sont aussi beaux que pratiques&nbsp;? Quel argument justifie qu\u2019un fauteuil ancien, dessin\u00e9 il y a plusieurs d\u00e9cennies, ne puisse plus tr\u00f4ner dans un int\u00e9rieur du XXI<sup>e<\/sup>&nbsp;si\u00e8cle&nbsp;? La Maison Saulaie r\u00e9alise ainsi des&nbsp;<a href=\"https:\/\/www.saulaie.com\/fr\/10282-fauteuil-ancien\" target=\"_blank\" rel=\"noreferrer noopener\">fauteuils anciens<\/a>&nbsp;selon des techniques artisanales valorisant les m\u00e9thodes traditionnelles de fabrication (tenon-mortaises, queue d\u2019aronde\u2026). Il s\u2019agit d\u2019un choix exigeant, comme une reconnaissance de qualit\u00e9 et la volont\u00e9 de perp\u00e9tuer un savoir-faire unique.<\/p>\n<\/div>\n\n\n\n<div class=\"wp-block-column is-layout-flow wp-block-column-is-layout-flow\"><div class=\"wp-block-image\">\n<figure class=\"aligncenter size-full\"><a href=\"http:\/\/blog.saulaie.com\/wp-content\/uploads\/2022\/06\/classique-chic3.jpg\"><img decoding=\"async\" width=\"550\" height=\"450\" src=\"http:\/\/blog.saulaie.com\/wp-content\/uploads\/2022\/06\/classique-chic3.jpg\" alt=\"\" class=\"wp-image-4617\" srcset=\"https:\/\/www.saulaie.com\/blog\/wp-content\/uploads\/2022\/06\/classique-chic3.jpg 550w, https:\/\/www.saulaie.com\/blog\/wp-content\/uploads\/2022\/06\/classique-chic3-300x245.jpg 300w\" sizes=\"(max-width: 550px) 100vw, 550px\" \/><\/a><\/figure>\n<\/div><\/div>\n<\/div>\n\n\n\n<div class=\"wp-block-columns is-layout-flex wp-container-core-columns-is-layout-9d6595d7 wp-block-columns-is-layout-flex\">\n<div class=\"wp-block-column is-layout-flow wp-block-column-is-layout-flow\">\n<h3 class=\"has-text-align-center wp-block-heading\">ZOOM SUR LE FAUTEUIL BERG\u00c8RE, SYMBOLE DE CONFORT ET D\u2019\u00c9L\u00c9GANCE<\/h3>\n<\/div>\n<\/div>\n\n\n\n<div class=\"wp-block-columns is-layout-flex wp-container-core-columns-is-layout-9d6595d7 wp-block-columns-is-layout-flex\">\n<div class=\"wp-block-column is-layout-flow wp-block-column-is-layout-flow\">\n<figure class=\"wp-block-image size-full\"><a href=\"http:\/\/blog.saulaie.com\/wp-content\/uploads\/2022\/06\/classique-chic4.jpg\"><img decoding=\"async\" width=\"550\" height=\"450\" src=\"http:\/\/blog.saulaie.com\/wp-content\/uploads\/2022\/06\/classique-chic4.jpg\" alt=\"\" class=\"wp-image-4620\" srcset=\"https:\/\/www.saulaie.com\/blog\/wp-content\/uploads\/2022\/06\/classique-chic4.jpg 550w, https:\/\/www.saulaie.com\/blog\/wp-content\/uploads\/2022\/06\/classique-chic4-300x245.jpg 300w\" sizes=\"(max-width: 550px) 100vw, 550px\" \/><\/a><\/figure>\n<\/div>\n\n\n\n<div class=\"wp-block-column is-layout-flow wp-block-column-is-layout-flow\">\n<p>Le&nbsp;<a href=\"https:\/\/www.saulaie.com\/fr\/10173-fauteuil-bergere\" target=\"_blank\" rel=\"noreferrer noopener\">fauteuil berg\u00e8re<\/a>&nbsp;a longtemps figur\u00e9 dans tous les salons \u00e9l\u00e9gants de la haute soci\u00e9t\u00e9. A la fois confortable et compact, il permet un maintien droit. Les techniques actuelles vous permettent de choisir la couleur et la mati\u00e8re de votre&nbsp;<strong>fauteuil berg\u00e8re<\/strong>, afin qu\u2019il se marie parfaitement dans votre pi\u00e8ce de vie. Sans attirer le regard, votre meuble assoit votre d\u00e9coration et vous assure des heures de lecture tout confort, avec sa grande profondeur d\u2019assise.<br>D\u00e9couvrez les diff\u00e9rents mod\u00e8les de&nbsp;<a href=\"https:\/\/www.saulaie.com\/fr\/10173-fauteuil-bergere\" target=\"_blank\" rel=\"noreferrer noopener\">fauteuils berg\u00e8re<\/a>&nbsp;r\u00e9alis\u00e9s par La Maison Saulaie. Optez pour un fauteuil berg\u00e8re de style Restauration en tissu beige pour un int\u00e9rieur de style&nbsp;! Il poss\u00e8de un dossier droit et des accoudoirs englobants.<\/p>\n<\/div>\n<\/div>\n\n\n\n<div class=\"wp-block-columns is-layout-flex wp-container-core-columns-is-layout-9d6595d7 wp-block-columns-is-layout-flex\">\n<div class=\"wp-block-column is-layout-flow wp-block-column-is-layout-flow\">\n<p class=\"has-text-align-center\">Vous cherchez quelque chose de plus gracile, de plus f\u00e9minin&nbsp;?<br>Choisissez un&nbsp;<a href=\"https:\/\/www.saulaie.com\/fr\/10673-fauteuil-bergere-louis-xvi\" target=\"_blank\" rel=\"noreferrer noopener\">fauteuil berg\u00e8re Louis XVI<\/a>&nbsp;avec son dossier arrondi, enti\u00e8rement moulur\u00e9 ou sculpt\u00e9 de motifs floraux.<\/p>\n<\/div>\n<\/div>\n\n\n\n<div class=\"wp-block-columns is-layout-flex wp-container-core-columns-is-layout-9d6595d7 wp-block-columns-is-layout-flex\">\n<div class=\"wp-block-column is-layout-flow wp-block-column-is-layout-flow\">\n<h2 class=\"has-text-align-center wp-block-heading\">LES CHAISES CLASSIQUES ET INTEMPORELLES POUR UN INT\u00c9RIEUR CHIC<\/h2>\n<\/div>\n<\/div>\n\n\n\n<div class=\"wp-block-columns is-layout-flex wp-container-core-columns-is-layout-9d6595d7 wp-block-columns-is-layout-flex\">\n<div class=\"wp-block-column is-layout-flow wp-block-column-is-layout-flow\"><\/div>\n\n\n\n<div class=\"wp-block-column is-layout-flow wp-block-column-is-layout-flow\">\n<p class=\"has-text-align-center\">Le&nbsp;<strong>classique chic<\/strong>&nbsp;s\u2019invite dans toutes les pi\u00e8ces de votre maison, du salon \u00e0 la chambre, en passant par la salle \u00e0 manger. La Maison Saulaie vous pr\u00e9sente des chaises de style ancien, r\u00e9alis\u00e9es de fa\u00e7on artisanale, avec des mati\u00e8res nobles et du bois massif haut de gamme. Dossier en fibres naturelles fa\u00e7on cannage ou tout en tissu, pi\u00e8tement et structure en bois massif, le&nbsp;<strong>classique chic<\/strong>&nbsp;peut prendre de nombreux visages mais garde comme leitmotiv la qualit\u00e9.<\/p>\n<\/div>\n\n\n\n<div class=\"wp-block-column is-layout-flow wp-block-column-is-layout-flow\"><\/div>\n<\/div>\n\n\n\n<div class=\"wp-block-columns is-layout-flex wp-container-core-columns-is-layout-9d6595d7 wp-block-columns-is-layout-flex\">\n<div class=\"wp-block-column is-layout-flow wp-block-column-is-layout-flow\">\n<h3 class=\"has-text-align-center wp-block-heading\">UNE CHAISE M\u00c9DAILLON QUI VOUS INVITE \u00c0 PASSER \u00c0 TABLE<\/h3>\n<\/div>\n<\/div>\n\n\n\n<div class=\"wp-block-columns is-layout-flex wp-container-core-columns-is-layout-9d6595d7 wp-block-columns-is-layout-flex\">\n<div class=\"wp-block-column is-layout-flow wp-block-column-is-layout-flow\">\n<p class=\"has-text-align-center\">La&nbsp;<a href=\"https:\/\/www.saulaie.com\/fr\/10279-chaise#\/collection-medaillon\" target=\"_blank\" rel=\"noreferrer noopener\">chaise m\u00e9daillon<\/a>&nbsp;traditionnelle est compos\u00e9e d\u2019un dossier ovale ou rond, d\u2019une assise rembourr\u00e9e et d\u2019une structure tout en bois massif. Cette forme a pourtant r\u00e9ussi \u00e0 traverser les \u00e9poques en changeant de mati\u00e8re, de composition, mais jamais r\u00e9ellement de forme.<br>Au fil des \u00e9poques, les pieds cannel\u00e9s ont laiss\u00e9 place \u00e0 des pieds sobres plus fins en bois ou en m\u00e9tal. L\u2019assise et le dossier de la chaise m\u00e9daillon ont jou\u00e9 \u00e0 des jeux de parfaite sym\u00e9trie et m\u00eame de transparence\u2026 Jusqu\u2019\u00e0 la naissance d\u2019un c\u00e9l\u00e8bre mod\u00e8le de chaise m\u00e9daillon enti\u00e8rement r\u00e9alis\u00e9 en plexiglass, la chaise \u00ab&nbsp;Ghost&nbsp;\u00bb du designer&nbsp;<a href=\"https:\/\/www.starck.fr\/\" target=\"_blank\" rel=\"noreferrer noopener\">Philippe Starck<\/a>. Dans les int\u00e9rieurs classiques chics, la&nbsp;<strong>chaise m\u00e9daillon<\/strong>&nbsp;en bois massif, est le fruit d\u2019un savoir-faire traditionnel transmis de g\u00e9n\u00e9ration en g\u00e9n\u00e9ration.<\/p>\n<\/div>\n<\/div>\n\n\n\n<div class=\"wp-block-columns is-layout-flex wp-container-core-columns-is-layout-9d6595d7 wp-block-columns-is-layout-flex\">\n<div class=\"wp-block-column is-layout-flow wp-block-column-is-layout-flow\">\n<h3 class=\"has-text-align-center wp-block-heading\">UNE D\u00c9CO CLASSIQUE ET ROMANTIQUE AVEC DES CHAISES LOUIS XVI<\/h3>\n<\/div>\n<\/div>\n\n\n\n<div class=\"wp-block-columns is-layout-flex wp-container-core-columns-is-layout-9d6595d7 wp-block-columns-is-layout-flex\">\n<div class=\"wp-block-column is-layout-flow wp-block-column-is-layout-flow\">\n<p>La&nbsp;<strong>chaise m\u00e9daillon<\/strong>&nbsp;la plus connue est sans aucun doute la&nbsp;<a href=\"https:\/\/www.saulaie.com\/fr\/10279-chaise#\/style-ancien_louis_xvi\" target=\"_blank\" rel=\"noreferrer noopener\">chaise Louis XVI<\/a>. Dans les ateliers La Maison Saulaie, chaque chaise est r\u00e9alis\u00e9e, assembl\u00e9e et sculpt\u00e9e par un artisan menuisier.<br>L\u2019entourage du dossier, l\u2019assise et les pieds, se parent de motifs naturels&nbsp;: foug\u00e8res, fleurs, rosaces, pommes de pin\u2026 A la cour du roi comme dans les salles \u00e0 manger classiques chics actuelles, ces motifs sculpt\u00e9s sont une ode \u00e0 la nature, parfaite et g\u00e9n\u00e9reuse.<br>Les assises et les dossiers de nos&nbsp;<a href=\"https:\/\/www.saulaie.com\/fr\/10279-chaise#\/style-ancien_louis_xvi\" target=\"_blank\" rel=\"noreferrer noopener\">chaises Louis XVI<\/a>&nbsp;sont recouverts d\u2019un tissu beige ou personnalisables sur demande. Un passepoil consolide chaque coussin de nos chaises Louis XVI tandis que l\u2019assise est r\u00e9alis\u00e9e sur des sangles entrecrois\u00e9es en toile de jute. Tradition et qualit\u00e9 se retrouvent dans tous les meubles anciens La Maison Saulaie.<\/p>\n<\/div>\n\n\n\n<div class=\"wp-block-column is-layout-flow wp-block-column-is-layout-flow\"><div class=\"wp-block-image\">\n<figure class=\"aligncenter size-full\"><a href=\"http:\/\/blog.saulaie.com\/wp-content\/uploads\/2022\/06\/classique-chic5.jpg\"><img loading=\"lazy\" decoding=\"async\" width=\"550\" height=\"825\" src=\"http:\/\/blog.saulaie.com\/wp-content\/uploads\/2022\/06\/classique-chic5.jpg\" alt=\"\" class=\"wp-image-4629\" srcset=\"https:\/\/www.saulaie.com\/blog\/wp-content\/uploads\/2022\/06\/classique-chic5.jpg 550w, https:\/\/www.saulaie.com\/blog\/wp-content\/uploads\/2022\/06\/classique-chic5-200x300.jpg 200w\" sizes=\"(max-width: 550px) 100vw, 550px\" \/><\/a><\/figure>\n<\/div><\/div>\n<\/div>\n\n\n\n<div class=\"wp-block-columns is-layout-flex wp-container-core-columns-is-layout-9d6595d7 wp-block-columns-is-layout-flex\">\n<div class=\"wp-block-column is-layout-flow wp-block-column-is-layout-flow\">\n<h3 class=\"wp-block-heading\">LA CHAISE CANN\u00c9E, GRANDE REINE DU CLASSIQUE CHIC<\/h3>\n<\/div>\n\n\n\n<div class=\"wp-block-column is-layout-flow wp-block-column-is-layout-flow\">\n<p>La\u00a0<a href=\"https:\/\/www.saulaie.com\/fr\/10766-chaise-cannee\" target=\"_blank\" rel=\"noreferrer noopener\">chaise cann\u00e9e<\/a>\u00a0fait elle aussi son grand retour dans les magasins de d\u00e9coration d\u2019int\u00e9rieur. Elle est l\u2019un des meubles favoris du classique chic, repr\u00e9sentant \u00e0 la fois des savoir-faire traditionnels et un v\u00e9ritable confort d\u2019assise. Le cannage apporte de la douceur et de la l\u00e9g\u00e8ret\u00e9 \u00e0 votre espace, sans en faire trop.<br>Vous craquez pour les chaises cann\u00e9es\u00a0? Adaptez le mod\u00e8le de votre chaise \u00e0 la d\u00e9coration de votre salle \u00e0 manger. Placez six chaises cann\u00e9es\u00a0<a href=\"https:\/\/www.saulaie.com\/fr\/6984-chaise-ancienne-cannee-style-louis-xv-laroque.html\" target=\"_blank\" rel=\"noreferrer noopener\">Laroque<\/a>\u00a0ou\u00a0<a href=\"https:\/\/www.saulaie.com\/fr\/10527-chaise-louis-xv\" target=\"_blank\" rel=\"noreferrer noopener\">Rohan<\/a>\u00a0autour d\u2019une grande table de salle \u00e0 manger au pi\u00e8tement plus sobre. Le cannage de l\u2019assise promet un r\u00e9el confort tandis que celui du dossier joue avec la lumi\u00e8re et l\u2019impression d\u2019espace. Le\u00a0<strong>classique chic<\/strong>\u00a0na\u00eet \u00e9galement des courbes de votre chaise cann\u00e9e et de ses arrondis qui vous appellent au repos.<br>Vous pr\u00e9f\u00e9rez les motifs g\u00e9om\u00e9triques et les lignes droites\u00a0? La chaise cann\u00e9e\u00a0Sancerre\u00a0se glisse avec \u00e9l\u00e9gance dans les <a href=\"https:\/\/www.saulaie.com\/fr\/10847-table-scandinave\">salles \u00e0 manger scandinaves<\/a> et tous les int\u00e9rieurs \u00e0 la\u00a0<strong>d\u00e9coration classique chic<\/strong>.<br>Canap\u00e9 chesterfield, fauteuil crapaud,\u00a0<a href=\"https:\/\/www.saulaie.com\/fr\/10415-console-classique\" target=\"_blank\" rel=\"noreferrer noopener\">console directoire<\/a>\u2026<\/p>\n\n\n\n<p>Retrouvez parmi le catalogue produit La Maison Saulaie tout ce qu\u2019il faut pour meubler votre int\u00e9rieur avec <a href=\"https:\/\/www.saulaie.com\/blog\/2018\/08\/16\/style-industriel-chic-du-neuf-avec-de-lancien\/\" data-type=\"post\" data-id=\"1612\">finesse<\/a>.<\/p>\n<\/div>\n<\/div>\n","protected":false},"excerpt":{"rendered":"<p>Associer un meuble ancien \u00e0 sa&nbsp;d\u00e9coration d\u2019int\u00e9rieur&nbsp;plus moderne, c\u2019est possible quand on suit certaines r\u00e8gles d\u00e9co. Le courant nomm\u00e9 \u00ab&nbsp;classique chic&nbsp;\u00bb ambitionne justement de combiner style, qualit\u00e9 et meubles porteurs d\u2019histoire. Mati\u00e8res nobles, int\u00e9rieur clairs et lumineux, palettes de couleurs tout en nuances et en discr\u00e9tion\u2026 Le&nbsp;classique chic&nbsp;qui se nomme aussi \u00ab&nbsp;n\u00e9o-classique&nbsp;\u00bb est synonyme d\u2019\u00e9l\u00e9gance. [&hellip;]<\/p>\n","protected":false},"author":11,"featured_media":4673,"comment_status":"open","ping_status":"open","sticky":false,"template":"","format":"standard","meta":{"_seopress_robots_primary_cat":"19","_seopress_titles_title":"","_seopress_titles_desc":"","_seopress_robots_index":"","_uag_custom_page_level_css":"","footnotes":""},"categories":[19,16],"tags":[],"class_list":{"0":"post-4589","1":"post","2":"type-post","3":"status-publish","4":"format-standard","5":"has-post-thumbnail","7":"category-collections","8":"category-tendances"},"uagb_featured_image_src":{"full":["https:\/\/www.saulaie.com\/blog\/wp-content\/uploads\/2022\/06\/classique-chic-2.jpg",1100,726,false],"thumbnail":["https:\/\/www.saulaie.com\/blog\/wp-content\/uploads\/2022\/06\/classique-chic-2-150x150.jpg",150,150,true],"medium":["https:\/\/www.saulaie.com\/blog\/wp-content\/uploads\/2022\/06\/classique-chic-2-300x198.jpg",300,198,true],"medium_large":["https:\/\/www.saulaie.com\/blog\/wp-content\/uploads\/2022\/06\/classique-chic-2-768x507.jpg",768,507,true],"large":["https:\/\/www.saulaie.com\/blog\/wp-content\/uploads\/2022\/06\/classique-chic-2-1024x676.jpg",800,528,true],"1536x1536":["https:\/\/www.saulaie.com\/blog\/wp-content\/uploads\/2022\/06\/classique-chic-2.jpg",1100,726,false],"2048x2048":["https:\/\/www.saulaie.com\/blog\/wp-content\/uploads\/2022\/06\/classique-chic-2.jpg",1100,726,false],"gform-image-choice-sm":["https:\/\/www.saulaie.com\/blog\/wp-content\/uploads\/2022\/06\/classique-chic-2.jpg",300,198,false],"gform-image-choice-md":["https:\/\/www.saulaie.com\/blog\/wp-content\/uploads\/2022\/06\/classique-chic-2.jpg",400,264,false],"gform-image-choice-lg":["https:\/\/www.saulaie.com\/blog\/wp-content\/uploads\/2022\/06\/classique-chic-2.jpg",600,396,false]},"uagb_author_info":{"display_name":"Elodie Rossignol","author_link":"https:\/\/www.saulaie.com\/blog\/author\/elodie\/"},"uagb_comment_info":0,"uagb_excerpt":"Associer un meuble ancien \u00e0 sa&nbsp;d\u00e9coration d\u2019int\u00e9rieur&nbsp;plus moderne, c\u2019est possible quand on suit certaines r\u00e8gles d\u00e9co. Le courant nomm\u00e9 \u00ab&nbsp;classique chic&nbsp;\u00bb ambitionne justement de combiner style, qualit\u00e9 et meubles porteurs d\u2019histoire. Mati\u00e8res nobles, int\u00e9rieur clairs et lumineux, palettes de couleurs tout en nuances et en discr\u00e9tion\u2026 Le&nbsp;classique chic&nbsp;qui se nomme aussi \u00ab&nbsp;n\u00e9o-classique&nbsp;\u00bb est synonyme d\u2019\u00e9l\u00e9gance.\u2026","_links":{"self":[{"href":"https:\/\/www.saulaie.com\/blog\/wp-json\/wp\/v2\/posts\/4589","targetHints":{"allow":["GET"]}}],"collection":[{"href":"https:\/\/www.saulaie.com\/blog\/wp-json\/wp\/v2\/posts"}],"about":[{"href":"https:\/\/www.saulaie.com\/blog\/wp-json\/wp\/v2\/types\/post"}],"author":[{"embeddable":true,"href":"https:\/\/www.saulaie.com\/blog\/wp-json\/wp\/v2\/users\/11"}],"replies":[{"embeddable":true,"href":"https:\/\/www.saulaie.com\/blog\/wp-json\/wp\/v2\/comments?post=4589"}],"version-history":[{"count":14,"href":"https:\/\/www.saulaie.com\/blog\/wp-json\/wp\/v2\/posts\/4589\/revisions"}],"predecessor-version":[{"id":7589,"href":"https:\/\/www.saulaie.com\/blog\/wp-json\/wp\/v2\/posts\/4589\/revisions\/7589"}],"wp:featuredmedia":[{"embeddable":true,"href":"https:\/\/www.saulaie.com\/blog\/wp-json\/wp\/v2\/media\/4673"}],"wp:attachment":[{"href":"https:\/\/www.saulaie.com\/blog\/wp-json\/wp\/v2\/media?parent=4589"}],"wp:term":[{"taxonomy":"category","embeddable":true,"href":"https:\/\/www.saulaie.com\/blog\/wp-json\/wp\/v2\/categories?post=4589"},{"taxonomy":"post_tag","embeddable":true,"href":"https:\/\/www.saulaie.com\/blog\/wp-json\/wp\/v2\/tags?post=4589"}],"curies":[{"name":"wp","href":"https:\/\/api.w.org\/{rel}","templated":true}]}}