{"id":1999,"date":"2018-11-27T17:15:31","date_gmt":"2018-11-27T16:15:31","guid":{"rendered":"https:\/\/blog.saulaie.com\/?p=1999"},"modified":"2023-05-16T17:16:37","modified_gmt":"2023-05-16T16:16:37","slug":"meubles-en-bois-made-in-france","status":"publish","type":"post","link":"https:\/\/www.saulaie.com\/blog\/meubles-en-bois-made-in-france\/","title":{"rendered":"Meubles en bois Made in France, la nouvelle collection Saulaie s&rsquo;invite chez vous"},"content":{"rendered":"<p>Avec l\u2019arriv\u00e9e de l\u2019automne, une fois \u00e9vanoui le tourbillon de la rentr\u00e9e, alors que l\u2019on retrouve avec bonheur les soir\u00e9es fra\u00eeches pass\u00e9es \u00e0 l\u2019int\u00e9rieur, on peut sentir pointer un d\u00e9sir de renouveau. Et si j\u2019osais\u00a0? Changer ce meuble, red\u00e9corer, redonner vie \u00e0 ma maison\u2026 Avant que ne s\u2019installent les premiers frimas de l\u2019hiver quoi de mieux que de r\u00e9chauffer son int\u00e9rieur\u00a0? Que de (re)mettre \u00e0 l\u2019honneur lignes \u00e9l\u00e9gantes, textures chaudes et essences nobles\u00a0? Pour faire cela, rien de plus simple, d\u00e9couvrez et adoptez les pi\u00e8ces de la nouvelle collection Saulaie. Nouveau design, beaut\u00e9 des mat\u00e9riaux et qualit\u00e9 toujours au rendez-vous, la Maison Saulaie est heureuse de vous pr\u00e9senter les lignes H et Albatre de sa nouvelle collection de <strong>meubles en bois massif<\/strong>\u00a0made in France.<\/p>\n<h2>design ou RETRO, les deux visages d\u2019une collection 100% fran\u00e7aise<\/h2>\n<p>A l\u2019origine de ces nouvelles cr\u00e9ations, un d\u00e9sir de concevoir des <strong>meubles en bois d\u2019exception<\/strong> &#8211; des pi\u00e8ces styl\u00e9es et gracieuses &#8211; tout en s\u2019ancrant davantage dans son territoire fran\u00e7ais. Dans une \u00e9poque o\u00f9 le made in France n\u2019est plus seulement un gage de qualit\u00e9 mais est devenu presque un mode de vie, Saulaie allie avec force et subtilit\u00e9, gr\u00e2ce \u00e0 ses lignes H et <a href=\"https:\/\/www.saulaie.com\/fr\/10189-table?collection%5Balbatre%5D=albatre\">Alb\u00e2tre<\/a>, le design, l\u2019\u00e9l\u00e9gance et l\u2019inventivit\u00e9 avec des mati\u00e8res nobles du terroir.<\/p>\n<h3>Style r\u00e9tro ou meubles contemporains en bois\u00a0: quand le design se marie aux essences d\u2019antan<\/h3>\n<p>Pour mettre \u00e0 l\u2019honneur comme il se doit la cr\u00e9ativit\u00e9 et les mat\u00e9riaux nobles utilis\u00e9s pour r\u00e9aliser cette collection, la Maison Saulaie en a cr\u00e9\u00e9 deux d\u00e9clinaisons\u00a0: la <a href=\"https:\/\/www.saulaie.com\/fr\/720-table-basse?collection%5Bcollection-h%5D=collection-h\">collection H<\/a>, une ligne de <strong>meubles r\u00e9tro<\/strong> qui a tir\u00e9 son inspiration des ann\u00e9es 50 et qui est compos\u00e9e d\u2019un bureau, d\u2019une console, d\u2019une table basse et qui sera compl\u00e9t\u00e9e ult\u00e9rieurement par des assises color\u00e9es (fauteuils et chaises) :<\/p>\n<p><a href=\"https:\/\/www.saulaie.com\/blog\/wp-content\/uploads\/2018\/11\/3.png\"><img fetchpriority=\"high\" decoding=\"async\" class=\"alignleft wp-image-2004\" style=\"max-width: 38.4615%; font-style: normal; font-variant-ligatures: normal; font-variant-caps: normal; font-weight: 400; font-size: 16px; font-family: Arial, sans-serif;\" title=\"Table basse bois massif et c\u00e9ramique - Collection H\" src=\"https:\/\/www.saulaie.com\/blog\/wp-content\/uploads\/2018\/11\/3.png\" alt=\"\" width=\"262\" height=\"325\" srcset=\"https:\/\/www.saulaie.com\/blog\/wp-content\/uploads\/2018\/11\/3.png 1128w, https:\/\/www.saulaie.com\/blog\/wp-content\/uploads\/2018\/11\/3-620x772.png 620w, https:\/\/www.saulaie.com\/blog\/wp-content\/uploads\/2018\/11\/3-768x957.png 768w, https:\/\/www.saulaie.com\/blog\/wp-content\/uploads\/2018\/11\/3-940x1171.png 940w\" sizes=\"(max-width: 262px) 100vw, 262px\" \/><\/a><a href=\"https:\/\/www.saulaie.com\/blog\/wp-content\/uploads\/2018\/11\/ConsoleH-4.2BD.jpg\"><img decoding=\"async\" class=\"alignleft wp-image-1967\" style=\"max-width: 38.4615%; font-style: normal; font-variant-ligatures: normal; font-variant-caps: normal; font-weight: 400; font-size: 16px; font-family: Arial, sans-serif;\" src=\"https:\/\/www.saulaie.com\/blog\/wp-content\/uploads\/2018\/11\/ConsoleH-4.2BD.jpg\" alt=\"\" width=\"215\" height=\"319\" \/><\/a><img decoding=\"async\" class=\"wp-image-2002 alignnone\" style=\"font-style: normal; font-variant-ligatures: normal; font-variant-caps: normal; font-weight: 400; font-size: 16px; font-family: Arial, sans-serif;\" src=\"https:\/\/www.saulaie.com\/blog\/wp-content\/uploads\/2018\/11\/11.jpg\" alt=\"\" width=\"171\" height=\"126\" srcset=\"https:\/\/www.saulaie.com\/blog\/wp-content\/uploads\/2018\/11\/11.jpg 1164w, https:\/\/www.saulaie.com\/blog\/wp-content\/uploads\/2018\/11\/11-450x328.jpg 450w, https:\/\/www.saulaie.com\/blog\/wp-content\/uploads\/2018\/11\/11-620x452.jpg 620w, https:\/\/www.saulaie.com\/blog\/wp-content\/uploads\/2018\/11\/11-768x560.jpg 768w, https:\/\/www.saulaie.com\/blog\/wp-content\/uploads\/2018\/11\/11-940x686.jpg 940w\" sizes=\"(max-width: 171px) 100vw, 171px\" \/><img loading=\"lazy\" decoding=\"async\" class=\"alignnone wp-image-2003\" style=\"max-width: 38.4615%; font-style: normal; font-variant-ligatures: normal; font-variant-caps: normal; font-weight: 400; font-size: 16px; font-family: Arial, sans-serif;\" title=\"Console design bois massif - Collection H\" src=\"https:\/\/www.saulaie.com\/blog\/wp-content\/uploads\/2018\/11\/2.png\" alt=\"\" width=\"171\" height=\"168\" srcset=\"https:\/\/www.saulaie.com\/blog\/wp-content\/uploads\/2018\/11\/2.png 1336w, https:\/\/www.saulaie.com\/blog\/wp-content\/uploads\/2018\/11\/2-450x440.png 450w, https:\/\/www.saulaie.com\/blog\/wp-content\/uploads\/2018\/11\/2-620x606.png 620w, https:\/\/www.saulaie.com\/blog\/wp-content\/uploads\/2018\/11\/2-768x750.png 768w, https:\/\/www.saulaie.com\/blog\/wp-content\/uploads\/2018\/11\/2-940x918.png 940w\" sizes=\"(max-width: 171px) 100vw, 171px\" \/><\/p>\n<p>et la collection Alb\u00e2tre, une ligne sobre et \u00e9l\u00e9gante, plus contemporaine comprenant, entre autres, une belle <a href=\"https:\/\/www.saulaie.com\/fr\/469-table-salle-a-manger\">table de salle-\u00e0-manger<\/a>, une table basse, des tabourets\u2026 De quoi orner joliment les int\u00e9rieurs de chacun.<\/p>\n<p><img loading=\"lazy\" decoding=\"async\" class=\" wp-image-2006 alignleft\" style=\"max-width: 38.4615%; font-style: normal; font-variant-ligatures: normal; font-variant-caps: normal; font-weight: 400; font-size: 16px; font-family: Arial, sans-serif;\" src=\"https:\/\/www.saulaie.com\/blog\/wp-content\/uploads\/2018\/11\/6.png\" alt=\"\" width=\"160\" height=\"215\" \/><a href=\"https:\/\/www.saulaie.com\/fr\/10768-table-extensible-en-chene\"><img loading=\"lazy\" decoding=\"async\" class=\"alignleft wp-image-2010\" src=\"https:\/\/www.saulaie.com\/blog\/wp-content\/uploads\/2018\/11\/5.png\" alt=\"Table de salle \u00e0 manger extensible\" width=\"316\" height=\"217\" srcset=\"https:\/\/www.saulaie.com\/blog\/wp-content\/uploads\/2018\/11\/5.png 1676w, https:\/\/www.saulaie.com\/blog\/wp-content\/uploads\/2018\/11\/5-450x307.png 450w, https:\/\/www.saulaie.com\/blog\/wp-content\/uploads\/2018\/11\/5-620x423.png 620w, https:\/\/www.saulaie.com\/blog\/wp-content\/uploads\/2018\/11\/5-768x524.png 768w\" sizes=\"(max-width: 316px) 100vw, 316px\" \/><\/a><\/p>\n<p><img loading=\"lazy\" decoding=\"async\" class=\"wp-image-1966 alignnone\" src=\"https:\/\/www.saulaie.com\/blog\/wp-content\/uploads\/2018\/11\/grosplantable-5BD.jpg\" alt=\"\" width=\"148\" height=\"218\" \/><\/p>\n<figure id=\"attachment_2514\" aria-describedby=\"caption-attachment-2514\" style=\"width: 673px\" class=\"wp-caption alignnone\"><a href=\"https:\/\/www.saulaie.com\/fr\/10515-table-extensible\"><img loading=\"lazy\" decoding=\"async\" class=\"wp-image-2514\" src=\"https:\/\/www.saulaie.com\/blog\/wp-content\/uploads\/2018\/11\/Ambiance-table-ch\u00eane-fonc\u00e9-et-c\u00e9ramique.jpg\" alt=\"Table extensible bois massif et c\u00e9ramique - collection Alb\u00e2tre\" width=\"673\" height=\"427\" srcset=\"https:\/\/www.saulaie.com\/blog\/wp-content\/uploads\/2018\/11\/Ambiance-table-ch\u00eane-fonc\u00e9-et-c\u00e9ramique.jpg 1378w, https:\/\/www.saulaie.com\/blog\/wp-content\/uploads\/2018\/11\/Ambiance-table-ch\u00eane-fonc\u00e9-et-c\u00e9ramique-450x285.jpg 450w, https:\/\/www.saulaie.com\/blog\/wp-content\/uploads\/2018\/11\/Ambiance-table-ch\u00eane-fonc\u00e9-et-c\u00e9ramique-620x392.jpg 620w, https:\/\/www.saulaie.com\/blog\/wp-content\/uploads\/2018\/11\/Ambiance-table-ch\u00eane-fonc\u00e9-et-c\u00e9ramique-768x486.jpg 768w, https:\/\/www.saulaie.com\/blog\/wp-content\/uploads\/2018\/11\/Ambiance-table-ch\u00eane-fonc\u00e9-et-c\u00e9ramique-940x595.jpg 940w\" sizes=\"(max-width: 673px) 100vw, 673px\" \/><\/a><figcaption id=\"caption-attachment-2514\" class=\"wp-caption-text\">Table extensible bois massif et c\u00e9ramique &#8211; Alb\u00e2tre<\/figcaption><\/figure>\n<h3>De la for\u00eat au mobilier en bois design il n\u2019y a qu\u2019un pas<\/h3>\n<p>La Maison ne laisse rien au hasard pour ce qui concerne le suivi de la production depuis le pr\u00e9l\u00e8vement des grumes de bois dans les massifs forestiers, jusqu&rsquo;\u00e0 la livraison du produit fini de nos clients, en passant par leur transformation dans nos ateliers de production. Certifi\u00e9s par des labels d&rsquo;excellence (PEFC), nos derni\u00e8res collections de tables, tables basses, consoles et autres meubles de cette collection sont toutes produites en <a href=\"https:\/\/www.saulaie.com\/blog\/2022\/08\/09\/bien-entretenir-ses-meubles-en-bois\/\">bois massif<\/a> issues des for\u00eats fran\u00e7aises, et \u00e0 90% des for\u00eats de l&rsquo;ouest de la France. Ces certifications exigeantes attestent du caract\u00e8re durable de l&rsquo;exploitation des ressources foresti\u00e8re et de leur tra\u00e7abilit\u00e9, depuis le massif forestier jusqu&rsquo;aux ateliers artisanaux de transformation du bois.<\/p>\n<p>Tout les essences utilis\u00e9es sont sont nobles \u2013ch\u00eane, noyer, h\u00eatre, fr\u00eane \u2013 et la facture de ce <strong>mobilier design<\/strong> tient d\u2019un savoir-faire artisanal d&rsquo;excellence (tenons mortaise, queue d&rsquo;aronde et autres techniques d&rsquo;assemblage traditionnelles) ainsi que de la combinaison de m\u00e9thodes d&rsquo;assemblages traditionnelles et plus contemporaines. Ces produits sont con\u00e7us d\u00e8s leur design initial de fa\u00e7on \u00e0 permettre aux clients de personnaliser leur finition avec de la c\u00e9ramique ou du cuir. L&rsquo;objectif de la Maison est de rendre des ateliers de production sur-mesure abordables au plus grand nombre, gr\u00e2ce \u00e0 la production locales de mini-s\u00e9ries.<\/p>\n<p>Vive le made in France ou plut\u00f4t, soyons coh\u00e9rents, vive la fabrication fran\u00e7aise ;).<\/p>\n<h2>Des meubles 100% personnalisables, l\u2019assurance de cr\u00e9er un int\u00e9rieur qui vous ressemble\u00a0!<\/h2>\n<p>Au del\u00e0 du suivi et de la qualit\u00e9 de production des produits, Saulaie fait un pas de plus vers la personnalisation des produits en proposant des produits en cuir ou tissu dans une multitude de palettes de couleurs et de mati\u00e8res. L&rsquo;objectif est de permettre \u00e0 chacun \u2013d\u00e9corateur qualifi\u00e9 ou amateur inspir\u00e9- d\u2019imaginer des pi\u00e8ces \u00e0 son go\u00fbt et \u00e0 son image<strong>. <\/strong>Choix du bois, des dimensions, des teintes, des mati\u00e8res (cuir, tissus, pierre et c\u00e9ramique), combinaisons des palettes \u00e0 l\u2019infini, les finitions seront \u00e0 votre go\u00fbt et s\u2019adapteront parfaitement \u00e0 votre besoin et \u00e0 votre caract\u00e8re. La maison est un lieu de vie, o\u00f9 chacun doit pouvoir s&rsquo;exprimer, o\u00f9 se c\u00f4toient les g\u00e9n\u00e9rations, il est donc important pour nous de vous laisser cr\u00e9er des int\u00e9rieurs vivants compatibles avec la diversit\u00e9 des personnes et le tumulte du quotidien.<\/p>\n<h2 style=\"font-style: normal; font-variant-ligatures: normal; font-variant-caps: normal;\"><img loading=\"lazy\" decoding=\"async\" class=\"wp-image-1963 alignleft\" style=\"max-width: 38.4615%;\" src=\"https:\/\/www.saulaie.com\/blog\/wp-content\/uploads\/2018\/11\/FauteuilRouge-3BD.jpg\" alt=\"\" width=\"125\" height=\"183\" \/><\/h2>\n<p><img loading=\"lazy\" decoding=\"async\" class=\"wp-image-2007 alignleft\" src=\"https:\/\/www.saulaie.com\/blog\/wp-content\/uploads\/2018\/11\/7.png\" alt=\"\" width=\"182\" height=\"184\" srcset=\"https:\/\/www.saulaie.com\/blog\/wp-content\/uploads\/2018\/11\/7.png 1512w, https:\/\/www.saulaie.com\/blog\/wp-content\/uploads\/2018\/11\/7-450x456.png 450w, https:\/\/www.saulaie.com\/blog\/wp-content\/uploads\/2018\/11\/7-620x629.png 620w, https:\/\/www.saulaie.com\/blog\/wp-content\/uploads\/2018\/11\/7-768x779.png 768w, https:\/\/www.saulaie.com\/blog\/wp-content\/uploads\/2018\/11\/7-940x953.png 940w\" sizes=\"(max-width: 182px) 100vw, 182px\" \/><img loading=\"lazy\" decoding=\"async\" class=\"wp-image-1970 alignleft\" src=\"https:\/\/www.saulaie.com\/blog\/wp-content\/uploads\/2018\/11\/fauteuilMiddelton-3BD.jpg\" alt=\"\" width=\"124\" height=\"182\" \/><\/p>\n<h2><a href=\"https:\/\/www.saulaie.com\/fr\/10424-pouf\"><img loading=\"lazy\" decoding=\"async\" class=\"alignnone wp-image-2018\" src=\"https:\/\/www.saulaie.com\/blog\/wp-content\/uploads\/2018\/11\/pouf-en-cuir-cognac-chesterfield.jpg\" alt=\"\" width=\"183\" height=\"183\" srcset=\"https:\/\/www.saulaie.com\/blog\/wp-content\/uploads\/2018\/11\/pouf-en-cuir-cognac-chesterfield.jpg 800w, https:\/\/www.saulaie.com\/blog\/wp-content\/uploads\/2018\/11\/pouf-en-cuir-cognac-chesterfield-450x450.jpg 450w, https:\/\/www.saulaie.com\/blog\/wp-content\/uploads\/2018\/11\/pouf-en-cuir-cognac-chesterfield-620x620.jpg 620w, https:\/\/www.saulaie.com\/blog\/wp-content\/uploads\/2018\/11\/pouf-en-cuir-cognac-chesterfield-768x768.jpg 768w\" sizes=\"(max-width: 183px) 100vw, 183px\" \/><\/a><\/h2>\n","protected":false},"excerpt":{"rendered":"<p>Avec l\u2019arriv\u00e9e de l\u2019automne, une fois \u00e9vanoui le tourbillon de la rentr\u00e9e, alors que l\u2019on retrouve avec bonheur les soir\u00e9es fra\u00eeches pass\u00e9es \u00e0 l\u2019int\u00e9rieur, on peut sentir pointer un d\u00e9sir de renouveau. Et si j\u2019osais\u00a0? Changer ce meuble, red\u00e9corer, redonner vie \u00e0 ma maison\u2026 Avant que ne s\u2019installent les premiers frimas de l\u2019hiver quoi de [&hellip;]<\/p>\n","protected":false},"author":2,"featured_media":2030,"comment_status":"open","ping_status":"open","sticky":false,"template":"","format":"standard","meta":{"_seopress_robots_primary_cat":"none","_seopress_titles_title":"Meubles en bois massif made in France pour la nouvelle collection Saulaie","_seopress_titles_desc":"Design ou retro : la nouvelle collection de meubles en bois massif est 100% Mayenne et se d\u00e9cline en ch\u00eane, noyer et h\u00eatre.","_seopress_robots_index":"","_uag_custom_page_level_css":"","footnotes":""},"categories":[24],"tags":[],"class_list":{"0":"post-1999","1":"post","2":"type-post","3":"status-publish","4":"format-standard","5":"has-post-thumbnail","7":"category-actualites-de-la-maison"},"uagb_featured_image_src":{"full":["https:\/\/www.saulaie.com\/blog\/wp-content\/uploads\/2018\/11\/Capture-d\u00d4\u00c7\u00d6e\u2560\u00fccran-2018-11-05-a\u2560\u00c7-12.36.20.png",1635,788,false],"thumbnail":["https:\/\/www.saulaie.com\/blog\/wp-content\/uploads\/2018\/11\/Capture-d\u00d4\u00c7\u00d6e\u2560\u00fccran-2018-11-05-a\u2560\u00c7-12.36.20-450x217.png",150,72,true],"medium":["https:\/\/www.saulaie.com\/blog\/wp-content\/uploads\/2018\/11\/Capture-d\u00d4\u00c7\u00d6e\u2560\u00fccran-2018-11-05-a\u2560\u00c7-12.36.20-620x299.png",300,145,true],"medium_large":["https:\/\/www.saulaie.com\/blog\/wp-content\/uploads\/2018\/11\/Capture-d\u00d4\u00c7\u00d6e\u2560\u00fccran-2018-11-05-a\u2560\u00c7-12.36.20-768x370.png",768,370,true],"large":["https:\/\/www.saulaie.com\/blog\/wp-content\/uploads\/2018\/11\/Capture-d\u00d4\u00c7\u00d6e\u2560\u00fccran-2018-11-05-a\u2560\u00c7-12.36.20-940x453.png",800,386,true],"1536x1536":["https:\/\/www.saulaie.com\/blog\/wp-content\/uploads\/2018\/11\/Capture-d\u00d4\u00c7\u00d6e\u2560\u00fccran-2018-11-05-a\u2560\u00c7-12.36.20.png",1536,740,false],"2048x2048":["https:\/\/www.saulaie.com\/blog\/wp-content\/uploads\/2018\/11\/Capture-d\u00d4\u00c7\u00d6e\u2560\u00fccran-2018-11-05-a\u2560\u00c7-12.36.20.png",1635,788,false],"gform-image-choice-sm":["https:\/\/www.saulaie.com\/blog\/wp-content\/uploads\/2018\/11\/Capture-d\u00d4\u00c7\u00d6e\u2560\u00fccran-2018-11-05-a\u2560\u00c7-12.36.20.png",300,145,false],"gform-image-choice-md":["https:\/\/www.saulaie.com\/blog\/wp-content\/uploads\/2018\/11\/Capture-d\u00d4\u00c7\u00d6e\u2560\u00fccran-2018-11-05-a\u2560\u00c7-12.36.20.png",400,193,false],"gform-image-choice-lg":["https:\/\/www.saulaie.com\/blog\/wp-content\/uploads\/2018\/11\/Capture-d\u00d4\u00c7\u00d6e\u2560\u00fccran-2018-11-05-a\u2560\u00c7-12.36.20.png",600,289,false]},"uagb_author_info":{"display_name":"Maison Saulaie","author_link":"https:\/\/www.saulaie.com\/blog\/author\/dminsaulaie\/"},"uagb_comment_info":0,"uagb_excerpt":"Avec l\u2019arriv\u00e9e de l\u2019automne, une fois \u00e9vanoui le tourbillon de la rentr\u00e9e, alors que l\u2019on retrouve avec bonheur les soir\u00e9es fra\u00eeches pass\u00e9es \u00e0 l\u2019int\u00e9rieur, on peut sentir pointer un d\u00e9sir de renouveau. Et si j\u2019osais\u00a0? Changer ce meuble, red\u00e9corer, redonner vie \u00e0 ma maison\u2026 Avant que ne s\u2019installent les premiers frimas de l\u2019hiver quoi de\u2026","_links":{"self":[{"href":"https:\/\/www.saulaie.com\/blog\/wp-json\/wp\/v2\/posts\/1999","targetHints":{"allow":["GET"]}}],"collection":[{"href":"https:\/\/www.saulaie.com\/blog\/wp-json\/wp\/v2\/posts"}],"about":[{"href":"https:\/\/www.saulaie.com\/blog\/wp-json\/wp\/v2\/types\/post"}],"author":[{"embeddable":true,"href":"https:\/\/www.saulaie.com\/blog\/wp-json\/wp\/v2\/users\/2"}],"replies":[{"embeddable":true,"href":"https:\/\/www.saulaie.com\/blog\/wp-json\/wp\/v2\/comments?post=1999"}],"version-history":[{"count":1,"href":"https:\/\/www.saulaie.com\/blog\/wp-json\/wp\/v2\/posts\/1999\/revisions"}],"predecessor-version":[{"id":7564,"href":"https:\/\/www.saulaie.com\/blog\/wp-json\/wp\/v2\/posts\/1999\/revisions\/7564"}],"wp:featuredmedia":[{"embeddable":true,"href":"https:\/\/www.saulaie.com\/blog\/wp-json\/wp\/v2\/media\/2030"}],"wp:attachment":[{"href":"https:\/\/www.saulaie.com\/blog\/wp-json\/wp\/v2\/media?parent=1999"}],"wp:term":[{"taxonomy":"category","embeddable":true,"href":"https:\/\/www.saulaie.com\/blog\/wp-json\/wp\/v2\/categories?post=1999"},{"taxonomy":"post_tag","embeddable":true,"href":"https:\/\/www.saulaie.com\/blog\/wp-json\/wp\/v2\/tags?post=1999"}],"curies":[{"name":"wp","href":"https:\/\/api.w.org\/{rel}","templated":true}]}}