{"id":1836,"date":"2017-01-26T11:08:05","date_gmt":"2017-01-26T10:08:05","guid":{"rendered":"https:\/\/blog.saulaie.com\/?p=1836"},"modified":"2023-05-16T15:03:14","modified_gmt":"2023-05-16T14:03:14","slug":"le-style-art-deco-prend-un-coup-de-jeune","status":"publish","type":"post","link":"https:\/\/www.saulaie.com\/blog\/le-style-art-deco-prend-un-coup-de-jeune\/","title":{"rendered":"Le style Art d\u00e9co prend un coup de jeune"},"content":{"rendered":"<p style=\"text-align: justify;\">Un air de retour aux ann\u00e9es folles flotte dans l\u2019univers de la d\u00e9coration. Ainsi apr\u00e8s le succ\u00e8s g\u00e9n\u00e9ralis\u00e9 du scandinave, c\u2019est le style Art d\u00e9co qui revient au go\u00fbt du jour, sous le vocable renouvel\u00e9 de \u00ab n\u00e9o Art d\u00e9co\u00a0\u00bb. Voici une nouvelle occasion d&rsquo;enrichir un peu plus votre cadre de vie.<\/p>\n<h2><span style=\"color: #003300;\">Style art d\u00e9co\u00a0: quels traits caract\u00e9ristiques\u00a0?<\/span><\/h2>\n<p style=\"text-align: justify;\">C\u00e9l\u00e8bre pour \u00eatre devenu, au d\u00e9but du 20<sup>e<\/sup> si\u00e8cle, une premi\u00e8re r\u00e9f\u00e9rence artistique\u00a0de renomm\u00e9e et de diffusion mondiale, le <a href=\"https:\/\/www.saulaie.com\/fr\/style-art-deco\">style Art d\u00e9co<\/a> a d\u00e9voil\u00e9, \u00e0 l\u2019occasion de l\u2019exposition universelle de Paris, en 1925, un \u00e9lan cr\u00e9atif moderne h\u00e9rit\u00e9 de l\u2019Art nouveau. Jusqu\u2019aux ann\u00e9es 30, il se d\u00e9marque d&rsquo;abord par son empreinte haut de gamme. Un vocabulaire pr\u00e9cis lui est associ\u00e9\u00a0: ordre, couleur et g\u00e9om\u00e9trie. Les angles vifs, pans coup\u00e9s et les profils convexes sont souvent mis en valeur, pour des raisons esth\u00e9tiques plus que pour des contraintes d\u2019ordre structurel.<\/p>\n<h2><span style=\"color: #003300;\">La s\u00e9lection n\u00e9o Art d\u00e9co Saulaie s\u2019\u00e9toffe<\/span><\/h2>\n<p style=\"text-align: justify;\">Les richesses du style Art d\u00e9co permettent sans aucun doute de cr\u00e9er un univers en totale harmonie avec les crit\u00e8res de cette p\u00e9riode\u00a0: artisanat, qualit\u00e9, mat\u00e9riaux brillants, lignes \u00e9l\u00e9gantes\u2026 Un int\u00e9rieur digne de Gatsby le Magnifique. Mais le style en question pourra aussi bien \u00eatre distill\u00e9, par petites touches, dans diff\u00e9rents univers.<\/p>\n<h3>Des meubles d&rsquo;APPOINT style Art d\u00e9co<\/h3>\n<p><a href=\"https:\/\/www.saulaie.com\/blog\/wp-content\/uploads\/2017\/01\/bout-de-canap\u00e9-art-d\u00e9co.jpg\" target=\"_blank\" rel=\"noopener\"><img fetchpriority=\"high\" decoding=\"async\" class=\"alignleft wp-image-1841\" src=\"https:\/\/www.saulaie.com\/blog\/wp-content\/uploads\/2017\/01\/bout-de-canap\u00e9-art-d\u00e9co-620x620.jpg\" alt=\"Meubles d'appoint style art d\u00e9co\" width=\"237\" height=\"237\" srcset=\"https:\/\/www.saulaie.com\/blog\/wp-content\/uploads\/2017\/01\/bout-de-canap\u00e9-art-d\u00e9co-620x620.jpg 620w, https:\/\/www.saulaie.com\/blog\/wp-content\/uploads\/2017\/01\/bout-de-canap\u00e9-art-d\u00e9co-450x450.jpg 450w, https:\/\/www.saulaie.com\/blog\/wp-content\/uploads\/2017\/01\/bout-de-canap\u00e9-art-d\u00e9co.jpg 800w\" sizes=\"(max-width: 237px) 100vw, 237px\" \/><\/a> <a href=\"https:\/\/www.saulaie.com\/blog\/wp-content\/uploads\/2017\/01\/Bout-de-canap\u00e9-neo-art-d\u00e9co.jpg\" target=\"_blank\" rel=\"noopener\"><img decoding=\"async\" class=\"alignleft wp-image-1842\" src=\"https:\/\/www.saulaie.com\/blog\/wp-content\/uploads\/2017\/01\/Bout-de-canap\u00e9-neo-art-d\u00e9co-620x620.jpg\" alt=\"Bout de canap\u00e9 neo art d\u00e9co\" width=\"238\" height=\"238\" srcset=\"https:\/\/www.saulaie.com\/blog\/wp-content\/uploads\/2017\/01\/Bout-de-canap\u00e9-neo-art-d\u00e9co-620x620.jpg 620w, https:\/\/www.saulaie.com\/blog\/wp-content\/uploads\/2017\/01\/Bout-de-canap\u00e9-neo-art-d\u00e9co-450x450.jpg 450w, https:\/\/www.saulaie.com\/blog\/wp-content\/uploads\/2017\/01\/Bout-de-canap\u00e9-neo-art-d\u00e9co.jpg 800w\" sizes=\"(max-width: 238px) 100vw, 238px\" \/><\/a> <a href=\"https:\/\/www.saulaie.com\/blog\/wp-content\/uploads\/2017\/01\/Table-dappoint-art-d\u00e9co.jpg\" target=\"_blank\" rel=\"noopener\"><img decoding=\"async\" class=\"alignleft wp-image-1843\" src=\"https:\/\/www.saulaie.com\/blog\/wp-content\/uploads\/2017\/01\/Table-dappoint-art-d\u00e9co-620x620.jpg\" alt=\"Table d'appoint art d\u00e9co\" width=\"239\" height=\"239\" srcset=\"https:\/\/www.saulaie.com\/blog\/wp-content\/uploads\/2017\/01\/Table-dappoint-art-d\u00e9co-620x620.jpg 620w, https:\/\/www.saulaie.com\/blog\/wp-content\/uploads\/2017\/01\/Table-dappoint-art-d\u00e9co-450x450.jpg 450w, https:\/\/www.saulaie.com\/blog\/wp-content\/uploads\/2017\/01\/Table-dappoint-art-d\u00e9co.jpg 800w\" sizes=\"(max-width: 239px) 100vw, 239px\" \/><\/a><\/p>\n<p style=\"text-align: justify;\">R\u00e9cemment accessible, la collection Octave propos\u00e9e par la maison Saulaie est caract\u00e9ristique de cette r\u00e9surgence du style Art d\u00e9co. Dans les mois \u00e0 venir, de nouveaux produits viendront ensuite \u00e9toffer la collection. De nouveau mod\u00e8les de <a href=\"https:\/\/www.saulaie.com\/fr\/meuble-art-deco#\">meubles<\/a> seront disponibles. Pour l\u2019heure, les bouts de canap\u00e9 et<strong> tables d\u2019appoint Art d\u00e9co <\/strong>constituent un d\u00e9but de collection. Mot d&rsquo;ordre : \u00e9l\u00e9gance, design \u00e9labor\u00e9, sans \u00eatre envahissant. Le laiton et le verre figurent parmi les mat\u00e9riaux nobles, caract\u00e9ristiques du style Art d\u00e9co, autant que la pr\u00e9sence des dorures. Le bout de canap\u00e9 rond Octave concilie la pr\u00e9sence d\u2019angles vifs et de nombreuses parties arrondies, tandis que les autres mod\u00e8les fondent leur design sur un agencement original de plusieurs cercles. Cette g\u00e9om\u00e9trie, propre au\u00a0style Art d\u00e9co, sert de support \u00e0 des plateaux arrondis, pour la plupart en verre.<\/p>\n<h3>Des objets de d\u00e9coration style Art d\u00e9co<\/h3>\n<p style=\"text-align: justify;\"><a href=\"https:\/\/www.saulaie.com\/blog\/wp-content\/uploads\/2017\/01\/Lampe-art-d\u00e9co-ananas.jpg\" target=\"_blank\" rel=\"noopener\"><img loading=\"lazy\" decoding=\"async\" class=\"alignleft wp-image-1837\" src=\"https:\/\/www.saulaie.com\/blog\/wp-content\/uploads\/2017\/01\/Lampe-art-d\u00e9co-ananas-620x620.jpg\" alt=\"Lampe style n\u00e9o art d\u00e9co\" width=\"153\" height=\"153\" srcset=\"https:\/\/www.saulaie.com\/blog\/wp-content\/uploads\/2017\/01\/Lampe-art-d\u00e9co-ananas-620x620.jpg 620w, https:\/\/www.saulaie.com\/blog\/wp-content\/uploads\/2017\/01\/Lampe-art-d\u00e9co-ananas-450x450.jpg 450w, https:\/\/www.saulaie.com\/blog\/wp-content\/uploads\/2017\/01\/Lampe-art-d\u00e9co-ananas.jpg 800w\" sizes=\"(max-width: 153px) 100vw, 153px\" \/><\/a><a href=\"https:\/\/www.saulaie.com\/blog\/wp-content\/uploads\/2017\/01\/Lampe-art-deco-metal-et-verre.jpg\" target=\"_blank\" rel=\"noopener\"><img loading=\"lazy\" decoding=\"async\" class=\"alignleft wp-image-1838\" src=\"https:\/\/www.saulaie.com\/blog\/wp-content\/uploads\/2017\/01\/Lampe-art-deco-metal-et-verre-620x620.jpg\" alt=\"Lampe style n\u00e9o art d\u00e9co m\u00e9tal et verre \" width=\"153\" height=\"153\" srcset=\"https:\/\/www.saulaie.com\/blog\/wp-content\/uploads\/2017\/01\/Lampe-art-deco-metal-et-verre-620x620.jpg 620w, https:\/\/www.saulaie.com\/blog\/wp-content\/uploads\/2017\/01\/Lampe-art-deco-metal-et-verre-450x450.jpg 450w, https:\/\/www.saulaie.com\/blog\/wp-content\/uploads\/2017\/01\/Lampe-art-deco-metal-et-verre.jpg 800w\" sizes=\"(max-width: 153px) 100vw, 153px\" \/><\/a>Associ\u00e9s aux meubles, les objets de d\u00e9coration typiques du d\u00e9but XXe r\u00e9v\u00e8lent souvent des couleurs et des formes atypiques. Alliance de laiton et de porcelaine, formes de calebasse ou encore d\u2019ananas, les lampes Astr\u00e9e Saulaie se d\u00e9marquent non seulement pas leur aspect mais aussi par leurs coloris\u00a0: jaune, corail\u2026 Sans doute sont-elles davantage h\u00e9rit\u00e9es de l&rsquo;Art nouveau, sur les bases duquel a ensuite \u00e9merg\u00e9 le style Art d\u00e9co, davantage mis en valeur par le mod\u00e8le \u00ab\u00a0Sph\u00e8res\u00a0\u00bb. L\u2019usage dominant du m\u00e9tal associ\u00e9 \u00e0 la verrerie, ainsi que la pr\u00e9dominance des formes g\u00e9ographiques en font une <strong>lampe style Art d\u00e9co<\/strong> typique, repr\u00e9sentative d\u2019un style indissociable des qualificatifs \u00ab\u00a0luxueux\u00a0\u00bb et \u00ab\u00a0moderne\u00a0\u00bb.<\/p>\n","protected":false},"excerpt":{"rendered":"<p>Un air de retour aux ann\u00e9es folles flotte dans l\u2019univers de la d\u00e9coration. Ainsi apr\u00e8s le succ\u00e8s g\u00e9n\u00e9ralis\u00e9 du scandinave, c\u2019est le style Art d\u00e9co qui revient au go\u00fbt du jour, sous le vocable renouvel\u00e9 de \u00ab n\u00e9o Art d\u00e9co\u00a0\u00bb. Voici une nouvelle occasion d&rsquo;enrichir un peu plus votre cadre de vie. Style art d\u00e9co\u00a0: [&hellip;]<\/p>\n","protected":false},"author":6,"featured_media":7046,"comment_status":"open","ping_status":"open","sticky":false,"template":"","format":"standard","meta":{"_seopress_robots_primary_cat":"16","_seopress_titles_title":"","_seopress_titles_desc":"Le style Art d\u00e9co se renouvelle chez Saulaie avec des tables, bouts de canap\u00e9s et des objets de d\u00e9coration pour donner du style \u00e0 votre int\u00e9rieur.","_seopress_robots_index":"","_uag_custom_page_level_css":"","footnotes":""},"categories":[16],"tags":[],"class_list":{"0":"post-1836","1":"post","2":"type-post","3":"status-publish","4":"format-standard","5":"has-post-thumbnail","7":"category-tendances"},"uagb_featured_image_src":{"full":["https:\/\/www.saulaie.com\/blog\/wp-content\/uploads\/2017\/01\/art-deco.jpg",1100,726,false],"thumbnail":["https:\/\/www.saulaie.com\/blog\/wp-content\/uploads\/2017\/01\/art-deco-150x150.jpg",150,150,true],"medium":["https:\/\/www.saulaie.com\/blog\/wp-content\/uploads\/2017\/01\/art-deco-300x198.jpg",300,198,true],"medium_large":["https:\/\/www.saulaie.com\/blog\/wp-content\/uploads\/2017\/01\/art-deco-768x507.jpg",768,507,true],"large":["https:\/\/www.saulaie.com\/blog\/wp-content\/uploads\/2017\/01\/art-deco-1024x676.jpg",800,528,true],"1536x1536":["https:\/\/www.saulaie.com\/blog\/wp-content\/uploads\/2017\/01\/art-deco.jpg",1100,726,false],"2048x2048":["https:\/\/www.saulaie.com\/blog\/wp-content\/uploads\/2017\/01\/art-deco.jpg",1100,726,false],"gform-image-choice-sm":["https:\/\/www.saulaie.com\/blog\/wp-content\/uploads\/2017\/01\/art-deco.jpg",300,198,false],"gform-image-choice-md":["https:\/\/www.saulaie.com\/blog\/wp-content\/uploads\/2017\/01\/art-deco.jpg",400,264,false],"gform-image-choice-lg":["https:\/\/www.saulaie.com\/blog\/wp-content\/uploads\/2017\/01\/art-deco.jpg",600,396,false]},"uagb_author_info":{"display_name":"Edouard de Quatrebarbes","author_link":"https:\/\/www.saulaie.com\/blog\/author\/edouard-de-quatrebarbes\/"},"uagb_comment_info":0,"uagb_excerpt":"Un air de retour aux ann\u00e9es folles flotte dans l\u2019univers de la d\u00e9coration. Ainsi apr\u00e8s le succ\u00e8s g\u00e9n\u00e9ralis\u00e9 du scandinave, c\u2019est le style Art d\u00e9co qui revient au go\u00fbt du jour, sous le vocable renouvel\u00e9 de \u00ab n\u00e9o Art d\u00e9co\u00a0\u00bb. Voici une nouvelle occasion d&rsquo;enrichir un peu plus votre cadre de vie. Style art d\u00e9co\u00a0:\u2026","_links":{"self":[{"href":"https:\/\/www.saulaie.com\/blog\/wp-json\/wp\/v2\/posts\/1836","targetHints":{"allow":["GET"]}}],"collection":[{"href":"https:\/\/www.saulaie.com\/blog\/wp-json\/wp\/v2\/posts"}],"about":[{"href":"https:\/\/www.saulaie.com\/blog\/wp-json\/wp\/v2\/types\/post"}],"author":[{"embeddable":true,"href":"https:\/\/www.saulaie.com\/blog\/wp-json\/wp\/v2\/users\/6"}],"replies":[{"embeddable":true,"href":"https:\/\/www.saulaie.com\/blog\/wp-json\/wp\/v2\/comments?post=1836"}],"version-history":[{"count":2,"href":"https:\/\/www.saulaie.com\/blog\/wp-json\/wp\/v2\/posts\/1836\/revisions"}],"predecessor-version":[{"id":7542,"href":"https:\/\/www.saulaie.com\/blog\/wp-json\/wp\/v2\/posts\/1836\/revisions\/7542"}],"wp:featuredmedia":[{"embeddable":true,"href":"https:\/\/www.saulaie.com\/blog\/wp-json\/wp\/v2\/media\/7046"}],"wp:attachment":[{"href":"https:\/\/www.saulaie.com\/blog\/wp-json\/wp\/v2\/media?parent=1836"}],"wp:term":[{"taxonomy":"category","embeddable":true,"href":"https:\/\/www.saulaie.com\/blog\/wp-json\/wp\/v2\/categories?post=1836"},{"taxonomy":"post_tag","embeddable":true,"href":"https:\/\/www.saulaie.com\/blog\/wp-json\/wp\/v2\/tags?post=1836"}],"curies":[{"name":"wp","href":"https:\/\/api.w.org\/{rel}","templated":true}]}}