{"id":1631,"date":"2018-08-08T18:34:28","date_gmt":"2018-08-08T17:34:28","guid":{"rendered":"https:\/\/blog.saulaie.com\/?p=1631"},"modified":"2023-05-16T15:55:15","modified_gmt":"2023-05-16T14:55:15","slug":"bout-de-canape-le-gout-du-detail","status":"publish","type":"post","link":"https:\/\/www.saulaie.com\/blog\/bout-de-canape-le-gout-du-detail\/","title":{"rendered":"Bout de canap\u00e9 : le go\u00fbt du d\u00e9tail&#8230;"},"content":{"rendered":"<p style=\"text-align: justify;\">Le terme \u00ab\u00a0table d\u2019appoint\u00a0\u00bb, d\u00e9signant un meuble de longue date pl\u00e9biscit\u00e9 pour l\u2019am\u00e9nagement de nos int\u00e9rieurs modernes, n\u2019\u00e9taient-ils pas suffisants\u00a0? Pourquoi le concept r\u00e9cent de bout de <a href=\"https:\/\/www.saulaie.com\/fr\/10400-canape\">canap\u00e9<\/a> a-t-il \u00e9merg\u00e9, au point d\u2019\u00eatre fr\u00e9quemment \u00e9lev\u00e9 au rang de best-seller sur les sites, physiques et num\u00e9riques, de vente de mobilier\u00a0? Si la table d\u2019appoint s\u2019est vu attribuer le vocable \u00ab\u00a0bout de canap\u00e9\u00a0\u00bb, c\u2019est bien que ce nouveau venu a son caract\u00e8re bien \u00e0 lui.<\/p>\n<h2><span style=\"color: #003300;\">Meuble bout de canap\u00e9\u00a0: l\u2019atout d\u00e9co<\/span><\/h2>\n<p style=\"text-align: justify;\">Table basses, consoles, <a href=\"https:\/\/www.saulaie.com\/fr\/10193-table-d-appoint\">table d\u2019appoint<\/a>\u2026 Le panel de \u00ab\u00a0petits meubles\u00a0\u00bb jolis et fonctionnels est d\u00e9j\u00e0 bien fourni. Il faut \u00eatre jusqu\u2019au-boutiste pour ajouter le bout de canap\u00e9. N\u00e9anmoins, comme chacun sait, en d\u00e9coration d\u2019int\u00e9rieur, le succ\u00e8s se joue sur l\u2019agencement de d\u00e9tails.<\/p>\n<h3>Une table d\u2019appoint \u00e0 forte valeur ajout\u00e9e<\/h3>\n<p style=\"text-align: justify;\"><a href=\"https:\/\/www.saulaie.com\/fr\/10193-table-d-appoint\"><img fetchpriority=\"high\" decoding=\"async\" class=\"alignleft wp-image-1632\" src=\"https:\/\/www.saulaie.com\/blog\/wp-content\/uploads\/2016\/11\/Meuble-bout-de-canap\u00e9-La-P\u00e9rouse-620x620.jpg\" alt=\"Bout de canap\u00e9 forme pi\u00e9destal\" width=\"270\" height=\"270\" srcset=\"https:\/\/www.saulaie.com\/blog\/wp-content\/uploads\/2016\/11\/Meuble-bout-de-canap\u00e9-La-P\u00e9rouse-620x620.jpg 620w, https:\/\/www.saulaie.com\/blog\/wp-content\/uploads\/2016\/11\/Meuble-bout-de-canap\u00e9-La-P\u00e9rouse-450x450.jpg 450w, https:\/\/www.saulaie.com\/blog\/wp-content\/uploads\/2016\/11\/Meuble-bout-de-canap\u00e9-La-P\u00e9rouse.jpg 800w\" sizes=\"(max-width: 270px) 100vw, 270px\" \/><\/a>Disposer une <a href=\"https:\/\/www.saulaie.com\/blog\/2022\/08\/10\/quelle-table-basse-pour-un-salon-charmant-et-intemporel\/\">table basse<\/a> en face du canap\u00e9, c\u2019est d\u00e9j\u00e0 jouer sur l\u2019association d\u2019un <strong>meuble d\u2019appoint<\/strong> avec un meuble d\u2019assise. Le principe peut \u00eatre repris avec le bout de canap\u00e9, de taille plus modeste, \u00e0 utiliser non comme le vis-\u00e0-vis du canap\u00e9 mais comme son prolongement. Unit\u00e9 ou contraste, les deux options sont possibles. Du point de vue de la forme, les produits sont l\u00e9gion\u00a0: cube, rond, cylindre, pi\u00e9destal ou encore coffre, pouvant s\u2019adapter aux styles classique, design, industriel, campagnard&#8230; Quant \u00e0 la mati\u00e8re et au coloris, ils peuvent s\u2019accorder avec ceux du canap\u00e9, mais pas n\u00e9cessairement. Une r\u00e9f\u00e9rence au tapis, aux murs ou \u00e0 un autre \u00e9l\u00e9ment de <a href=\"https:\/\/www.saulaie.com\/fr\/table-dappoint-vintage\">mobilier<\/a> pr\u00e9dominant peut s\u2019av\u00e9rer \u00eatre le \u00ab\u00a0petit plus\u00a0\u00bb d\u00e9co qui fera la diff\u00e9rence.<\/p>\n<h3>Bout de canap\u00e9 en bois ou en verre\u00a0: les deux qui font la paire<\/h3>\n<p style=\"text-align: justify;\">La valeur esth\u00e9tique du bout de canap\u00e9 r\u00e9serve encore d\u2019int\u00e9ressantes surprises, si vous respectez l\u2019unit\u00e9 de style. Le succ\u00e8s de ce <strong>petit meuble d\u2019appoint <\/strong>se manifeste aujourd\u2019hui \u00e0 travers l\u2019\u00e9mergence de mod\u00e8les qui s\u2019accordent en tous points avec le canap\u00e9 voisin. Design, mati\u00e8res, coloris\u2026 Du bois si quelques \u00e9l\u00e9ments structurels sont visibles, comme c\u2019est le cas pour de nombreux mod\u00e8les de canap\u00e9s contemporains. Du <a href=\"https:\/\/www.saulaie.com\/fr\/meuble-en-metal\">m\u00e9tal<\/a>, dont peuvent \u00eatre rev\u00eatus ces m\u00eames \u00e9l\u00e9ments structurels, en accord avec les crit\u00e8res esth\u00e9tiques du style industriel. La liste n\u2019est pas exhaustive, mais l\u2019effet est garanti.<\/p>\n<h2><span style=\"color: #003300;\">Table bout de canap\u00e9, pour quels usages\u00a0?<\/span><\/h2>\n<p style=\"text-align: justify;\"><a href=\"https:\/\/www.saulaie.com\/blog\/wp-content\/uploads\/2016\/11\/bout-de-canap\u00e9-coffre-bar.jpg\"><img decoding=\"async\" class=\" size-full wp-image-1633 alignright\" src=\"https:\/\/www.saulaie.com\/blog\/wp-content\/uploads\/2016\/11\/bout-de-canap\u00e9-coffre-bar.jpg\" alt=\"Bout de canap\u00e9 avec rangements\" width=\"458\" height=\"458\" srcset=\"https:\/\/www.saulaie.com\/blog\/wp-content\/uploads\/2016\/11\/bout-de-canap\u00e9-coffre-bar.jpg 458w, https:\/\/www.saulaie.com\/blog\/wp-content\/uploads\/2016\/11\/bout-de-canap\u00e9-coffre-bar-450x450.jpg 450w\" sizes=\"(max-width: 458px) 100vw, 458px\" \/><\/a>Le succ\u00e8s rencontr\u00e9 par le meuble bout de canap\u00e9 ne tient pas seulement aux crit\u00e8res esth\u00e9tiques. Cette table est aussi \u00e9minemment pratique. Confortablement install\u00e9 au fond de son canap\u00e9, n\u2019y a-t-il pas plus grande torture que l\u2019obligation de se lever, pour attraper ou installer les accessoires qui nous font d\u00e9faut\u00a0: livre, lampe, verre, t\u00e9l\u00e9commande\u2026<\/p>\n<p style=\"text-align: justify;\">Ainsi, le bout de canap\u00e9 est non seulement l\u2019atout d\u00e9coration incontournable, mais surtout le support irrempla\u00e7able de nos temps de d\u00e9tente, \u00e0 l\u2019instar du <a href=\"https:\/\/www.saulaie.com\/fr\/10085-bar\">mod\u00e8le coffre bar<\/a> de la s\u00e9lection Saulaie. Nos temps libres et de repos prennent des accents vari\u00e9s. Le <strong>bout de canap\u00e9 avec rangements<\/strong> est donc souvent multifonctionnel\u00a0! Pour la lecture, il accueille les livres, magazines et, en fonction de la luminosit\u00e9, une source d\u2019\u00e9clairage secondaire, la plupart du temps une liseuse. Ce n\u2019est pas tout. Ap\u00e9ritif, th\u00e9, caf\u00e9 trouvent place sur ce support, accessible sans exc\u00e8s de mouvement, ce qui n\u2019est pas le cas de la table basse. Enfin, il \u00e9vitera les fr\u00e9quents \u00e9nervements li\u00e9s \u00e0 la recherche des t\u00e9l\u00e9commandes de la t\u00e9l\u00e9vision ou de la cha\u00eene Hi-Fi. Fini les grandes explorations dans tous les recoins du salon\u00a0!<\/p>\n","protected":false},"excerpt":{"rendered":"<p>Le terme \u00ab\u00a0table d\u2019appoint\u00a0\u00bb, d\u00e9signant un meuble de longue date pl\u00e9biscit\u00e9 pour l\u2019am\u00e9nagement de nos int\u00e9rieurs modernes, n\u2019\u00e9taient-ils pas suffisants\u00a0? Pourquoi le concept r\u00e9cent de bout de canap\u00e9 a-t-il \u00e9merg\u00e9, au point d\u2019\u00eatre fr\u00e9quemment \u00e9lev\u00e9 au rang de best-seller sur les sites, physiques et num\u00e9riques, de vente de mobilier\u00a0? Si la table d\u2019appoint s\u2019est vu [&hellip;]<\/p>\n","protected":false},"author":6,"featured_media":1640,"comment_status":"open","ping_status":"open","sticky":false,"template":"","format":"standard","meta":{"_seopress_robots_primary_cat":"none","_seopress_titles_title":"","_seopress_titles_desc":"","_seopress_robots_index":"","_uag_custom_page_level_css":"","footnotes":""},"categories":[25],"tags":[],"class_list":{"0":"post-1631","1":"post","2":"type-post","3":"status-publish","4":"format-standard","5":"has-post-thumbnail","7":"category-nos-produits-et-astuces"},"uagb_featured_image_src":{"full":["https:\/\/www.saulaie.com\/blog\/wp-content\/uploads\/2016\/11\/Meuble-bout-de-canap\u00e9.png",1200,615,false],"thumbnail":["https:\/\/www.saulaie.com\/blog\/wp-content\/uploads\/2016\/11\/Meuble-bout-de-canap\u00e9-450x231.png",150,77,true],"medium":["https:\/\/www.saulaie.com\/blog\/wp-content\/uploads\/2016\/11\/Meuble-bout-de-canap\u00e9-620x318.png",300,154,true],"medium_large":["https:\/\/www.saulaie.com\/blog\/wp-content\/uploads\/2016\/11\/Meuble-bout-de-canap\u00e9.png",768,394,false],"large":["https:\/\/www.saulaie.com\/blog\/wp-content\/uploads\/2016\/11\/Meuble-bout-de-canap\u00e9-940x482.png",800,410,true],"1536x1536":["https:\/\/www.saulaie.com\/blog\/wp-content\/uploads\/2016\/11\/Meuble-bout-de-canap\u00e9.png",1200,615,false],"2048x2048":["https:\/\/www.saulaie.com\/blog\/wp-content\/uploads\/2016\/11\/Meuble-bout-de-canap\u00e9.png",1200,615,false],"gform-image-choice-sm":["https:\/\/www.saulaie.com\/blog\/wp-content\/uploads\/2016\/11\/Meuble-bout-de-canap\u00e9.png",300,154,false],"gform-image-choice-md":["https:\/\/www.saulaie.com\/blog\/wp-content\/uploads\/2016\/11\/Meuble-bout-de-canap\u00e9.png",400,205,false],"gform-image-choice-lg":["https:\/\/www.saulaie.com\/blog\/wp-content\/uploads\/2016\/11\/Meuble-bout-de-canap\u00e9.png",600,308,false]},"uagb_author_info":{"display_name":"Edouard de Quatrebarbes","author_link":"https:\/\/www.saulaie.com\/blog\/author\/edouard-de-quatrebarbes\/"},"uagb_comment_info":1,"uagb_excerpt":"Le terme \u00ab\u00a0table d\u2019appoint\u00a0\u00bb, d\u00e9signant un meuble de longue date pl\u00e9biscit\u00e9 pour l\u2019am\u00e9nagement de nos int\u00e9rieurs modernes, n\u2019\u00e9taient-ils pas suffisants\u00a0? Pourquoi le concept r\u00e9cent de bout de canap\u00e9 a-t-il \u00e9merg\u00e9, au point d\u2019\u00eatre fr\u00e9quemment \u00e9lev\u00e9 au rang de best-seller sur les sites, physiques et num\u00e9riques, de vente de mobilier\u00a0? Si la table d\u2019appoint s\u2019est vu\u2026","_links":{"self":[{"href":"https:\/\/www.saulaie.com\/blog\/wp-json\/wp\/v2\/posts\/1631","targetHints":{"allow":["GET"]}}],"collection":[{"href":"https:\/\/www.saulaie.com\/blog\/wp-json\/wp\/v2\/posts"}],"about":[{"href":"https:\/\/www.saulaie.com\/blog\/wp-json\/wp\/v2\/types\/post"}],"author":[{"embeddable":true,"href":"https:\/\/www.saulaie.com\/blog\/wp-json\/wp\/v2\/users\/6"}],"replies":[{"embeddable":true,"href":"https:\/\/www.saulaie.com\/blog\/wp-json\/wp\/v2\/comments?post=1631"}],"version-history":[{"count":1,"href":"https:\/\/www.saulaie.com\/blog\/wp-json\/wp\/v2\/posts\/1631\/revisions"}],"predecessor-version":[{"id":7555,"href":"https:\/\/www.saulaie.com\/blog\/wp-json\/wp\/v2\/posts\/1631\/revisions\/7555"}],"wp:featuredmedia":[{"embeddable":true,"href":"https:\/\/www.saulaie.com\/blog\/wp-json\/wp\/v2\/media\/1640"}],"wp:attachment":[{"href":"https:\/\/www.saulaie.com\/blog\/wp-json\/wp\/v2\/media?parent=1631"}],"wp:term":[{"taxonomy":"category","embeddable":true,"href":"https:\/\/www.saulaie.com\/blog\/wp-json\/wp\/v2\/categories?post=1631"},{"taxonomy":"post_tag","embeddable":true,"href":"https:\/\/www.saulaie.com\/blog\/wp-json\/wp\/v2\/tags?post=1631"}],"curies":[{"name":"wp","href":"https:\/\/api.w.org\/{rel}","templated":true}]}}