{"id":1612,"date":"2018-08-16T17:42:48","date_gmt":"2018-08-16T16:42:48","guid":{"rendered":"https:\/\/blog.saulaie.com\/?p=1612"},"modified":"2023-05-16T16:54:44","modified_gmt":"2023-05-16T15:54:44","slug":"style-industriel-chic-du-neuf-avec-de-lancien","status":"publish","type":"post","link":"https:\/\/www.saulaie.com\/blog\/style-industriel-chic-du-neuf-avec-de-lancien\/","title":{"rendered":"Style industriel chic : du neuf avec de l\u2019ancien"},"content":{"rendered":"<p style=\"text-align: justify;\">La<strong> d\u00e9co design industriel<\/strong> a fait \u00e9merger le concept d\u2019Industriel chic. Cette expression, totalement antinomique dans la premi\u00e8re moiti\u00e9 du XXe si\u00e8cle, est devenue progressivement une r\u00e9alit\u00e9. Aujourd\u2019hui, elle exprime un <a href=\"https:\/\/www.saulaie.com\/fr\/style-industriel\">style<\/a> \u00e0 part enti\u00e8re. Le moins que l\u2019on puisse dire, c\u2019est qu\u2019il a le vent en poupe, \u00e0 l\u2019heure o\u00f9 le go\u00fbt pour l\u2019originalit\u00e9 se double d\u2019une qu\u00eate de sobri\u00e9t\u00e9. Design minimaliste et mati\u00e8res brutes comptent aujourd\u2019hui de nombreux adeptes, que le style industriel contribue \u00e0 contenter. Quels sont ses traits caract\u00e9ristiques\u00a0?<\/p>\n<h2><span style=\"color: #003300;\">D\u00e9co industrielle et mati\u00e8res brutes<\/span><\/h2>\n<p style=\"text-align: justify;\">On le sait pl\u00e9biscit\u00e9 par les propri\u00e9taires de loft ou de maisons contemporaines, mais il s\u2019adapte aussi aux lieux de vie \u00e0 l\u2019allure plus traditionnelle, comme certaines maisons de campagne, auxquelles les propri\u00e9taires souhaitent donner un caract\u00e8re singulier. Le <strong>style industriel<\/strong>, en particulier gr\u00e2ce \u00e0 ses coloris sobres et \u00e0 la mise en valeur de la mati\u00e8re, s\u2019ouvre \u00e0 de larges capacit\u00e9s d\u2019associations.<\/p>\n<h3><strong>Le Design industriel est-il aust\u00e8re\u00a0?<a href=\"https:\/\/www.saulaie.com\/blog\/wp-content\/uploads\/2016\/10\/Bureau-design-industriel.jpg\"><img fetchpriority=\"high\" decoding=\"async\" class=\" wp-image-1615 alignright\" src=\"https:\/\/www.saulaie.com\/blog\/wp-content\/uploads\/2016\/10\/Bureau-design-industriel-620x620.jpg\" alt=\"bureau style industriel\" width=\"420\" height=\"420\" srcset=\"https:\/\/www.saulaie.com\/blog\/wp-content\/uploads\/2016\/10\/Bureau-design-industriel-620x620.jpg 620w, https:\/\/www.saulaie.com\/blog\/wp-content\/uploads\/2016\/10\/Bureau-design-industriel-450x450.jpg 450w, https:\/\/www.saulaie.com\/blog\/wp-content\/uploads\/2016\/10\/Bureau-design-industriel.jpg 800w\" sizes=\"(max-width: 420px) 100vw, 420px\" \/><\/a><\/strong><\/h3>\n<p style=\"text-align: justify;\">L\u2019aust\u00e9rit\u00e9 est une remarque souvent formul\u00e9e, concernant le design industriel. Est-il froid, en raison de l\u2019usage pr\u00e9dominant de la mati\u00e8re brute, en particulier le m\u00e9tal, sur lequel dominent les coloris gris acier ou noir\u00a0? Tout d\u00e9pend de son environnement direct, des parois, rideaux et autres pi\u00e8ces d\u2019ameublement qui, sans \u00eatre criards, peuvent envelopper l\u2019ensemble de teintes plus claires. Pour les partisans de ce style <a href=\"https:\/\/www.saulaie.com\/blog\/2017\/09\/14\/deco-style-industriel-quels-accessoires\/\">d\u00e9coratif<\/a>, il n\u2019est pas question d\u2019aust\u00e9rit\u00e9, mais de raffinement. En outre, concernant les meubles de facture r\u00e9cente, on retrouve fr\u00e9quemment l\u2019usage de l\u2019aluminium, pour des fonctions\u00a0tr\u00e8s vari\u00e9s\u00a0: <a href=\"https:\/\/www.saulaie.com\/fr\/720-table-basse#\/style-industriel\"><strong>tables basses en alu<\/strong><\/a>, tables de chevet, consoles ou m\u00eames, bureaux\u2026 A d\u00e9faut d\u2019\u00eatre chaleureuses, les plaques d\u2019aluminium rivet\u00e9es se trouvent \u00eatre particuli\u00e8rement lumineuses. Elles \u00e9quilibrent donc avantageusement des teintes plus sombres.<\/p>\n<h3><strong>Deux modulations du mobilier industriel <\/strong><\/h3>\n<p style=\"text-align: justify;\">Les nombreuses cr\u00e9ations des designers sont marqu\u00e9es par l\u2019accord du m\u00e9tal avec d\u2019autres rev\u00eatements plus chaleureux, comme le bois. Une <a href=\"https:\/\/www.saulaie.com\/fr\/10185-commode#\/style-industriel\"><strong>commode design alu<\/strong><\/a> pr\u00e9sente un potentiel d\u00e9coratif plus \u00e9lev\u00e9 si, en fa\u00e7ade, l\u2019aluminium partage la vedette avec d\u2019\u00e9l\u00e9gants panneaux de bois teint. Pour les meubles d\u2019assise, l\u2019alliance du m\u00e9tal et du cuir a notamment donn\u00e9 naissance \u00e0 une gamme de <a href=\"https:\/\/www.saulaie.com\/fr\/10569-canape-aviateur\">fauteuils et canap\u00e9s club<\/a> nouvelle g\u00e9n\u00e9ration. Rudesse du m\u00e9tal pour le coup d\u2019\u0153il et souplesse du cuir pour le confort\u2026 ces meubles n\u2019ont rien \u00e0 envier \u00e0 leurs glorieux pr\u00e9d\u00e9cesseurs.<\/p>\n<h2><span style=\"color: #003300;\"><strong>Meubles industriels\u00a0: un style efficace\u2026<\/strong><\/span><\/h2>\n<p style=\"text-align: justify;\"><a href=\"https:\/\/www.saulaie.com\/blog\/wp-content\/uploads\/2016\/10\/table-de-chevet-style-industriel.jpg\"><img decoding=\"async\" class=\" wp-image-1614 alignleft\" src=\"https:\/\/www.saulaie.com\/blog\/wp-content\/uploads\/2016\/10\/table-de-chevet-style-industriel-620x620.jpg\" alt=\"table design industriel\" width=\"387\" height=\"387\" srcset=\"https:\/\/www.saulaie.com\/blog\/wp-content\/uploads\/2016\/10\/table-de-chevet-style-industriel-620x620.jpg 620w, https:\/\/www.saulaie.com\/blog\/wp-content\/uploads\/2016\/10\/table-de-chevet-style-industriel-450x450.jpg 450w, https:\/\/www.saulaie.com\/blog\/wp-content\/uploads\/2016\/10\/table-de-chevet-style-industriel.jpg 800w\" sizes=\"(max-width: 387px) 100vw, 387px\" \/><\/a>Aux Etats-Unis, o\u00f9 le style industriel est n\u00e9, dans la premi\u00e8re moiti\u00e9 du XXe si\u00e8cle, Les meubles d\u2019usine utilis\u00e9s pour l\u2019am\u00e9nagement avaient \u00e9t\u00e9 con\u00e7us pour r\u00e9sister et durer, bien avant d\u2019\u00eatre r\u00e9cup\u00e9r\u00e9s et r\u00e9utilis\u00e9s dans les plus beaux int\u00e9rieurs. Mais la solidit\u00e9 est rest\u00e9e une marque de fabrique du style industriel.<\/p>\n<p style=\"text-align: justify;\">Meubles aux <a href=\"https:\/\/www.saulaie.com\/fr\/style-industriel\">formes compactes<\/a>, leur structure est g\u00e9n\u00e9ralement en bois massif, assembl\u00e9e gr\u00e2ce \u00e0 des m\u00e9thodes de fabrication classiques\u00a0: tenons et mortaises. Tout le style industriel tient ensuite \u00e0 l\u2019habillage. La durabilit\u00e9 passe \u00e9galement par un entretien facilit\u00e9, seconde marque de fabrique incontournable\u00a0: sans chichis ni recoins, les meubles industriels sont faciles \u00e0 entretenir. Le m\u00e9tal ne passe pas pour \u00eatre une mati\u00e8re fragile, y-compris les rev\u00eatements en alu, qui se contentent d\u2019une recette simple\u00a0: une petite \u00e9ponge d\u2019eau savonneuse associ\u00e9e \u00e0 un m\u00e9lange de jus de citron\u2026<\/p>\n","protected":false},"excerpt":{"rendered":"<p>La d\u00e9co design industriel a fait \u00e9merger le concept d\u2019Industriel chic. Cette expression, totalement antinomique dans la premi\u00e8re moiti\u00e9 du XXe si\u00e8cle, est devenue progressivement une r\u00e9alit\u00e9. Aujourd\u2019hui, elle exprime un style \u00e0 part enti\u00e8re. Le moins que l\u2019on puisse dire, c\u2019est qu\u2019il a le vent en poupe, \u00e0 l\u2019heure o\u00f9 le go\u00fbt pour l\u2019originalit\u00e9 [&hellip;]<\/p>\n","protected":false},"author":6,"featured_media":1623,"comment_status":"open","ping_status":"open","sticky":false,"template":"","format":"standard","meta":{"_seopress_robots_primary_cat":"none","_seopress_titles_title":"","_seopress_titles_desc":"A quoi ressemble une d\u00e9co r\u00e9ussie avec du style industriel ? Voici les clefs pour ma\u00eetriser au mieux les codes du style industriel chic.","_seopress_robots_index":"","_uag_custom_page_level_css":"","footnotes":""},"categories":[22],"tags":[],"class_list":{"0":"post-1612","1":"post","2":"type-post","3":"status-publish","4":"format-standard","5":"has-post-thumbnail","7":"category-deco-et-art-de-vivre"},"uagb_featured_image_src":{"full":["https:\/\/www.saulaie.com\/blog\/wp-content\/uploads\/2016\/10\/meuble-style-industriel-2.png",1200,615,false],"thumbnail":["https:\/\/www.saulaie.com\/blog\/wp-content\/uploads\/2016\/10\/meuble-style-industriel-2-450x231.png",150,77,true],"medium":["https:\/\/www.saulaie.com\/blog\/wp-content\/uploads\/2016\/10\/meuble-style-industriel-2-620x318.png",300,154,true],"medium_large":["https:\/\/www.saulaie.com\/blog\/wp-content\/uploads\/2016\/10\/meuble-style-industriel-2.png",768,394,false],"large":["https:\/\/www.saulaie.com\/blog\/wp-content\/uploads\/2016\/10\/meuble-style-industriel-2-940x482.png",800,410,true],"1536x1536":["https:\/\/www.saulaie.com\/blog\/wp-content\/uploads\/2016\/10\/meuble-style-industriel-2.png",1200,615,false],"2048x2048":["https:\/\/www.saulaie.com\/blog\/wp-content\/uploads\/2016\/10\/meuble-style-industriel-2.png",1200,615,false],"gform-image-choice-sm":["https:\/\/www.saulaie.com\/blog\/wp-content\/uploads\/2016\/10\/meuble-style-industriel-2.png",300,154,false],"gform-image-choice-md":["https:\/\/www.saulaie.com\/blog\/wp-content\/uploads\/2016\/10\/meuble-style-industriel-2.png",400,205,false],"gform-image-choice-lg":["https:\/\/www.saulaie.com\/blog\/wp-content\/uploads\/2016\/10\/meuble-style-industriel-2.png",600,308,false]},"uagb_author_info":{"display_name":"Edouard de Quatrebarbes","author_link":"https:\/\/www.saulaie.com\/blog\/author\/edouard-de-quatrebarbes\/"},"uagb_comment_info":0,"uagb_excerpt":"La d\u00e9co design industriel a fait \u00e9merger le concept d\u2019Industriel chic. Cette expression, totalement antinomique dans la premi\u00e8re moiti\u00e9 du XXe si\u00e8cle, est devenue progressivement une r\u00e9alit\u00e9. Aujourd\u2019hui, elle exprime un style \u00e0 part enti\u00e8re. Le moins que l\u2019on puisse dire, c\u2019est qu\u2019il a le vent en poupe, \u00e0 l\u2019heure o\u00f9 le go\u00fbt pour l\u2019originalit\u00e9\u2026","_links":{"self":[{"href":"https:\/\/www.saulaie.com\/blog\/wp-json\/wp\/v2\/posts\/1612","targetHints":{"allow":["GET"]}}],"collection":[{"href":"https:\/\/www.saulaie.com\/blog\/wp-json\/wp\/v2\/posts"}],"about":[{"href":"https:\/\/www.saulaie.com\/blog\/wp-json\/wp\/v2\/types\/post"}],"author":[{"embeddable":true,"href":"https:\/\/www.saulaie.com\/blog\/wp-json\/wp\/v2\/users\/6"}],"replies":[{"embeddable":true,"href":"https:\/\/www.saulaie.com\/blog\/wp-json\/wp\/v2\/comments?post=1612"}],"version-history":[{"count":2,"href":"https:\/\/www.saulaie.com\/blog\/wp-json\/wp\/v2\/posts\/1612\/revisions"}],"predecessor-version":[{"id":7560,"href":"https:\/\/www.saulaie.com\/blog\/wp-json\/wp\/v2\/posts\/1612\/revisions\/7560"}],"wp:featuredmedia":[{"embeddable":true,"href":"https:\/\/www.saulaie.com\/blog\/wp-json\/wp\/v2\/media\/1623"}],"wp:attachment":[{"href":"https:\/\/www.saulaie.com\/blog\/wp-json\/wp\/v2\/media?parent=1612"}],"wp:term":[{"taxonomy":"category","embeddable":true,"href":"https:\/\/www.saulaie.com\/blog\/wp-json\/wp\/v2\/categories?post=1612"},{"taxonomy":"post_tag","embeddable":true,"href":"https:\/\/www.saulaie.com\/blog\/wp-json\/wp\/v2\/tags?post=1612"}],"curies":[{"name":"wp","href":"https:\/\/api.w.org\/{rel}","templated":true}]}}