{"id":1451,"date":"2018-08-19T09:34:03","date_gmt":"2018-08-19T08:34:03","guid":{"rendered":"https:\/\/blog.saulaie.com\/?p=1451"},"modified":"2018-08-19T09:34:03","modified_gmt":"2018-08-19T08:34:03","slug":"un-canape-ne-se-choisit-pas-a-la-legere","status":"publish","type":"post","link":"https:\/\/www.saulaie.com\/blog\/un-canape-ne-se-choisit-pas-a-la-legere\/","title":{"rendered":"Un canap\u00e9 ne se choisit pas \u00e0 la l\u00e9g\u00e8re"},"content":{"rendered":"<p>\u00ab\u00a0<em>Un fauteuil m&#8217;embarrasse\u00a0; Un homme l\u00e0-dedans est tout envelopp\u00e9\u00a0; Je ne me trouve bien que dans un canap\u00e9<\/em>\u00a0\u00bb. D\u00e9j\u00e0 au XVIIe si\u00e8cle, l\u2019\u00e9crivain et dramaturge fran\u00e7ais Jean-Fran\u00e7ois Regnard vantait les m\u00e9rites du grand si\u00e8ge \u00e0 dossier.<\/p>\n<p><a href=\"https:\/\/www.saulaie.com\/fr\/10400-canape\">Canap\u00e9 <\/a>d\u2019angle ou canap\u00e9 droit, fixe ou convertible, classique ou contemporain, en cuir ou en tissu\u2026 depuis le XVIIe, plusieurs si\u00e8cles d\u2019innovation ont successivement transform\u00e9 le canap\u00e9. Aujourd\u2019hui, au moment de meubler salon, biblioth\u00e8que ou fumoir, le choix n\u2019est pas forc\u00e9ment des plus ais\u00e9s. Vu le gabarit du meuble et l\u2019investissement qu\u2019il repr\u00e9sente, mieux vaut ne pas se tromper de mod\u00e8le.<\/p>\n<h2><span style=\"color: #003300;\">Choisir son canap\u00e9\u00a0: une vision d\u2019ensemble<\/span><\/h2>\n<p>Quels grands rep\u00e8res vous aideront \u00e0 choisir\u00a0? Quels ajouts contribueront \u00e0 le mettre en valeur\u00a0? Voici quelques \u00e9l\u00e9ments de r\u00e9ponse.<\/p>\n<p>Passons sur les consid\u00e9rations de taille et de proportion (attention \u00e0 la surcharge et au sous-dimensionnement), pour nous concentrer sur les questions de forme et de mati\u00e8re. Canap\u00e9 ancien, <strong>canap\u00e9 design<\/strong> (en cuir ou tissu), <a href=\"https:\/\/www.saulaie.com\/fr\/10369-canape-club\">canap\u00e9 club<\/a> en cuir et <strong>canap\u00e9 scandinave<\/strong> figurent parmi les alternatives connues. Pour bien choisir son canap\u00e9, il est recommand\u00e9 de le consid\u00e9rer dans sa proximit\u00e9 avec d\u2019autres \u00e9l\u00e9ments de votre int\u00e9rieur. En entrant dans un salon (par exemple), l\u2019\u0153il glisse sur une \u00e9tag\u00e8re, une commode, une lampe, les rideaux\u2026 puis sur les coussins du canap\u00e9. Toute une vie que l\u2019on peut imaginer, \u00e0 travers un ensemble harmonieux, subtil dosage d\u2019unit\u00e9 et de contrastes. Rentrons dans le d\u00e9tail des crit\u00e8res pour choisir son canap\u00e9 :<\/p>\n<h3><span style=\"color: #003300;\">Canap\u00e9 et d\u00e9coration, les grands principes<\/span><\/h3>\n<ul>\n<li>Quelle est la luminosit\u00e9 de la pi\u00e8ce (nombre et dimensions des ouvertures, teinte des murs et plafonds)\u00a0? Un \u00e9l\u00e9ment aussi central et volumineux que le canap\u00e9 doit pouvoir, par sa teinte plus ou moins claire, mod\u00e9rer le jour (pi\u00e8ces tr\u00e8s lumineuses) ou, au contraire, le favoriser (pi\u00e8ces plus sombres).<\/li>\n<\/ul>\n<ul>\n<li>Quel est le rev\u00eatement des murs et quel est leur coloris\u00a0? Le grain du textile sur des parois peut appeler un rev\u00eatement d\u2019assise plus lisse (en cuir), pour \u00e9viter un exc\u00e8s de tissu (murs + rideaux +canap\u00e9). Le cuir s\u2019adapte \u00e0 diff\u00e9rents styles\u00a0: <strong>canap\u00e9 club<\/strong> en cuir vieilli plus classique ou en cuir lustr\u00e9 pour une note contemporaine. Certains n\u2019h\u00e9sitent pas \u00e0 aller jusqu\u2019au canap\u00e9 en cuir rouge, pour une touche design.<\/li>\n<\/ul>\n<ul>\n<li>C\u00f4t\u00e9 teintes, face aux rev\u00eatements muraux et rideaux de couleurs chaudes, on pr\u00e9f\u00e8rera un canap\u00e9 aux couleurs neutres (gris, blanc ou beige). Il est aussi souvent recommand\u00e9, dans le cas o\u00f9 canap\u00e9 et rideaux sont d\u2019une couleur identique, d\u2019opter pour une mati\u00e8re diff\u00e9rente et de faire entrer une couleur secondaire dans les rideaux (ou pourquoi pas dans les coussins), qui pourra se retrouver ensuite sur divers accessoires.<\/li>\n<\/ul>\n<h2><span style=\"color: #003300;\">Accessoires pour canap\u00e9\u00a0: ne les n\u00e9gligez pas<\/span><\/h2>\n<p>Consid\u00e9r\u00e9 sous un angle esth\u00e9tique, mais aussi pratique, le canap\u00e9 supporte tr\u00e8s bien la proximit\u00e9 de quelques accessoires. Ils peuvent \u00eatre dispos\u00e9s sur l\u2019assise, sur le dossier ou m\u00eame \u00e0 c\u00f4t\u00e9 du canap\u00e9, apportant une vari\u00e9t\u00e9 de mati\u00e8res et de coloris, mais \u00e9galement un surplus de confort.<\/p>\n<h3><span style=\"color: #003300;\">Plaid et coussins, des couleurs et du moelleux<\/span><\/h3>\n<p><a href=\"https:\/\/www.saulaie.com\/blog\/wp-content\/uploads\/2016\/06\/coussin-canap\u00e9.jpg\"><img fetchpriority=\"high\" decoding=\"async\" class=\" size-full wp-image-1455 alignleft\" src=\"https:\/\/www.saulaie.com\/blog\/wp-content\/uploads\/2016\/06\/coussin-canap\u00e9.jpg\" alt=\"Close up of cushion on sofa background\" width=\"424\" height=\"283\" \/><\/a>Difficile de ne pas \u00e9voquer le coussin, atout pour le confort, mais aussi pour le style, gr\u00e2ce aux effets de contraste, aux effets graphiques ou au m\u00e9lange des couleurs. Dans cette logique, on peut aussi \u00e9voquer le <strong>plaid canap\u00e9<\/strong>, tr\u00e8s \u00e0 la mode. Appr\u00e9ci\u00e9 des plus frileux, qui peuvent s\u2019en couvrir \u00e0 l\u2019occasion de longues soir\u00e9es de discussions, il n\u2019est pas d\u00e9nu\u00e9 d\u2019int\u00e9r\u00eat sur le plan d\u00e9coratif\u00a0: le plaid est en effet au dossier du canap\u00e9 ce que le coussin est \u00e0 l\u2019assise\u00a0! Un drap\u00e9 sur la partie verticale, d\u00e9bordant \u00e0 l\u2019horizontale, sur l\u2019assise, peut-\u00eatre du meilleur effet.<\/p>\n<h3><span style=\"color: #003300;\">Bout de canap\u00e9, le compl\u00e9ment indispensable<\/span><\/h3>\n<p>Les accessoires pour canap\u00e9 peuvent aussi occuper son voisinage imm\u00e9diat, tel le bout de canap\u00e9, tr\u00e8s en vogue. Les fabricants sont de plus en plus nombreux \u00e0 proposer un petit appendice pratique, parfaitement assorti au meuble d\u2019assise. Une occasion r\u00eav\u00e9e d\u2019enrichir le mobilier d\u2019une pi\u00e8ce\u2026 et sa d\u00e9coration. Lampes, vide-poche, dessous de verre et bibelot peuvent avantageusement y trouver leur place, comme \u00e9l\u00e9ments de d\u00e9coration, mais aussi pour les divers usages dont profiteront les usagers du canap\u00e9. Une installation harmonieuse et agr\u00e9able, qui ne pourra que les encourager \u00e0 prolonger chaque moment de d\u00e9tente.<\/p>\n","protected":false},"excerpt":{"rendered":"<p>\u00ab\u00a0Un fauteuil m&#8217;embarrasse\u00a0; Un homme l\u00e0-dedans est tout envelopp\u00e9\u00a0; Je ne me trouve bien que dans un canap\u00e9\u00a0\u00bb. D\u00e9j\u00e0 au XVIIe si\u00e8cle, l\u2019\u00e9crivain et dramaturge fran\u00e7ais Jean-Fran\u00e7ois Regnard vantait les m\u00e9rites du grand si\u00e8ge \u00e0 dossier. Canap\u00e9 d\u2019angle ou canap\u00e9 droit, fixe ou convertible, classique ou contemporain, en cuir ou en tissu\u2026 depuis le XVIIe, [&hellip;]<\/p>\n","protected":false},"author":6,"featured_media":2087,"comment_status":"open","ping_status":"open","sticky":false,"template":"","format":"standard","meta":{"_seopress_robots_primary_cat":"","_seopress_titles_title":"","_seopress_titles_desc":"Canap\u00e9 d\u2019angle ou canap\u00e9 droit, fixe ou modulable, classique ou contemporain, en cuir ou en tissu : comment trouver le canap\u00e9 parfait pour votre int\u00e9rieur.","_seopress_robots_index":"","_uag_custom_page_level_css":"","footnotes":""},"categories":[22],"tags":[],"class_list":{"0":"post-1451","1":"post","2":"type-post","3":"status-publish","4":"format-standard","5":"has-post-thumbnail","7":"category-deco-et-art-de-vivre"},"uagb_featured_image_src":{"full":["https:\/\/www.saulaie.com\/blog\/wp-content\/uploads\/2018\/08\/canape-gris.jpg",1329,889,false],"thumbnail":["https:\/\/www.saulaie.com\/blog\/wp-content\/uploads\/2018\/08\/canape-gris-450x301.jpg",150,100,true],"medium":["https:\/\/www.saulaie.com\/blog\/wp-content\/uploads\/2018\/08\/canape-gris-620x415.jpg",300,201,true],"medium_large":["https:\/\/www.saulaie.com\/blog\/wp-content\/uploads\/2018\/08\/canape-gris-768x514.jpg",768,514,true],"large":["https:\/\/www.saulaie.com\/blog\/wp-content\/uploads\/2018\/08\/canape-gris-940x629.jpg",800,535,true],"1536x1536":["https:\/\/www.saulaie.com\/blog\/wp-content\/uploads\/2018\/08\/canape-gris.jpg",1329,889,false],"2048x2048":["https:\/\/www.saulaie.com\/blog\/wp-content\/uploads\/2018\/08\/canape-gris.jpg",1329,889,false],"gform-image-choice-sm":["https:\/\/www.saulaie.com\/blog\/wp-content\/uploads\/2018\/08\/canape-gris.jpg",300,201,false],"gform-image-choice-md":["https:\/\/www.saulaie.com\/blog\/wp-content\/uploads\/2018\/08\/canape-gris.jpg",400,268,false],"gform-image-choice-lg":["https:\/\/www.saulaie.com\/blog\/wp-content\/uploads\/2018\/08\/canape-gris.jpg",600,401,false]},"uagb_author_info":{"display_name":"Edouard de Quatrebarbes","author_link":"https:\/\/www.saulaie.com\/blog\/author\/edouard-de-quatrebarbes\/"},"uagb_comment_info":0,"uagb_excerpt":"\u00ab\u00a0Un fauteuil m&#8217;embarrasse\u00a0; Un homme l\u00e0-dedans est tout envelopp\u00e9\u00a0; Je ne me trouve bien que dans un canap\u00e9\u00a0\u00bb. D\u00e9j\u00e0 au XVIIe si\u00e8cle, l\u2019\u00e9crivain et dramaturge fran\u00e7ais Jean-Fran\u00e7ois Regnard vantait les m\u00e9rites du grand si\u00e8ge \u00e0 dossier. Canap\u00e9 d\u2019angle ou canap\u00e9 droit, fixe ou convertible, classique ou contemporain, en cuir ou en tissu\u2026 depuis le XVIIe,\u2026","_links":{"self":[{"href":"https:\/\/www.saulaie.com\/blog\/wp-json\/wp\/v2\/posts\/1451","targetHints":{"allow":["GET"]}}],"collection":[{"href":"https:\/\/www.saulaie.com\/blog\/wp-json\/wp\/v2\/posts"}],"about":[{"href":"https:\/\/www.saulaie.com\/blog\/wp-json\/wp\/v2\/types\/post"}],"author":[{"embeddable":true,"href":"https:\/\/www.saulaie.com\/blog\/wp-json\/wp\/v2\/users\/6"}],"replies":[{"embeddable":true,"href":"https:\/\/www.saulaie.com\/blog\/wp-json\/wp\/v2\/comments?post=1451"}],"version-history":[{"count":0,"href":"https:\/\/www.saulaie.com\/blog\/wp-json\/wp\/v2\/posts\/1451\/revisions"}],"wp:featuredmedia":[{"embeddable":true,"href":"https:\/\/www.saulaie.com\/blog\/wp-json\/wp\/v2\/media\/2087"}],"wp:attachment":[{"href":"https:\/\/www.saulaie.com\/blog\/wp-json\/wp\/v2\/media?parent=1451"}],"wp:term":[{"taxonomy":"category","embeddable":true,"href":"https:\/\/www.saulaie.com\/blog\/wp-json\/wp\/v2\/categories?post=1451"},{"taxonomy":"post_tag","embeddable":true,"href":"https:\/\/www.saulaie.com\/blog\/wp-json\/wp\/v2\/tags?post=1451"}],"curies":[{"name":"wp","href":"https:\/\/api.w.org\/{rel}","templated":true}]}}